{"id":24694,"date":"2026-02-04T11:49:32","date_gmt":"2026-02-04T14:49:32","guid":{"rendered":"https:\/\/grandepremio.com\/br\/blogs\/sem-autor\/noticias\/anuncie-aqui-6\/"},"modified":"2026-02-04T11:49:33","modified_gmt":"2026-02-04T14:49:33","slug":"anuncie-aqui-6","status":"publish","type":"42wp_blog","link":"https:\/\/grandepremio.com\/br\/blogs\/flavio-gomes\/noticias\/anuncie-aqui-6\/","title":{"rendered":"ANUNCIE AQUI"},"content":{"rendered":"\n<figure class=\"wp-block-gallery has-nested-images columns-default is-cropped wp-block-gallery-1 is-layout-flex wp-block-gallery-is-layout-flex\">\n<figure class=\"wp-block-image size-large\"><img decoding=\"async\" data-id=\"205226\" src=\"https:\/\/grandepremio.com\/wp-content\/uploads\/2026\/02\/procat.jpg\" alt=\"\" class=\"wp-image-205226\"\/><\/figure>\n\n\n\n<figure class=\"wp-block-image size-large\"><img decoding=\"async\" data-id=\"205225\" src=\"https:\/\/grandepremio.com\/wp-content\/uploads\/2026\/02\/pat2026b.jpg\" alt=\"\" class=\"wp-image-205225\"\/><\/figure>\n<\/figure>\n\n\n\n<p class=\"wp-block-paragraph\"><strong>S\u00c3O PAULO<\/strong><em> (agora quero ver&#8230;) <\/em>&#8211; Muito bem. Daqui a duas semanas come\u00e7a a temporada do Campeonato Paulista e l\u00e1 vamos n\u00f3s defender o t\u00edtulo na Cl\u00e1ssicos de Competi\u00e7\u00e3o. No \u00faltimo dia 23, antes das Mil Milhas, houve a cerim\u00f4nia de premia\u00e7\u00e3o de 2025 e a\u00ed est\u00e1, na foto da esquerda, meu trof\u00e9u. A foto foi tirada no paddock de Interlagos, na \u00e1rea superior, onde houve uma exposi\u00e7\u00e3o de carros cl\u00e1ssicos de corrida. Meu Gol #96, fabricado em 1996, j\u00e1 entra nessa categoria e fiquei muito honrado de v\u00ea-lo escolhido para ficar exposto entre Alfas, carreteiras, prot\u00f3tipos, DKWs e muitos outros que fizeram hist\u00f3ria de verdade nas pistas.<\/p>\n\n\n\n<p class=\"wp-block-paragraph\">Chegou a hora de ir atr\u00e1s de patrocinadores. Minha esperan\u00e7a \u00e9 que algu\u00e9m aqui tenha empresa e esteja disposto a participar da campanha deste ano &#8212; e, assim, devolver ao automobilismo o prazer que ele lhe d\u00e1. <\/p>\n\n\n\n<p class=\"wp-block-paragraph\">O carro foi para a exposi\u00e7\u00e3o com os patrocinadores de 2025 e agora est\u00e1 pelado. Os espa\u00e7os s\u00e3o esses designados de 1 a 13 no desenho da direita. Para saber os valores, \u00e9 s\u00f3 <a href=\"https:\/\/www.catarse.me\/Gol96\" target=\"_blank\" rel=\"noreferrer noopener\">entrar aqui, no Catarse<\/a>. S\u00e3o quase irris\u00f3rios, \u00e0s vezes fico at\u00e9 com vergonha de dizer quanto custa um patroc\u00ednio mensal para meu carro de corrida, mas est\u00e3o dentro da realidade da categoria da qual participo. E \u00e9 uma chance legal de ver sua marca num carro que tem m\u00eddia, cujo piloto \u00e9 famoso (eu!) e vai divulgar muito sua imagem! <\/p>\n\n\n\n<p class=\"wp-block-paragraph\">Se quiserem falar direto comigo sobre patroc\u00ednio, pode ser por e-mail, tamb\u00e9m: flaviogomes@warmup.com.br. Estou dando uma profissionalizada nesse neg\u00f3cio, porque fazer tudo do jeito informal que sempre fiz acaba n\u00e3o dando certo&#8230; Conto com voc\u00eas, leitores queridos! Se tiverem amigos empres\u00e1rios, recrutem-nos!<\/p>\n\n\n\n<iframe loading=\"lazy\" width=\"1013\" height=\"570\" src=\"https:\/\/www.youtube.com\/embed\/PcqQ-nqmcmw\" title=\"\u00c9 CAMPE\u00c3O!\" frameborder=\"0\" allow=\"accelerometer; autoplay; clipboard-write; encrypted-media; gyroscope; picture-in-picture; web-share\" referrerpolicy=\"strict-origin-when-cross-origin\" allowfullscreen><\/iframe>\n","protected":false},"excerpt":{"rendered":"<p>S\u00c3O PAULO (agora quero ver&#8230;) &#8211; Muito bem. Daqui a duas semanas come\u00e7a a temporada do Campeonato Paulista e l\u00e1 vamos n\u00f3s defender o t\u00edtulo na Cl\u00e1ssicos de Competi\u00e7\u00e3o. No \u00faltimo dia 23, antes das Mil Milhas, houve a cerim\u00f4nia de premia\u00e7\u00e3o de 2025 e a\u00ed est\u00e1, na foto da esquerda, meu trof\u00e9u. A foto [&hellip;]<\/p>\n","protected":false},"featured_media":1020305225,"comment_status":"closed","ping_status":"closed","template":"","meta":{"42wp_featured_image_caption":"","42wp_featured_image_credits":"","42wp_featured_video":"","42wp_featured_image_hidden":false,"footnotes":""},"categories":[1],"tags":[25779],"42wp_author":[47111],"class_list":["post-24694","42wp_blog","type-42wp_blog","status-publish","has-post-thumbnail","hentry","category-noticias","tag-patrocinio","42wp_author-flavio-gomes"],"_links":{"self":[{"href":"https:\/\/grandepremio.com\/br\/wp-json\/wp\/v2\/42wp_blog\/24694","targetHints":{"allow":["GET"]}}],"collection":[{"href":"https:\/\/grandepremio.com\/br\/wp-json\/wp\/v2\/42wp_blog"}],"about":[{"href":"https:\/\/grandepremio.com\/br\/wp-json\/wp\/v2\/types\/42wp_blog"}],"replies":[{"embeddable":true,"href":"https:\/\/grandepremio.com\/br\/wp-json\/wp\/v2\/comments?post=24694"}],"version-history":[{"count":1,"href":"https:\/\/grandepremio.com\/br\/wp-json\/wp\/v2\/42wp_blog\/24694\/revisions"}],"predecessor-version":[{"id":24695,"href":"https:\/\/grandepremio.com\/br\/wp-json\/wp\/v2\/42wp_blog\/24694\/revisions\/24695"}],"wp:featuredmedia":[{"embeddable":true,"href":"https:\/\/grandepremio.com\/br\/wp-json\/wp\/v2\/media\/1020305225"}],"wp:attachment":[{"href":"https:\/\/grandepremio.com\/br\/wp-json\/wp\/v2\/media?parent=24694"}],"wp:term":[{"taxonomy":"category","embeddable":true,"href":"https:\/\/grandepremio.com\/br\/wp-json\/wp\/v2\/categories?post=24694"},{"taxonomy":"post_tag","embeddable":true,"href":"https:\/\/grandepremio.com\/br\/wp-json\/wp\/v2\/tags?post=24694"},{"taxonomy":"42wp_author","embeddable":true,"href":"https:\/\/grandepremio.com\/br\/wp-json\/wp\/v2\/42wp_author?post=24694"}],"curies":[{"name":"wp","href":"https:\/\/api.w.org\/{rel}","templated":true}]}}