{"id":24715,"date":"2026-01-28T19:11:09","date_gmt":"2026-01-28T22:11:09","guid":{"rendered":"https:\/\/grandepremio.com\/br\/blogs\/sem-autor\/noticias\/we-have-a-problem-3\/"},"modified":"2026-01-28T19:15:04","modified_gmt":"2026-01-28T22:15:04","slug":"we-have-a-problem-3","status":"publish","type":"42wp_blog","link":"https:\/\/grandepremio.com\/br\/blogs\/flavio-gomes\/f1\/we-have-a-problem-3\/","title":{"rendered":"WE HAVE A PROBLEM (3)"},"content":{"rendered":"\n<figure class=\"wp-block-image size-large\"><img decoding=\"async\" src=\"https:\/\/grandepremio.com\/wp-content\/uploads\/2026\/01\/mcl2666-1024x683.jpg\" alt=\"\" class=\"wp-image-205171\"\/><figcaption class=\"wp-element-caption\">Norris com o n\u00famero 1: pintura provis\u00f3ria<\/figcaption><\/figure>\n\n\n\n<p class=\"wp-block-paragraph\"><strong>S\u00c3O PAULO <\/strong><em>(vai indo&#8230;)<\/em> &#8211; Barcelona, dia #3, presentes: McLaren, Alpine, Mercedes, Audi, Haas e Vai no D\u00e9bito Mesmo. Ausentes: Aston Martin (ainda n\u00e3o andou), Red Bull, Ferrari e Cadillac. Nem apareceu: Williams. <\/p>\n\n\n\n<p class=\"wp-block-paragraph\">\u00c9 s\u00f3 um balan\u00e7o dos 11 times para a gente sempre ter em mente quem est\u00e1 fazendo o qu\u00ea. A McLaren colocou seu carro na pista pela primeira vez com o campe\u00e3o Lando Norris ostentando o n\u00famero 1 no bico, algo que o time n\u00e3o fazia desde 2010 com Jenson Button &#8212; campe\u00e3o na temporada anterior pela extinta Brawn. <\/p>\n\n\n\n<p class=\"wp-block-paragraph\">Pela cronometragem <a href=\"https:\/\/www.grandepremio.com\/br\/f1\/noticias\/andrea-kimi-antonelli-crava-melhor-tempo-pre-temporada-lidera-dia-3-testes-f1-barcelona\/\" target=\"_blank\" rel=\"noreferrer noopener\">extra-oficial<\/a>, porque nenhuma equipe est\u00e1 divulgando tempos, tampouco FIA ou Liberty, Kimi Antonelli foi o mais r\u00e1pido hoje com 1min17s382. A Mercedes andou com seus dois pilotos. O mesmo fez a Alpine, com Pierre Gasly e Franco Colapinto. George Russell, da Mercedes, pegou o asfalto a 2\u00b0C e falou que nunca andou sobre algo t\u00e3o frio na vida. O dia teve at\u00e9 sol, mas a temperatura n\u00e3o passou dos 11\u00b0C. (Venham para Jacarepagu\u00e1 da pr\u00f3xima vez, aqui faz sol e calor e tem caipirinha.)<\/p>\n\n\n\n<p class=\"wp-block-paragraph\">Na Audi, o respons\u00e1vel pelos trabalhos hoje foi Nico H\u00fclkenberg. Na Cr\u00e9dito ou D\u00e9bito?, Arvid Lindblad. Na Haas, Oliver Bearman. A Mercedes comemorou o fato de ter completado 183 voltas hoje. No total, contando o que andou anteontem, j\u00e1 s\u00e3o 334 sem maiores intercorr\u00eancias. \u00c9 disso que se trata neste come\u00e7o de temporada: confiabilidade. <\/p>\n\n\n\n<p class=\"wp-block-paragraph\">Faltam dois dias para o fim da &#8220;Shakedown week&#8221;. A equipe alem\u00e3 pode escolher quando voltar \u00e0 pista, amanh\u00e3 ou depois. J\u00e1 andou em duas sess\u00f5es e cada time pode faz\u00ea-lo em apenas tr\u00eas dos cinco dias previstos. Espera-se que a Aston Martin d\u00ea as caras &#8212; todo mundo quer ver o primeiro projeto autoral de Adrian Newey no novo time. Ferrari, McLaren e Cadillac podem andar nos dois dias e a Red Bull ter\u00e1 de decidir se vai na quinta ou na sexta, como a Mercedes.<\/p>\n\n\n\n<p class=\"wp-block-paragraph\">&#8220;Nossa, voc\u00ea n\u00e3o sabe nada sobre desempenho, quem vai andar melhor, quem vai ganhar o campeonato, quem est\u00e1 se ferrando?&#8221; N\u00e3o, n\u00e3o sei.<\/p>\n","protected":false},"excerpt":{"rendered":"<p>S\u00c3O PAULO (vai indo&#8230;) &#8211; Barcelona, dia #3, presentes: McLaren, Alpine, Mercedes, Audi, Haas e Vai no D\u00e9bito Mesmo. Ausentes: Aston Martin (ainda n\u00e3o andou), Red Bull, Ferrari e Cadillac. Nem apareceu: Williams. \u00c9 s\u00f3 um balan\u00e7o dos 11 times para a gente sempre ter em mente quem est\u00e1 fazendo o qu\u00ea. A McLaren colocou [&hellip;]<\/p>\n","protected":false},"featured_media":1020305171,"comment_status":"closed","ping_status":"closed","template":"","meta":{"42wp_featured_image_caption":"","42wp_featured_image_credits":"","42wp_featured_video":"","42wp_featured_image_hidden":false,"footnotes":""},"categories":[2],"tags":[304,44045],"42wp_author":[47111],"class_list":["post-24715","42wp_blog","type-42wp_blog","status-publish","has-post-thumbnail","hentry","category-f1","tag-barcelona","tag-pre-temporada-2026","42wp_author-flavio-gomes"],"_links":{"self":[{"href":"https:\/\/grandepremio.com\/br\/wp-json\/wp\/v2\/42wp_blog\/24715","targetHints":{"allow":["GET"]}}],"collection":[{"href":"https:\/\/grandepremio.com\/br\/wp-json\/wp\/v2\/42wp_blog"}],"about":[{"href":"https:\/\/grandepremio.com\/br\/wp-json\/wp\/v2\/types\/42wp_blog"}],"replies":[{"embeddable":true,"href":"https:\/\/grandepremio.com\/br\/wp-json\/wp\/v2\/comments?post=24715"}],"version-history":[{"count":1,"href":"https:\/\/grandepremio.com\/br\/wp-json\/wp\/v2\/42wp_blog\/24715\/revisions"}],"predecessor-version":[{"id":24717,"href":"https:\/\/grandepremio.com\/br\/wp-json\/wp\/v2\/42wp_blog\/24715\/revisions\/24717"}],"wp:featuredmedia":[{"embeddable":true,"href":"https:\/\/grandepremio.com\/br\/wp-json\/wp\/v2\/media\/1020305171"}],"wp:attachment":[{"href":"https:\/\/grandepremio.com\/br\/wp-json\/wp\/v2\/media?parent=24715"}],"wp:term":[{"taxonomy":"category","embeddable":true,"href":"https:\/\/grandepremio.com\/br\/wp-json\/wp\/v2\/categories?post=24715"},{"taxonomy":"post_tag","embeddable":true,"href":"https:\/\/grandepremio.com\/br\/wp-json\/wp\/v2\/tags?post=24715"},{"taxonomy":"42wp_author","embeddable":true,"href":"https:\/\/grandepremio.com\/br\/wp-json\/wp\/v2\/42wp_author?post=24715"}],"curies":[{"name":"wp","href":"https:\/\/api.w.org\/{rel}","templated":true}]}}