{"id":24798,"date":"2025-12-01T21:34:46","date_gmt":"2025-12-02T00:34:46","guid":{"rendered":"https:\/\/grandepremio.com\/br\/blogs\/sem-autor\/noticias\/sobre-ontem-a-tarde-39\/"},"modified":"2025-12-02T00:41:03","modified_gmt":"2025-12-02T03:41:03","slug":"sobre-ontem-a-tarde-39","status":"publish","type":"42wp_blog","link":"https:\/\/grandepremio.com\/br\/blogs\/flavio-gomes\/f1\/sobre-ontem-a-tarde-39\/","title":{"rendered":"SOBRE ONTEM \u00c0 TARDE"},"content":{"rendered":"\n<p class=\"has-text-align-center has-white-color has-text-color has-background has-medium-font-size wp-block-paragraph\" style=\"background-color:#aa0707\"><strong>A IMAGEM DA CORRIDA<\/strong><\/p>\n\n\n\n<figure class=\"wp-block-image size-full\"><img decoding=\"async\" src=\"https:\/\/grandepremio.com\/wp-content\/uploads\/2025\/12\/XPB_1389261_HiRes.jpg\" alt=\"\" class=\"wp-image-204778\"\/><figcaption class=\"wp-element-caption\">Cad\u00ea todo mundo?<\/figcaption><\/figure>\n\n\n\n<p class=\"wp-block-paragraph\"><strong>S\u00c3O PAULO<\/strong> <em>(apostas?)<\/em> &#8211; Ontem no <strong>F\u00d3RMULA GOMES<\/strong>, tradicional programa do <a href=\"https:\/\/youtu.be\/wJenHA7dylI\" target=\"_blank\" rel=\"noreferrer noopener\">YouTube<\/a> que concentra as maiores audi\u00eancias da internet, um rapaz me alertou para o fato de que em 2010, na Ferrari, o engenheiro de Fernando Alonso era Andrea Stella. Voc\u00eas se lembram, El Fod\u00f3n chegou a Abu Dhabi com 246 pontos, contra 238 de Mark Webber e 231 de Sebastian Vettel, a dupla da Red Bull. Alonso, por n\u00e3o parar para trocar pneus no come\u00e7o da corrida &#8212; se bem me lembro, teve um safety-car e ele ficou na pista, mas posso estar enganado e n\u00e3o vou ver o videoteipe &#8211;, voltou no tr\u00e1fego depois de seu pit stop e empacou por 500 voltas atr\u00e1s do lindo Renault patrocinado pela Lada de Vitaly Petrov. Terminou em s\u00e9timo. Ti\u00e3o Alem\u00e3o ganhou e foi o campe\u00e3o. <\/p>\n\n\n\n<p class=\"wp-block-paragraph\">O espanhol tinha largado em terceiro. Seu companheiro Felipe Massa partiu de sexto no grid e acabou em d\u00e9cimo. O chefe da Ferrari era Stefano Domenicali, hoje CEO da F\u00f3rmula 1. Stella est\u00e1 na McLaren e \u00e9 o cara que cuida das estrat\u00e9gias da equipe, porque Zak Brown s\u00f3 sabe dar &#8220;give me five&#8221;.<\/p>\n\n\n\n<p class=\"wp-block-paragraph\">Se eu fosse o Lando Norris, estaria preocupado, agora.<\/p>\n\n\n\n<figure class=\"wp-block-gallery has-nested-images columns-default is-cropped wp-block-gallery-1 is-layout-flex wp-block-gallery-is-layout-flex\">\n<figure class=\"wp-block-image size-large\"><a href=\"https:\/\/grandepremio.com\/wp-content\/uploads\/2025\/12\/482988119_9097876153665295_7559037860754582226_n.jpg\" target=\"_blank\" rel=\"noopener\"><img decoding=\"async\" data-id=\"204784\" src=\"https:\/\/grandepremio.com\/wp-content\/uploads\/2025\/12\/482988119_9097876153665295_7559037860754582226_n-1024x683.jpg\" alt=\"\" class=\"wp-image-204784\"\/><\/a><\/figure>\n\n\n\n<figure class=\"wp-block-image size-large\"><a href=\"https:\/\/grandepremio.com\/wp-content\/uploads\/2025\/12\/nr0om63i.jpg\" target=\"_blank\" rel=\"noopener\"><img decoding=\"async\" data-id=\"204791\" src=\"https:\/\/grandepremio.com\/wp-content\/uploads\/2025\/12\/nr0om63i.jpg\" alt=\"\" class=\"wp-image-204791\"\/><\/a><\/figure>\n<figcaption class=\"blocks-gallery-caption wp-element-caption\">Petrov x Alonso em 2010, Hulk ontem: momentos decisivos<\/figcaption><\/figure>\n\n\n\n<p class=\"wp-block-paragraph\">A primeira foto l\u00e1 do alto \u00e9 a escolhida como imagem mais importante do GP do Catar porque retrata o erro crasso da equipe papaia ao n\u00e3o chamar seus pilotos para trocar pneus na s\u00e9tima volta, quando o safety-car foi acionado para recolher os restos mortais de Nico H\u00fclkenberg. O alem\u00e3o rodou depois de um toque em Pierre Gasly e espalhou peda\u00e7os de isopor pela pista, al\u00e9m de perder um pneu. <\/p>\n\n\n\n<p class=\"wp-block-paragraph\">A McLaren argumenta que se tivesse de parar os dois pilotos ao mesmo tempo, Oscar Piastri em primeiro e Norris em terceiro, faria com que o ingl\u00eas, for\u00e7osamente, perdesse tempo esperando o australiano fazer o trabalho nos boxes. &#8220;N\u00e3o esper\u00e1vamos que todos fossem parar. Quando voc\u00ea est\u00e1 na frente, n\u00e3o sabe o que os outros v\u00e3o fazer. E Lando perderia tempo numa parada dupla&#8221;, disse Stella. Mas, gente&#8230; Uma parada ruim leva tr\u00eas segundos, cinco com algum atraso numa opera\u00e7\u00e3o de dois carros. Se esse fosse o preju\u00edzo de Norris &#8212; e n\u00e3o seria, porque ele chegaria \u00e0 garagem alguns segundos depois, e n\u00e3o colado no rabo do outro &#8211;, teria sido bem menor do que parar depois sob bandeira verde com todo mundo socando o p\u00e9.<\/p>\n\n\n\n<p class=\"wp-block-paragraph\">Deu no que deu. Perdeu o p\u00f3dio e ainda salvou um quarto lugar no fim. <\/p>\n\n\n\n<p class=\"wp-block-paragraph\">Mas, agora, In\u00eas \u00e9 morta &#8212; que <a href=\"https:\/\/aventurasnahistoria.com.br\/noticias\/almanaque\/agora-ines-e-morta-5-curiosidades-sobre-rainha-cadaver-de-portugal.phtml\" target=\"_blank\" rel=\"noreferrer noopener\">linda hist\u00f3ria de amor<\/a>, a de In\u00eas, embora macabra. Mesmo com todos os piripaques recentes, Lando tem nas suas m\u00e3os e p\u00e9s o t\u00edtulo de 2025. \u00c9 s\u00f3 n\u00e3o fazer nenhuma bobagem e se blindar de besteiras alheias. Foram fartas, nas \u00faltimas duas corridas. N\u00e3o nos esque\u00e7amos das pranchas desgastadas al\u00e9m do permitido em Las Vegas.<\/p>\n\n\n\n<figure class=\"wp-block-image size-full\"><img decoding=\"async\" src=\"https:\/\/grandepremio.com\/wp-content\/uploads\/2025\/12\/iennsns_widelg.jpg\" alt=\"\" class=\"wp-image-204789\"\/><figcaption class=\"wp-element-caption\">In\u00eas, a morta original: rainha-cad\u00e1ver portuguesa do s\u00e9culo XIV<\/figcaption><\/figure>\n\n\n\n<p class=\"wp-block-paragraph\">Ainda acho que Norris vai ser o campe\u00e3o. O ingl\u00eas tem 12 pontos a mais na algibeira que Max Verstappen e 16 mais que Piastri. Se ganhar o t\u00edtulo, ter\u00e1 sido merecido. O mesmo vale para qualquer um dos outros dois, claro. Um campeonato se faz de 24 corridas, altos e baixos, idas e vindas. No fim, em geral, ganha mesmo o melhor. A melhor hist\u00f3ria, evidente, seria Verstappen campe\u00e3o. O sujeito tinha 104 pontos menos que o l\u00edder na Holanda, na 15\u00aa etapa &#8212; no caso, Oscar. O placar estava 309 x 205 para o australiano. Em oito corridas, Max passou Piastri e est\u00e1 a 12 do novo l\u00edder. Depois da prova de Zandvoort, venceu cinco de oito GPs. Seria uma virada \u00e9pica, um t\u00edtulo hist\u00f3rico. Se Norris ganhar, o impacto n\u00e3o ser\u00e1 o mesmo. Ficaremos com a sensa\u00e7\u00e3o de que, no fim das contas, apesar dos solu\u00e7os papaia, deu a l\u00f3gica.<\/p>\n\n\n\n<p class=\"wp-block-paragraph\">Minha aposta \u00e9 em Norris. Mas eu gostaria que Verstappen fosse o campe\u00e3o. Acho mais legal.<\/p>\n\n\n\n<figure class=\"wp-block-gallery has-nested-images columns-default is-cropped wp-block-gallery-2 is-layout-flex wp-block-gallery-is-layout-flex\">\n<figure class=\"wp-block-image size-large\"><a href=\"https:\/\/grandepremio.com\/wp-content\/uploads\/2025\/12\/G7B3B3oWkAAQbsF.jpg\" target=\"_blank\" rel=\"noopener\"><img decoding=\"async\" data-id=\"204785\" src=\"https:\/\/grandepremio.com\/wp-content\/uploads\/2025\/12\/G7B3B3oWkAAQbsF-819x1024.jpg\" alt=\"\" class=\"wp-image-204785\"\/><\/a><\/figure>\n\n\n\n<figure class=\"wp-block-image size-large\"><a href=\"https:\/\/grandepremio.com\/wp-content\/uploads\/2025\/12\/G7CBReuXAAAV3zo.jpg\" target=\"_blank\" rel=\"noopener\"><img decoding=\"async\" data-id=\"204786\" src=\"https:\/\/grandepremio.com\/wp-content\/uploads\/2025\/12\/G7CBReuXAAAV3zo-819x1024.jpg\" alt=\"\" class=\"wp-image-204786\"\/><\/a><\/figure>\n<figcaption class=\"blocks-gallery-caption wp-element-caption\">Assim est\u00e3o os campeonatos: Williams garante o 5\u00ba entre as equipes<\/figcaption><\/figure>\n\n\n\n<p class=\"wp-block-paragraph\">As combina\u00e7\u00f5es poss\u00edveis de resultados em Abu Dhabi s\u00e3o muitas, j\u00e1 falamos delas ontem, mas para resumir Norris precisa de um p\u00f3dio para ser campe\u00e3o. Se Verstappen for o segundo, Lando pode chegar em s\u00e9timo, desde que Piastri n\u00e3o ven\u00e7a. Agora, imaginem a situa\u00e7\u00e3o, especulada ontem no mesmo <strong>F\u00d3RMULA GOMES<\/strong>: \u00faltima volta, Max em primeiro, Russell em segundo, Piastri em terceiro, Norris em quarto. Ou mesmo Piastri em segundo, qualquer um em terceiro, Norris em quarto. O que faz a McLaren?<\/p>\n\n\n\n<p class=\"wp-block-paragraph\">Sim, manda Oscar parar o carro, e est\u00e1 certa. F-1 \u00e9 esporte coletivo, tamb\u00e9m. Sempre digo: as ordens de equipe s\u00e3o, em 99% das vezes, uma chatice desnecess\u00e1ria, uma demonstra\u00e7\u00e3o de poder de quem manda. Mas tem hora que \u00e9 preciso. Se acontecer algo parecido domingo, \u00e0s favas o pudor e as incensadas regras papaia. Vale ta\u00e7a.<\/p>\n\n\n\n<p class=\"wp-block-paragraph\">Nas tabelas acima, nota-se tamb\u00e9m que a Williams garantiu o quinto lugar no Mundial &#8212; fant\u00e1stico, tinha ficado em nono no ano passado com rid\u00edculos 17 pontos &#8212; e a Aston Martin subiu para s\u00e9timo, deixando a Haas para tr\u00e1s entre os Construtores. Cortesia de Alonso, que se vira como d\u00e1 e segue na torcida para que Adrian Newey fa\u00e7a um foguete para o ano que vem. A equipe, a prop\u00f3sito, j\u00e1 marcou a apresenta\u00e7\u00e3o do carro novo, assim como Red Bull e No Pix Damos Desconto. As datas est\u00e3o a\u00ed embaixo. <\/p>\n\n\n\n<figure class=\"wp-block-gallery has-nested-images columns-default is-cropped wp-block-gallery-3 is-layout-flex wp-block-gallery-is-layout-flex\">\n<figure class=\"wp-block-image size-large\"><a href=\"https:\/\/grandepremio.com\/wp-content\/uploads\/2025\/12\/G7Gfud1WwAENKBR.jpg\"><img decoding=\"async\" data-id=\"204787\" src=\"https:\/\/grandepremio.com\/wp-content\/uploads\/2025\/12\/G7Gfud1WwAENKBR-819x1024.jpg\" alt=\"\" class=\"wp-image-204787\"\/><\/a><\/figure>\n\n\n\n<figure class=\"wp-block-image size-large\"><a href=\"https:\/\/grandepremio.com\/wp-content\/uploads\/2025\/12\/G7GdZJ5WYAAvxYd-scaled.jpg\"><img decoding=\"async\" data-id=\"204788\" src=\"https:\/\/grandepremio.com\/wp-content\/uploads\/2025\/12\/G7GdZJ5WYAAvxYd-819x1024.jpg\" alt=\"\" class=\"wp-image-204788\"\/><\/a><\/figure>\n<figcaption class=\"blocks-gallery-caption wp-element-caption\">Temporada 2025 nem acabou, 2026 j\u00e1 come\u00e7ou<\/figcaption><\/figure>\n\n\n\n<p class=\"has-text-align-center has-white-color has-text-color has-background has-medium-font-size wp-block-paragraph\" style=\"background-color:#aa0a0a\"><strong>A FRASE DE LUSAIL<\/strong><\/p>\n\n\n\n<blockquote class=\"wp-block-quote has-medium-font-size is-layout-flow wp-block-quote-is-layout-flow\">\n<p class=\"has-black-color has-text-color wp-block-paragraph\"><strong><em>&#8220;Pode ser. Acho que eles est\u00e3o numa situa\u00e7\u00e3o dif\u00edcil, porque t\u00eam de tratar os pilotos de forma justa. Assim, podemos tirar vantagem disso. Deve estar sendo dif\u00edcil para eles<\/em><\/strong>.&#8221;<\/p>\n<cite>Hannah Schmitz, estrategista da Red Bull<\/cite><\/blockquote>\n\n\n\n<figure class=\"wp-block-image size-large\"><img decoding=\"async\" src=\"https:\/\/grandepremio.com\/wp-content\/uploads\/2025\/12\/G7CbJJYWMAAc1TB-1024x683.jpg\" alt=\"\" class=\"wp-image-204792\"\/><figcaption class=\"wp-element-caption\">Hannah com Max: decis\u00e3o de parar foi dela<\/figcaption><\/figure>\n\n\n\n<p class=\"wp-block-paragraph\">Foi da estrategista Hannah Schmitz a decis\u00e3o de parar Verstappen no safety-car, mesmo observando que a McLaren n\u00e3o chamara Piastri para a troca de pneus. &#8220;Voc\u00ea tem certeza?&#8221;, me perguntaram. &#8220;E eu disse que sim. Quando vi que todos pararam, tive certeza de ter feito a coisa certa.&#8221; Sempre fica uma d\u00favida, claro, por maior que seja sua convic\u00e7\u00e3o. Estamos falando de decis\u00f5es tomadas em quest\u00f5es de segundos.<\/p>\n\n\n\n<p class=\"wp-block-paragraph\">Na frase destacada acima, um rep\u00f3rter tinha perguntado a Hannah se ela achava que a McLaren tinha optado por deixar seus dois pilotos na pista para n\u00e3o dar a impress\u00e3o de que estava favorecendo um deles. Ela foi bem clara e sincera. \u00c9 muito boa, essa mo\u00e7a. A Red Bull e Verstappen devem muito a ela. <\/p>\n\n\n\n<p class=\"has-text-align-center has-white-color has-text-color has-background has-medium-font-size wp-block-paragraph\" style=\"background-color:#a40f0f\"><strong>O N\u00daMERO DO CATAR<\/strong><\/p>\n\n\n\n<p class=\"has-text-align-center has-black-color has-text-color wp-block-paragraph\" style=\"font-size:102px\"><strong>7<\/strong><\/p>\n\n\n\n<p class=\"has-text-align-center has-white-color has-text-color has-background wp-block-paragraph\" style=\"background-color:#af0d0d\"><strong><em>&#8230;vit\u00f3rias no ano tem Verstappen, o mesmo que Piastri e Norris. As outras duas desta temporada foram de George Russell, da Mercedes.<\/em><\/strong><\/p>\n\n\n\n<p class=\"has-text-align-center has-white-color has-text-color has-background has-medium-font-size wp-block-paragraph\" style=\"background-color:#65737d\"><strong>GOSTAMOS &amp; N\u00c3O GOSTAMOS<\/strong><\/p>\n\n\n\n<p class=\"has-white-color has-text-color has-background wp-block-paragraph\" style=\"background-color:#059d65\"><strong>GOSTAMOS&#8230; <\/strong>do segundo p\u00f3dio no ano de <strong>Carlos Sainz<\/strong>, que nas \u00faltimas sete corridas marcou 48 pontos. A arrancada se deu a partir do terceiro lugar em Baku. No mesmo per\u00edodo, seu companheiro Alexander Albon marcou apenas tr\u00eas. Mas est\u00e1 na frente no campeonato, 73 x 64. Importante, para a Williams, foi assegurar o quinto lugar entre as equipes, como j\u00e1 mencionado l\u00e1 em cima neste rescald\u00e3o. Quem viu essa equipe no ano passado &#8220;definhando em nono&#8221;, como falou o chefe James Vowles, quase n\u00e3o a reconhece agora.<\/p>\n\n\n\n<figure class=\"wp-block-gallery has-nested-images columns-default is-cropped wp-block-gallery-4 is-layout-flex wp-block-gallery-is-layout-flex\">\n<figure class=\"wp-block-image size-large\"><a href=\"https:\/\/grandepremio.com\/wp-content\/uploads\/2025\/12\/G7E-uTRXYAAG3ud-1.jpg\" target=\"_blank\" rel=\"noopener\"><img decoding=\"async\" data-id=\"204793\" src=\"https:\/\/grandepremio.com\/wp-content\/uploads\/2025\/12\/G7E-uTRXYAAG3ud-1-819x1024.jpg\" alt=\"\" class=\"wp-image-204793\"\/><\/a><\/figure>\n\n\n\n<figure class=\"wp-block-image size-large\"><a href=\"https:\/\/grandepremio.com\/wp-content\/uploads\/2025\/12\/G7FEhQtW0AApBnk.jpg\" target=\"_blank\" rel=\"noopener\"><img decoding=\"async\" data-id=\"204794\" src=\"https:\/\/grandepremio.com\/wp-content\/uploads\/2025\/12\/G7FEhQtW0AApBnk-819x1024.jpg\" alt=\"\" class=\"wp-image-204794\"\/><\/a><\/figure>\n<figcaption class=\"blocks-gallery-caption wp-element-caption\">Sainz: segundo p\u00f3dio no ano; Red Bull: pedido de desculpas<\/figcaption><\/figure>\n\n\n\n<p class=\"has-white-color has-vivid-red-background-color has-text-color has-background wp-block-paragraph\"><strong>N\u00c3O GOSTAMOS&#8230; <\/strong>do que disseram, primeiro, Gianpiero Lambiase (engenheiro de Verstappen); depois, Helmut Marko, o guru sem filtro da <strong>Red Bull<\/strong>. Ambos acusaram Kimi Antonelli de deixar Norris passar no final para prejudicar Verstappen, porque a McLaren usa motores Mercedes. Valeu o quarto lugar para Lando. Toto Wolff reagiu na hora e disse que, irritado, foi falar com &#8220;GP&#8221; &#8212; que teria pedido desculpas. A equipe emitiu uma nota se desculpando, tamb\u00e9m, porque a consequ\u00eancia da verborragia foi um ataque insano das mil\u00edcias digitais ao jovem italiano &#8212; com ofensas homof\u00f3bicas, amea\u00e7as a sua fam\u00edlia e coisas do tipo. Marko, por\u00e9m, reiterou a acusa\u00e7\u00e3o que n\u00e3o tem nenhum cabimento. \u00c9 um idiota completo.<\/p>\n","protected":false},"excerpt":{"rendered":"<p>A IMAGEM DA CORRIDA S\u00c3O PAULO (apostas?) &#8211; Ontem no F\u00d3RMULA GOMES, tradicional programa do YouTube que concentra as maiores audi\u00eancias da internet, um rapaz me alertou para o fato de que em 2010, na Ferrari, o engenheiro de Fernando Alonso era Andrea Stella. Voc\u00eas se lembram, El Fod\u00f3n chegou a Abu Dhabi com 246 [&hellip;]<\/p>\n","protected":false},"featured_media":1020304792,"comment_status":"closed","ping_status":"closed","template":"","meta":{"42wp_featured_image_caption":"","42wp_featured_image_credits":"","42wp_featured_video":"","42wp_featured_image_hidden":false,"footnotes":""},"categories":[2],"tags":[45254],"42wp_author":[47111],"class_list":["post-24798","42wp_blog","type-42wp_blog","status-publish","has-post-thumbnail","hentry","category-f1","tag-gp-do-catar-2025","42wp_author-flavio-gomes"],"_links":{"self":[{"href":"https:\/\/grandepremio.com\/br\/wp-json\/wp\/v2\/42wp_blog\/24798","targetHints":{"allow":["GET"]}}],"collection":[{"href":"https:\/\/grandepremio.com\/br\/wp-json\/wp\/v2\/42wp_blog"}],"about":[{"href":"https:\/\/grandepremio.com\/br\/wp-json\/wp\/v2\/types\/42wp_blog"}],"replies":[{"embeddable":true,"href":"https:\/\/grandepremio.com\/br\/wp-json\/wp\/v2\/comments?post=24798"}],"version-history":[{"count":1,"href":"https:\/\/grandepremio.com\/br\/wp-json\/wp\/v2\/42wp_blog\/24798\/revisions"}],"predecessor-version":[{"id":24800,"href":"https:\/\/grandepremio.com\/br\/wp-json\/wp\/v2\/42wp_blog\/24798\/revisions\/24800"}],"wp:featuredmedia":[{"embeddable":true,"href":"https:\/\/grandepremio.com\/br\/wp-json\/wp\/v2\/media\/1020304792"}],"wp:attachment":[{"href":"https:\/\/grandepremio.com\/br\/wp-json\/wp\/v2\/media?parent=24798"}],"wp:term":[{"taxonomy":"category","embeddable":true,"href":"https:\/\/grandepremio.com\/br\/wp-json\/wp\/v2\/categories?post=24798"},{"taxonomy":"post_tag","embeddable":true,"href":"https:\/\/grandepremio.com\/br\/wp-json\/wp\/v2\/tags?post=24798"},{"taxonomy":"42wp_author","embeddable":true,"href":"https:\/\/grandepremio.com\/br\/wp-json\/wp\/v2\/42wp_author?post=24798"}],"curies":[{"name":"wp","href":"https:\/\/api.w.org\/{rel}","templated":true}]}}