{"id":24846,"date":"2025-11-13T08:33:33","date_gmt":"2025-11-13T11:33:33","guid":{"rendered":"https:\/\/grandepremio.com\/br\/blogs\/sem-autor\/noticias\/outra-foto-do-dia-7\/"},"modified":"2025-11-13T08:33:34","modified_gmt":"2025-11-13T11:33:34","slug":"outra-foto-do-dia-7","status":"publish","type":"42wp_blog","link":"https:\/\/grandepremio.com\/br\/blogs\/flavio-gomes\/noticias\/outra-foto-do-dia-7\/","title":{"rendered":"(OUTRA) FOTO DO DIA"},"content":{"rendered":"\n<figure class=\"wp-block-image size-full is-resized\"><img loading=\"lazy\" decoding=\"async\" src=\"https:\/\/grandepremio.com\/wp-content\/uploads\/2025\/11\/perezcaddidid.jpg\" alt=\"\" class=\"wp-image-204510\" style=\"width:805px;height:452px\" width=\"805\" height=\"452\"\/><\/figure>\n\n\n\n<p class=\"has-black-color has-text-color wp-block-paragraph\"><strong>MACARA\u00da <\/strong><em>(se acostumando) &#8211; <\/em>O carro \u00e9 uma Ferrari de 2023. A pista \u00e9 \u00cdmola. O piloto, Sergio P\u00e9rez. A equipe, Cadillac. \u00c9 o primeiro teste din\u00e2mico com carro de verdade da nova equipe da F-1. O time americano vai usar, nos primeiros tr\u00eas anos, motor e c\u00e2mbio da Ferrari. <\/p>\n\n\n\n<p class=\"wp-block-paragraph\">Graeme Lowdon, chefe da Cadillac, explicou o \u00f3bvio para quem acha que a Cadillac est\u00e1 tirando alguma vantagem nos testes que ainda far\u00e1. &#8220;Estamos testando gente, n\u00e3o carro&#8221;, falou. A ideia \u00e9 colocar mec\u00e2nicos, engenheiros e t\u00e9cnicos em geral em condi\u00e7\u00e3o real de corrida, para aprenderem a operar um carro de F-1. Porque, hoje, \u00e9 isso que se faz: operar, e n\u00e3o funcionar, apenas, um carro da categoria. Fora todos os outros procedimentos de box e situa\u00e7\u00f5es com as quais os estreantes ir\u00e3o conviver a partir da pr\u00f3xima temporada. Em resumo, \u00e9 treinamento, n\u00e3o teste.<\/p>\n\n\n\n<p class=\"wp-block-paragraph\">O carro usado ontem em \u00cdmola passou por um shakedown na ter\u00e7a em Fiorano com Arthur Leclerc ao volante.<\/p>\n","protected":false},"excerpt":{"rendered":"<p>MACARA\u00da (se acostumando) &#8211; O carro \u00e9 uma Ferrari de 2023. A pista \u00e9 \u00cdmola. O piloto, Sergio P\u00e9rez. A equipe, Cadillac. \u00c9 o primeiro teste din\u00e2mico com carro de verdade da nova equipe da F-1. O time americano vai usar, nos primeiros tr\u00eas anos, motor e c\u00e2mbio da Ferrari. Graeme Lowdon, chefe da Cadillac, [&hellip;]<\/p>\n","protected":false},"featured_media":1020304510,"comment_status":"closed","ping_status":"closed","template":"","meta":{"42wp_featured_image_caption":"","42wp_featured_image_credits":"","42wp_featured_video":"","42wp_featured_image_hidden":false,"footnotes":""},"categories":[1],"tags":[729,207,25027,27382],"42wp_author":[47111],"class_list":["post-24846","42wp_blog","type-42wp_blog","status-publish","has-post-thumbnail","hentry","category-noticias","tag-cadillac","tag-ferrari","tag-imola-2","tag-perez","42wp_author-flavio-gomes"],"_links":{"self":[{"href":"https:\/\/grandepremio.com\/br\/wp-json\/wp\/v2\/42wp_blog\/24846","targetHints":{"allow":["GET"]}}],"collection":[{"href":"https:\/\/grandepremio.com\/br\/wp-json\/wp\/v2\/42wp_blog"}],"about":[{"href":"https:\/\/grandepremio.com\/br\/wp-json\/wp\/v2\/types\/42wp_blog"}],"replies":[{"embeddable":true,"href":"https:\/\/grandepremio.com\/br\/wp-json\/wp\/v2\/comments?post=24846"}],"version-history":[{"count":1,"href":"https:\/\/grandepremio.com\/br\/wp-json\/wp\/v2\/42wp_blog\/24846\/revisions"}],"predecessor-version":[{"id":24847,"href":"https:\/\/grandepremio.com\/br\/wp-json\/wp\/v2\/42wp_blog\/24846\/revisions\/24847"}],"wp:featuredmedia":[{"embeddable":true,"href":"https:\/\/grandepremio.com\/br\/wp-json\/wp\/v2\/media\/1020304510"}],"wp:attachment":[{"href":"https:\/\/grandepremio.com\/br\/wp-json\/wp\/v2\/media?parent=24846"}],"wp:term":[{"taxonomy":"category","embeddable":true,"href":"https:\/\/grandepremio.com\/br\/wp-json\/wp\/v2\/categories?post=24846"},{"taxonomy":"post_tag","embeddable":true,"href":"https:\/\/grandepremio.com\/br\/wp-json\/wp\/v2\/tags?post=24846"},{"taxonomy":"42wp_author","embeddable":true,"href":"https:\/\/grandepremio.com\/br\/wp-json\/wp\/v2\/42wp_author?post=24846"}],"curies":[{"name":"wp","href":"https:\/\/api.w.org\/{rel}","templated":true}]}}