{"id":24875,"date":"2025-11-06T15:25:40","date_gmt":"2025-11-06T18:25:40","guid":{"rendered":"https:\/\/grandepremio.com\/br\/blogs\/sem-autor\/noticias\/patriotarios-8\/"},"modified":"2025-11-06T16:20:42","modified_gmt":"2025-11-06T19:20:42","slug":"patriotarios-8","status":"publish","type":"42wp_blog","link":"https:\/\/grandepremio.com\/br\/blogs\/flavio-gomes\/f1\/patriotarios-8\/","title":{"rendered":"PATRIOT\u00c1RIOS (8)"},"content":{"rendered":"\n<figure class=\"wp-block-image size-large\"><img decoding=\"async\" src=\"https:\/\/grandepremio.com\/wp-content\/uploads\/2025\/11\/tracado-1024x411.jpg\" alt=\"\" class=\"wp-image-204289\"\/><figcaption class=\"wp-element-caption\">Representa\u00e7\u00e3o do aut\u00f3dromo de Guaratiba: sai?<\/figcaption><\/figure>\n\n\n\n<p class=\"has-black-color has-text-color wp-block-paragraph\"><strong>CAPITAL PAULISTA <\/strong><em>(mais um&#8230;) &#8211; <\/em>Eu j\u00e1 n\u00e3o caio mais no conto do novo aut\u00f3dromo do Rio para comprar projetos e planos como se fossem fatos consumados. Mas \u00e9 preciso registrar determinadas not\u00edcias. E, dependendo de sua origem, a gente pode torcer para dar certo ou, simplesmente, alertar o distinto p\u00fablico de que \u00e9 conversa fiada.<\/p>\n\n\n\n<p class=\"wp-block-paragraph\">Foi o caso de Deodoro, que voc\u00eas devem se lembrar. L\u00e1 pelos idos de 2019, o tosco eleito presidente apareceu no Rio ao lado do ex-governador Wilson Witzel (que foi cassado) e do pastor Marcelo Crivella (prefeito \u00e0 \u00e9poca, deputado atualmente) para &#8220;anunciar&#8221; que no ano seguinte a F-1 seria disputada num aut\u00f3dromo que seria constru\u00eddo numa \u00e1rea do Ex\u00e9rcito na Floresta do Camboat\u00e1. Falou, o belzebu, que a F-1 ia sair do Brasil, mas que depois de sua elei\u00e7\u00e3o a categoria mudou de ideia ao perceber que o pa\u00eds voltaria a ser pr\u00f3spero e impoluto. Disse um monte de mentiras, como de h\u00e1bito. Junto ao sinistro trio de pol\u00edticos havia um sujeito de alcunha JR que se declarava empres\u00e1rio e estaria \u00e0 frente da iniciativa. As obras, prometeu o prefeito-pastor, come\u00e7ariam em 45 dias.<\/p>\n\n\n\n<p class=\"wp-block-paragraph\">N\u00e3o havia NADA de regular ou fact\u00edvel naquele disparate. Para come\u00e7ar, tinha a quest\u00e3o ambiental &#8212; que o estrup\u00edcio simplesmente ignorou. Depois, era terreno minado para treinamentos militares, o que elevaria os custos das obras imensamente &#8212; j\u00e1 que poderiam morrer oper\u00e1rios a cada cinco minutos se n\u00e3o fosse feita uma car\u00edssima descontamina\u00e7\u00e3o do local. N\u00e3o havia nenhuma pista de onde sairia o dinheiro para fazer cem metros de asfalto, que fosse. Era, tudo, uma gigantesca farsa que o tinhoso resolveu jogar no ventilador para espezinhar o governador de S\u00e3o Paulo, Jo\u00e3o Doria, de quem havia se afastado politicamente.<\/p>\n\n\n\n<p class=\"wp-block-paragraph\">Mesmo assim, foi constitu\u00edda uma empresa de nome chique (MotorPark, acho) e, al\u00e9m da F-1, os envolvidos anunciaram tamb\u00e9m a realiza\u00e7\u00e3o de uma etapa da MotoGP, outra da Indy, motociatas e carreatas, qui\u00e7\u00e1 uma edi\u00e7\u00e3o das 24 Horas de Le Mans. Eu morava no Rio, na \u00e9poca. A imprensa local, especialmente, encampou a ideia sem questionar nada e manchetou: F-1 est\u00e1 fora de S\u00e3o Paulo e volta no ano que vem.<\/p>\n\n\n\n<p class=\"wp-block-paragraph\">Essa hist\u00f3ria de fazer um aut\u00f3dromo naquela regi\u00e3o da cidade era velha, tinha come\u00e7ado em 2010 (encontrei registros antigos no blog). Em 2013, publiquei uma nota aqui com o t\u00edtulo &#8220;A mentira de Deodoro&#8221;, baseado em documentos revelados pelo Am\u00e9rico Teixeira Jr. Anos depois, o ser imundo fez seu an\u00fancio, em 8 de maio de 2019 &#8212; hoje ele resta em sua casa vomitando e solu\u00e7ando enquanto aguarda para saber em qual cela ser\u00e1 preso. No mesmo dia, escrevi aqui: &#8220;Jair, Wilson e Marcelo <a href=\"https:\/\/flaviogomes.grandepremio.com\/br\/2019\/05\/jair-wilson-e-marcelo-mentem\/\" target=\"_blank\" rel=\"noreferrer noopener\">mentem&#8221;<\/a>. N\u00e3o vou dizer que fui voz isolada, mas no meio especializado posso, sim, afirmar que ningu\u00e9m falou com tanta clareza do que se tratava aquele desatino: uma mentira.<\/p>\n\n\n\n<p class=\"wp-block-paragraph\">Foi preciso que algumas entidades cariocas se mexessem para brecar aquela insanidade, e o veto das autoridades ambientais \u00e0 destrui\u00e7\u00e3o da floresta acabou sendo determinante para que o projeto morresse, embora estivesse muito claro que a picaretagem n\u00e3o prosperaria de jeito nenhum. Mesmo assim, at\u00e9 o bigodudo da Liberty, cujo nome me foge, posou para fotos sorridente ao lado do satan\u00e1s um m\u00eas depois &#8212; pe\u00e7o perd\u00e3o por publicar as fotos abaixo, mas \u00e9 que n\u00e3o podemos nos esquecer de certos momentos da hist\u00f3ria recente do Brasil.<\/p>\n\n\n\n<figure class=\"wp-block-gallery has-nested-images columns-default is-cropped wp-block-gallery-1 is-layout-flex wp-block-gallery-is-layout-flex\">\n<figure class=\"wp-block-image size-large\"><a href=\"https:\/\/grandepremio.com\/wp-content\/uploads\/2025\/11\/canalhas.jpg\"><img decoding=\"async\" data-id=\"204285\" src=\"https:\/\/grandepremio.com\/wp-content\/uploads\/2025\/11\/canalhas.jpg\" alt=\"\" class=\"wp-image-204285\"\/><\/a><\/figure>\n\n\n\n<figure class=\"wp-block-image size-large\"><a href=\"https:\/\/grandepremio.com\/wp-content\/uploads\/2025\/11\/Autodromo_Deodoro-1.jpg\"><img decoding=\"async\" data-id=\"204284\" src=\"https:\/\/grandepremio.com\/wp-content\/uploads\/2025\/11\/Autodromo_Deodoro-1.jpg\" alt=\"\" class=\"wp-image-204284\"\/><\/a><\/figure>\n<figcaption class=\"blocks-gallery-caption wp-element-caption\">O bigodudo da Liberty com Jair, Witzel e o dono de uma loja de chocolates<\/figcaption><\/figure>\n\n\n\n<p class=\"wp-block-paragraph\">Recentemente veio \u00e0 tona um novo projeto de aut\u00f3dromo para o Rio, e desde j\u00e1 aviso: sou totalmente a favor de uma pista na cidade desde o infame assassinato de Jacarepagu\u00e1. Ah, mas por que era contra Deodoro? Eu n\u00e3o era contra Deodoro. Eu era contra a destrui\u00e7\u00e3o de uma floresta, era contra a mentira de pol\u00edticos filhos da puta, era contra o que se mostrava claramente uma farsa. <\/p>\n\n\n\n<p class=\"wp-block-paragraph\">E chegamos, finalmente, a Guaratiba. Aquela imagem l\u00e1 em cima foi divulgada hoje no Rio na Cidade das Artes. A apresenta\u00e7\u00e3o foi feita pelo prefeito bossa nova Eduardo Paes junto com os empres\u00e1rios que est\u00e3o \u00e0 frente do projeto. Guaratiba tamb\u00e9m n\u00e3o nasceu hoje, j\u00e1 se fala nessa regi\u00e3o para construir um aut\u00f3dromo desde 2015. Em janeiro deste ano, na minha <a href=\"https:\/\/flaviogomes.substack.com\/p\/que-venha-o-rio\" target=\"_blank\" rel=\"noreferrer noopener\">newsletter<\/a>, escrevi sobre o assunto. Pelo que li hoje, a ideia \u00e9 come\u00e7ar as obras no primeiro semestre de 2026 e, quem sabe, pleitear uma corrida de F-1 em 2029. Fala-se num investimento de R$ 1,3 bilh\u00e3o e em dois anos para a constru\u00e7\u00e3o. Entre os envolvidos est\u00e1 a turma que faz o Rock in Rio. Nesse terreno, em 2013, o papa Francisco deveria ter rezado uma missa para fechar a Jornada Mundial da Juventude, mas uma tempestade acabou alagando tudo e o evento foi transferido para Copacabana.<\/p>\n\n\n\n<p class=\"wp-block-paragraph\">Na m\u00eddia carioca, o mesmo erro de Deodoro est\u00e1 sendo cometido neste instante: comprar o projeto como se fossem favas contadas. &#8220;O complexo ficar\u00e1&#8221; no lugar tal e &#8220;ter\u00e1 capacidade para 120 mil pessoas&#8221;, diz o <a href=\"https:\/\/g1.globo.com\/rj\/rio-de-janeiro\/noticia\/2025\/11\/06\/consorcio-apresenta-projeto-do-autodromo-parque-de-guaratiba.ghtml\" target=\"_blank\" rel=\"noreferrer noopener\">G1<\/a>, da Globo. Crian\u00e7as, cuidado com os tempos verbais. Usar o futuro do presente nesses enunciados \u00e9 dar como certo que um v\u00eddeo e uma anima\u00e7\u00e3o de computador se transformar\u00e3o em realidade num estalar de dedos. Calma. O que o Rio fez hoje foi apresentar com alguns detalhes o que ainda \u00e9 um projeto. Ser\u00e3o necess\u00e1rias licen\u00e7as ambientais, levantar o dinheiro, viabilizar o empreendimento.<\/p>\n\n\n\n<p class=\"wp-block-paragraph\">A diferen\u00e7a para Deodoro, por\u00e9m, \u00e9 clar\u00edssima. Quem apresentou o projeto, para come\u00e7o de conversa, sabe usar talheres. N\u00e3o estava ladeado por um parvo que deixou como legado pol\u00edtico o conceito de &#8220;mirar na cabecinha&#8221;, nem por um pastor lun\u00e1tico, muito menos por um dono de loja de chocolate amigo de milicianos. Os empres\u00e1rios s\u00e3o&#8230; empres\u00e1rios, e n\u00e3o um obscuro empreendedor de alcunha &#8220;Queimadinho&#8221; em seu estado natal. E segundo todos os presentes na apresenta\u00e7\u00e3o, o projeto \u00e9 privado. A Prefeitura n\u00e3o entra com dinheiro.<\/p>\n\n\n\n<p class=\"wp-block-paragraph\">O que quero dizer \u00e9 que Guaratiba pode sair, sim, e seria \u00f3timo. Adoraria ver o GP do Brasil (quando \u00e9 que v\u00e3o acabar com essa bobagem de GP de S\u00e3o Paulo?) sendo disputado em revezamento com o Rio. Ou, quem sabe, duas corridas aqui. Se os EUA podem ter tr\u00eas GPs, por que n\u00e3o?<\/p>\n\n\n\n<p class=\"wp-block-paragraph\">Guaratiba fica longe pra cacete, \u00e9 quase vizinho de Itaquera, mas \u00e9 Rio de Janeiro. Em que pesem todas suas mazelas, \u00e9 um lugar que n\u00e3o pode ficar sem automobilismo. \u00c9 o que penso. <\/p>\n\n\n\n<p class=\"wp-block-paragraph\">Por isso, vou torcer silenciosamente por Guaratiba.<\/p>\n","protected":false},"excerpt":{"rendered":"<p>CAPITAL PAULISTA (mais um&#8230;) &#8211; Eu j\u00e1 n\u00e3o caio mais no conto do novo aut\u00f3dromo do Rio para comprar projetos e planos como se fossem fatos consumados. Mas \u00e9 preciso registrar determinadas not\u00edcias. E, dependendo de sua origem, a gente pode torcer para dar certo ou, simplesmente, alertar o distinto p\u00fablico de que \u00e9 conversa [&hellip;]<\/p>\n","protected":false},"featured_media":1020304282,"comment_status":"closed","ping_status":"closed","template":"","meta":{"42wp_featured_image_caption":"","42wp_featured_image_credits":"","42wp_featured_video":"","42wp_featured_image_hidden":false,"footnotes":""},"categories":[2],"tags":[],"42wp_author":[47111],"class_list":["post-24875","42wp_blog","type-42wp_blog","status-publish","has-post-thumbnail","hentry","category-f1","42wp_author-flavio-gomes"],"_links":{"self":[{"href":"https:\/\/grandepremio.com\/br\/wp-json\/wp\/v2\/42wp_blog\/24875","targetHints":{"allow":["GET"]}}],"collection":[{"href":"https:\/\/grandepremio.com\/br\/wp-json\/wp\/v2\/42wp_blog"}],"about":[{"href":"https:\/\/grandepremio.com\/br\/wp-json\/wp\/v2\/types\/42wp_blog"}],"replies":[{"embeddable":true,"href":"https:\/\/grandepremio.com\/br\/wp-json\/wp\/v2\/comments?post=24875"}],"version-history":[{"count":1,"href":"https:\/\/grandepremio.com\/br\/wp-json\/wp\/v2\/42wp_blog\/24875\/revisions"}],"predecessor-version":[{"id":24876,"href":"https:\/\/grandepremio.com\/br\/wp-json\/wp\/v2\/42wp_blog\/24875\/revisions\/24876"}],"wp:featuredmedia":[{"embeddable":true,"href":"https:\/\/grandepremio.com\/br\/wp-json\/wp\/v2\/media\/1020304282"}],"wp:attachment":[{"href":"https:\/\/grandepremio.com\/br\/wp-json\/wp\/v2\/media?parent=24875"}],"wp:term":[{"taxonomy":"category","embeddable":true,"href":"https:\/\/grandepremio.com\/br\/wp-json\/wp\/v2\/categories?post=24875"},{"taxonomy":"post_tag","embeddable":true,"href":"https:\/\/grandepremio.com\/br\/wp-json\/wp\/v2\/tags?post=24875"},{"taxonomy":"42wp_author","embeddable":true,"href":"https:\/\/grandepremio.com\/br\/wp-json\/wp\/v2\/42wp_author?post=24875"}],"curies":[{"name":"wp","href":"https:\/\/api.w.org\/{rel}","templated":true}]}}