{"id":25300,"date":"2022-01-10T15:00:00","date_gmt":"2022-01-10T18:00:00","guid":{"rendered":"https:\/\/grandepremio.com\/br\/blogs\/sem-autor\/noticias\/indy-em-dose-dupla\/"},"modified":"2026-06-16T22:08:05","modified_gmt":"2026-06-17T01:08:05","slug":"indy-em-dose-dupla","status":"publish","type":"42wp_blog","link":"https:\/\/grandepremio.com\/br\/blogs\/victor-martins\/noticias\/indy-em-dose-dupla\/","title":{"rendered":"Indy em dose dupla"},"content":{"rendered":"\n<p class=\"wp-block-paragraph\">A Indy est\u00e1 garantida em territ\u00f3rio brasileiro pelas pr\u00f3ximas tr\u00eas temporadas e em duas vias. A Cultura renovou o acordo para exibi\u00e7\u00e3o em TV aberta e, finalmente, a ESPN volta a transmitir a categoria em TV fechada e pelo streaming no Star+.<\/p>\n\n\n\n<p class=\"wp-block-paragraph\">Nas m\u00e3os de Roger Penske, a Indy ganha cada vez mais corpo. Em meio \u00e0 pandemia, vai ampliar seu grid para 2022. Negocia h\u00e1 tempos com outras montadoras para que, na ponta final, haja mais neg\u00f3cios, equipes, interesse e, claro, aquele congestionamento em Indian\u00e1polis para que 40 ou mais carros queiram disputar a corrida e nos proporcione aquele \u2018Bump Day\u2019 maravilhoso.<\/p>\n\n\n\n<p class=\"wp-block-paragraph\">Com isso, volta a atrair mais p\u00fablico. No <strong>GRANDE PR\u00caMIO<\/strong>, por exemplo, <a href=\"https:\/\/www.grandepremio.com\/br\/grande-premio\/noticias\/com-boom-em-f1-e-demais-categorias-grande-premio-tem-em-2021-melhor-ano-da-historia\/\">2021 registrou recorde hist\u00f3rico<\/a>. <\/p>\n\n\n\n<p class=\"wp-block-paragraph\">A Cultura est\u00e1 investindo bastante em esporte e automobilismo \u2013 tem a F\u00f3rmula E tamb\u00e9m no menu. E vai manter os calhordas Geferson Kern e Rodrigo Mattar nas transmiss\u00f5es, uma dupla que mostrou entrosamento desde a primeira etapa. Sabem do neg\u00f3cio. Na ESPN, haver\u00e1 transmiss\u00e3o dos treinos classificat\u00f3rios e de todas as etapas \u2013 e conversas est\u00e3o em andamento para que haja entregas complementares. Renan do Couto manja do riscado, j\u00e1 cobriu etapa l\u00e1 fora e tudo mais. E eu, c\u00eais sabem, amo a Indy e n\u00e3o vejo nenhum lugar no mundo como Indian\u00e1polis para cobrir corrida. Estive l\u00e1 cinco vezes. N\u00e3o vejo a hora de voltar e de fazer parte disso.<\/p>\n","protected":false},"excerpt":{"rendered":"<p>A Indy est\u00e1 garantida em territ\u00f3rio brasileiro pelas pr\u00f3ximas tr\u00eas temporadas e em duas vias. A Cultura renovou o acordo para exibi\u00e7\u00e3o em TV aberta e, finalmente, a ESPN volta a transmitir a categoria em TV fechada e pelo streaming no Star+. Nas m\u00e3os de Roger Penske, a Indy ganha cada vez mais corpo. Em [&hellip;]<\/p>\n","protected":false},"featured_media":1020012703,"comment_status":"closed","ping_status":"closed","template":"","meta":{"42wp_featured_image_caption":"","42wp_featured_image_credits":"","42wp_featured_video":"","42wp_featured_image_hidden":false,"footnotes":""},"categories":[1],"tags":[6513,33884,93,94,428,29781,486],"42wp_author":[47136],"class_list":["post-25300","42wp_blog","type-42wp_blog","status-publish","has-post-thumbnail","hentry","category-noticias","tag-espn","tag-geferson-kern","tag-indy","tag-indycar","tag-rodrigo-mattar","tag-star","tag-victor-martins","42wp_author-victor-martins"],"_links":{"self":[{"href":"https:\/\/grandepremio.com\/br\/wp-json\/wp\/v2\/42wp_blog\/25300","targetHints":{"allow":["GET"]}}],"collection":[{"href":"https:\/\/grandepremio.com\/br\/wp-json\/wp\/v2\/42wp_blog"}],"about":[{"href":"https:\/\/grandepremio.com\/br\/wp-json\/wp\/v2\/types\/42wp_blog"}],"replies":[{"embeddable":true,"href":"https:\/\/grandepremio.com\/br\/wp-json\/wp\/v2\/comments?post=25300"}],"version-history":[{"count":1,"href":"https:\/\/grandepremio.com\/br\/wp-json\/wp\/v2\/42wp_blog\/25300\/revisions"}],"predecessor-version":[{"id":25301,"href":"https:\/\/grandepremio.com\/br\/wp-json\/wp\/v2\/42wp_blog\/25300\/revisions\/25301"}],"wp:featuredmedia":[{"embeddable":true,"href":"https:\/\/grandepremio.com\/br\/wp-json\/wp\/v2\/media\/1020012703"}],"wp:attachment":[{"href":"https:\/\/grandepremio.com\/br\/wp-json\/wp\/v2\/media?parent=25300"}],"wp:term":[{"taxonomy":"category","embeddable":true,"href":"https:\/\/grandepremio.com\/br\/wp-json\/wp\/v2\/categories?post=25300"},{"taxonomy":"post_tag","embeddable":true,"href":"https:\/\/grandepremio.com\/br\/wp-json\/wp\/v2\/tags?post=25300"},{"taxonomy":"42wp_author","embeddable":true,"href":"https:\/\/grandepremio.com\/br\/wp-json\/wp\/v2\/42wp_author?post=25300"}],"curies":[{"name":"wp","href":"https:\/\/api.w.org\/{rel}","templated":true}]}}