{"id":25361,"date":"2018-11-06T19:13:50","date_gmt":"2018-11-06T21:13:50","guid":{"rendered":"https:\/\/grandepremio.com\/br\/blogs\/sem-autor\/noticias\/quem-vai-e-quem-vem\/"},"modified":"2026-06-16T22:08:15","modified_gmt":"2026-06-17T01:08:15","slug":"quem-vai-e-quem-vem","status":"publish","type":"42wp_blog","link":"https:\/\/grandepremio.com\/br\/blogs\/victor-martins\/f1\/quem-vai-e-quem-vem\/","title":{"rendered":"Quem vai e quem vem"},"content":{"rendered":"\n<p><a href=\"https:\/\/grandepremio.com\/wp-content\/uploads\/2018\/11\/Alonso.jpg\"><img loading=\"lazy\" decoding=\"async\" class=\"alignnone size-full wp-image-12269\" src=\"https:\/\/grandepremio.com\/wp-content\/uploads\/2018\/11\/Alonso.jpg\" alt=\"Alonso\" width=\"990\" height=\"557\" \/><\/a><\/p>\n<p>[bannergoogle] S\u00c3O PAULO<\/strong> |\u00a0Fernando Alonso e Sergio Sette C\u00e2mara estar\u00e3o em Interlagos na manh\u00e3 desta quarta-feira para uma a\u00e7\u00e3o promocional e de gera\u00e7\u00e3o de conte\u00fado. O espanhol que deixa a McLaren e a F1 e o brasileiro que nela chegas v\u00e3o gravar uma\u00a0entrevista em uma parte da reta principal do circuito paulistano.<\/p>\n<p>E sabe quem vai estar l\u00e1 tamb\u00e9m? O <strong>GRANDE PR\u00caMIO<\/strong>.<\/p>\n<p>Felipe Noronha, Evelyn Guimar\u00e3es e Rodrigo Berton v\u00e3o acompanhar e conduzir as a\u00e7\u00f5es. Ao longo do fim de semana, voc\u00ea vai ver p\u00edlulas, drops e fotos nas redes sociais da Petrobras e no <strong>GP<\/strong> \u2014 que vai com grande equipe para a cobertura do GP do Brasil deste fim de semana.<\/p>\n","protected":false},"excerpt":{"rendered":"<p>[bannergoogle] S\u00c3O PAULO |\u00a0Fernando Alonso e Sergio Sette C\u00e2mara estar\u00e3o em Interlagos na manh\u00e3 desta quarta-feira para uma a\u00e7\u00e3o promocional e de gera\u00e7\u00e3o de conte\u00fado. O espanhol que deixa a McLaren e a F1 e o brasileiro que nela chegas v\u00e3o gravar uma\u00a0entrevista em uma parte da reta principal do circuito paulistano. E sabe quem [&hellip;]<\/p>\n","protected":false},"featured_media":1020012269,"comment_status":"closed","ping_status":"closed","template":"","meta":{"42wp_featured_image_caption":"","42wp_featured_image_credits":"","42wp_featured_video":"","42wp_featured_image_hidden":false,"footnotes":""},"categories":[2],"tags":[147,176,90,2590,1025],"42wp_author":[47136],"class_list":["post-25361","42wp_blog","type-42wp_blog","status-publish","has-post-thumbnail","hentry","category-f1","tag-f1","tag-fernando-alonso","tag-mclaren","tag-petrobras","tag-sergio-sette-camara","42wp_author-victor-martins"],"_links":{"self":[{"href":"https:\/\/grandepremio.com\/br\/wp-json\/wp\/v2\/42wp_blog\/25361","targetHints":{"allow":["GET"]}}],"collection":[{"href":"https:\/\/grandepremio.com\/br\/wp-json\/wp\/v2\/42wp_blog"}],"about":[{"href":"https:\/\/grandepremio.com\/br\/wp-json\/wp\/v2\/types\/42wp_blog"}],"replies":[{"embeddable":true,"href":"https:\/\/grandepremio.com\/br\/wp-json\/wp\/v2\/comments?post=25361"}],"version-history":[{"count":1,"href":"https:\/\/grandepremio.com\/br\/wp-json\/wp\/v2\/42wp_blog\/25361\/revisions"}],"predecessor-version":[{"id":25362,"href":"https:\/\/grandepremio.com\/br\/wp-json\/wp\/v2\/42wp_blog\/25361\/revisions\/25362"}],"wp:featuredmedia":[{"embeddable":true,"href":"https:\/\/grandepremio.com\/br\/wp-json\/wp\/v2\/media\/1020012269"}],"wp:attachment":[{"href":"https:\/\/grandepremio.com\/br\/wp-json\/wp\/v2\/media?parent=25361"}],"wp:term":[{"taxonomy":"category","embeddable":true,"href":"https:\/\/grandepremio.com\/br\/wp-json\/wp\/v2\/categories?post=25361"},{"taxonomy":"post_tag","embeddable":true,"href":"https:\/\/grandepremio.com\/br\/wp-json\/wp\/v2\/tags?post=25361"},{"taxonomy":"42wp_author","embeddable":true,"href":"https:\/\/grandepremio.com\/br\/wp-json\/wp\/v2\/42wp_author?post=25361"}],"curies":[{"name":"wp","href":"https:\/\/api.w.org\/{rel}","templated":true}]}}