{"id":25386,"date":"2018-08-14T12:27:11","date_gmt":"2018-08-14T15:27:11","guid":{"rendered":"https:\/\/grandepremio.com\/br\/blogs\/sem-autor\/noticias\/a-pagina-que-tem-de-virar\/"},"modified":"2026-06-16T22:08:19","modified_gmt":"2026-06-17T01:08:19","slug":"a-pagina-que-tem-de-virar","status":"publish","type":"42wp_blog","link":"https:\/\/grandepremio.com\/br\/blogs\/victor-martins\/f1\/a-pagina-que-tem-de-virar\/","title":{"rendered":"A p\u00e1gina que tem de virar"},"content":{"rendered":"\n<p><a href=\"https:\/\/grandepremio.com\/wp-content\/uploads\/2018\/08\/Alonso1.jpg\"><img loading=\"lazy\" decoding=\"async\" class=\"alignnone size-full wp-image-12195\" src=\"https:\/\/grandepremio.com\/wp-content\/uploads\/2018\/08\/Alonso1.jpg\" alt=\"Alonso\" width=\"932\" height=\"524\" \/><\/a><\/p>\n<p><strong>S\u00c3O PAULO<\/strong> | 14-08: a data em que <a href=\"https:\/\/www.grandepremio.com\/br\/f1\/noticias\/mclaren-acaba-com-misterio-e-informa-que-alonso-deixa-f1-no-fim-da-temporada-2018\">Alonso anuncia o fim da linha na F1<\/a>.<\/p>\n<p>Como Massa nos \u00faltimos anos de Williams, Alonso j\u00e1 n\u00e3o tinha mais o que fazer na McLaren. O casamento com a equipe e a categoria acabou. E o neg\u00f3cio \u00e9 respirar, juntar as tralhas e seguir em frente.<\/p>\n<p>A F1 foi ingrata com Alonso em s\u00f3 lhe dar dois t\u00edtulos; um piloto de seu quilate n\u00e3o merece ficar ali na hist\u00f3ria com t\u00e3o pouco. Mas Alonso tamb\u00e9m n\u00e3o pode reclamar que n\u00e3o retribuiu da mesma forma: tudo que falam a seu respeito, de Massa a Horner, \u00e9 real e deve ser levado em conta. Seu temperamento mutante dentro de uma garagem de F1 tumultuou o ambiente por onde passou e fechou portas que lhe impediram de conquistar mais sucessos.<\/p>\n<p>Esta segunda passagem pela McLaren \u00e9 muito significativa. Alonso recebeu de volta tudo que aplicou em outras equipes. \u00c0s vezes, viu-se em tempos de Minardi andando na \u00faltima coloca\u00e7\u00e3o; \u00e0s vezes, fazia m\u00e1gica com o que n\u00e3o podia. Tamb\u00e9m se redescobriu: aprendeu a rir de si mesmo, a se fazer meme, a usar as redes sociais, a ser mais leve vendo que n\u00e3o teria mais o peso que poderia ter. Pelas m\u00e3os da McLaren sem Ron Dennis, foi conhecer Indian\u00e1polis. E foi onde tudo mudou.<\/p>\n<p>Aquele m\u00eas de maio de 2017 mexeu com um cara que vinha perdido no automobilismo. Tudo que ele n\u00e3o mais encontrava na F1 ali estava dentro de um superoval. Da import\u00e2ncia \u00e0 emo\u00e7\u00e3o, Alonso sentiu que era grande de novo. E voltar \u00e0 vida normal n\u00e3o\u00a0tinha a menor import\u00e2ncia. Fernando esperou 2018 achando que a Honda era a raz\u00e3o de seus problemas. Mas, curiosamente, entendeu que era a McLaren. Tanto entendeu que, no comunicado emitido hoje, deixa claro que seu futuro n\u00e3o mais est\u00e1 atrelado \u00e0 equipe.<\/p>\n<p>Alonso se prepara para mais nove corridas de despedida e vira a p\u00e1gina. A p\u00e1gina s\u00f3 pode ser Indy. S\u00f3 pode ser com uma equipe grande, e que preferencialmente n\u00e3o use Honda. Penske? Pode ser. Mas onde for, Alonso enfim vai poder ser o que sempre quis ser: o melhor.<\/p>\n<p>Algo que a F1 n\u00e3o mostrou.<\/p>\n","protected":false},"excerpt":{"rendered":"<p>S\u00c3O PAULO | 14-08: a data em que Alonso anuncia o fim da linha na F1. Como Massa nos \u00faltimos anos de Williams, Alonso j\u00e1 n\u00e3o tinha mais o que fazer na McLaren. O casamento com a equipe e a categoria acabou. E o neg\u00f3cio \u00e9 respirar, juntar as tralhas e seguir em frente. A [&hellip;]<\/p>\n","protected":false},"featured_media":1020012195,"comment_status":"closed","ping_status":"closed","template":"","meta":{"42wp_featured_image_caption":"","42wp_featured_image_credits":"","42wp_featured_video":"","42wp_featured_image_hidden":false,"footnotes":""},"categories":[2],"tags":[147,176,93],"42wp_author":[47136],"class_list":["post-25386","42wp_blog","type-42wp_blog","status-publish","has-post-thumbnail","hentry","category-f1","tag-f1","tag-fernando-alonso","tag-indy","42wp_author-victor-martins"],"_links":{"self":[{"href":"https:\/\/grandepremio.com\/br\/wp-json\/wp\/v2\/42wp_blog\/25386","targetHints":{"allow":["GET"]}}],"collection":[{"href":"https:\/\/grandepremio.com\/br\/wp-json\/wp\/v2\/42wp_blog"}],"about":[{"href":"https:\/\/grandepremio.com\/br\/wp-json\/wp\/v2\/types\/42wp_blog"}],"replies":[{"embeddable":true,"href":"https:\/\/grandepremio.com\/br\/wp-json\/wp\/v2\/comments?post=25386"}],"version-history":[{"count":1,"href":"https:\/\/grandepremio.com\/br\/wp-json\/wp\/v2\/42wp_blog\/25386\/revisions"}],"predecessor-version":[{"id":25387,"href":"https:\/\/grandepremio.com\/br\/wp-json\/wp\/v2\/42wp_blog\/25386\/revisions\/25387"}],"wp:featuredmedia":[{"embeddable":true,"href":"https:\/\/grandepremio.com\/br\/wp-json\/wp\/v2\/media\/1020012195"}],"wp:attachment":[{"href":"https:\/\/grandepremio.com\/br\/wp-json\/wp\/v2\/media?parent=25386"}],"wp:term":[{"taxonomy":"category","embeddable":true,"href":"https:\/\/grandepremio.com\/br\/wp-json\/wp\/v2\/categories?post=25386"},{"taxonomy":"post_tag","embeddable":true,"href":"https:\/\/grandepremio.com\/br\/wp-json\/wp\/v2\/tags?post=25386"},{"taxonomy":"42wp_author","embeddable":true,"href":"https:\/\/grandepremio.com\/br\/wp-json\/wp\/v2\/42wp_author?post=25386"}],"curies":[{"name":"wp","href":"https:\/\/api.w.org\/{rel}","templated":true}]}}