{"id":25487,"date":"2018-03-12T16:00:59","date_gmt":"2018-03-12T19:00:59","guid":{"rendered":"https:\/\/grandepremio.com\/br\/blogs\/sem-autor\/noticias\/wec-no-brasil\/"},"modified":"2026-06-16T22:08:38","modified_gmt":"2026-06-17T01:08:38","slug":"wec-no-brasil","status":"publish","type":"42wp_blog","link":"https:\/\/grandepremio.com\/br\/blogs\/victor-martins\/endurance\/wec\/wec-no-brasil\/","title":{"rendered":"WEC no Brasil"},"content":{"rendered":"\n<p><a href=\"https:\/\/grandepremio.com\/wp-content\/uploads\/2018\/03\/wec-2013-interlagos-start-562.jpg\"><img loading=\"lazy\" decoding=\"async\" class=\"alignnone size-full wp-image-11945\" src=\"https:\/\/grandepremio.com\/wp-content\/uploads\/2018\/03\/wec-2013-interlagos-start-562.jpg\" alt=\"wec-2013-interlagos-start-562\" width=\"1000\" height=\"666\" \/><\/a><\/p>\n<p style=\"display: inline; float: left; margin-right: 15px;\"><!-- Ret\u00e2ngulo grande --><\/p>\n<p><strong>S\u00c3O PAULO<\/strong> | Daqui dez dias, haver\u00e1 o an\u00fancio oficial de que o WEC vai voltar ao Brasil.<\/p>\n<p>O CEO da categoria, G\u00e9rard Neveu; o Event Manager, C\u00e9dric Vilatte; al\u00e9m de Bruno Senna e outros executivos, v\u00e3o falar a respeito do campeonato que teve sua \u00faltima etapa disputada em terras brasileiras em novembro de 2014. \u00c0 \u00e9poca,\u00a0o evento era organizado por Emerson Fittipaldi.<\/p>\n<p>O WEC largou o Brasil porque Fittipaldi deixou uma s\u00e9rie de d\u00edvidas. Espera-se, pois, que tamb\u00e9m se explique se tudo foi devidamente quitado para este retorno,\u00a0ou\u00a0em 2019 \u2014 compondo o\u00a0calend\u00e1rio da supertemporada bienal que est\u00e1 por come\u00e7ar \u2014 ou em 2020.<\/p>\n<p>Interlagos? Ser\u00e1 l\u00e1 se continuar sendo um aut\u00f3dromo.<\/p>\n","protected":false},"excerpt":{"rendered":"<p>S\u00c3O PAULO | Daqui dez dias, haver\u00e1 o an\u00fancio oficial de que o WEC vai voltar ao Brasil. O CEO da categoria, G\u00e9rard Neveu; o Event Manager, C\u00e9dric Vilatte; al\u00e9m de Bruno Senna e outros executivos, v\u00e3o falar a respeito do campeonato que teve sua \u00faltima etapa disputada em terras brasileiras em novembro de 2014. [&hellip;]<\/p>\n","protected":false},"featured_media":0,"comment_status":"closed","ping_status":"closed","template":"","meta":{"42wp_featured_image_caption":"","42wp_featured_image_credits":"","42wp_featured_video":"","42wp_featured_image_hidden":false,"footnotes":""},"categories":[52],"tags":[783,124,356],"42wp_author":[47136],"class_list":["post-25487","42wp_blog","type-42wp_blog","status-publish","hentry","category-wec","tag-brasil","tag-interlagos","tag-wec","42wp_author-victor-martins"],"_links":{"self":[{"href":"https:\/\/grandepremio.com\/br\/wp-json\/wp\/v2\/42wp_blog\/25487","targetHints":{"allow":["GET"]}}],"collection":[{"href":"https:\/\/grandepremio.com\/br\/wp-json\/wp\/v2\/42wp_blog"}],"about":[{"href":"https:\/\/grandepremio.com\/br\/wp-json\/wp\/v2\/types\/42wp_blog"}],"replies":[{"embeddable":true,"href":"https:\/\/grandepremio.com\/br\/wp-json\/wp\/v2\/comments?post=25487"}],"version-history":[{"count":1,"href":"https:\/\/grandepremio.com\/br\/wp-json\/wp\/v2\/42wp_blog\/25487\/revisions"}],"predecessor-version":[{"id":25488,"href":"https:\/\/grandepremio.com\/br\/wp-json\/wp\/v2\/42wp_blog\/25487\/revisions\/25488"}],"wp:attachment":[{"href":"https:\/\/grandepremio.com\/br\/wp-json\/wp\/v2\/media?parent=25487"}],"wp:term":[{"taxonomy":"category","embeddable":true,"href":"https:\/\/grandepremio.com\/br\/wp-json\/wp\/v2\/categories?post=25487"},{"taxonomy":"post_tag","embeddable":true,"href":"https:\/\/grandepremio.com\/br\/wp-json\/wp\/v2\/tags?post=25487"},{"taxonomy":"42wp_author","embeddable":true,"href":"https:\/\/grandepremio.com\/br\/wp-json\/wp\/v2\/42wp_author?post=25487"}],"curies":[{"name":"wp","href":"https:\/\/api.w.org\/{rel}","templated":true}]}}