{"id":25520,"date":"2018-02-24T14:57:26","date_gmt":"2018-02-24T17:57:26","guid":{"rendered":"https:\/\/grandepremio.com\/br\/blogs\/sem-autor\/noticias\/coisa-feia\/"},"modified":"2026-06-16T22:08:42","modified_gmt":"2026-06-17T01:08:42","slug":"coisa-feia","status":"publish","type":"42wp_blog","link":"https:\/\/grandepremio.com\/br\/blogs\/victor-martins\/f1\/coisa-feia\/","title":{"rendered":"Coisa feia"},"content":{"rendered":"\n<p><strong>S\u00c3O PAULO<\/strong> | Da\u00ed que a Renault veio hoje, com certa gracinha caracter\u00edstica embutida, dizer que <a href=\"http:\/\/bit.ly\/2sUqDyi\">no dia do lan\u00e7amento do R.S.18 n\u00e3o lan\u00e7ou o R.S.18<\/a>. Tipo quando o Chaves dizia num epis\u00f3dio &#8220;ela s\u00f3 tava brincando&#8221;, a montadora disse que s\u00f3 apresentou a nova pintura do carro.<\/p>\n<p>Bem, n\u00e3o foi isso que disse no dia do tal lan\u00e7amento, aquele que se deu por v\u00eddeos parcos e fotos maizomenos. Ali estava o R.S.18, sem algumas novidades \u2014 o que seria absolutamente comum.<\/p>\n<p>Peguei um pouco de ran\u00e7o da F1 com a pregui\u00e7a que se assolou nestas apresenta\u00e7\u00f5es insossas. As equipes, em pleno 2018, deveriam ter\u00a0 um pouco mais de carinho com o produto que t\u00eam em m\u00e3os, algo que foi visto s\u00f3 com Mercedes e Ferrari \u2014 ambas com apresenta\u00e7\u00f5es ao vivo pela internet e para convidados em suas sedes \u2014 e McLaren, que se preocupou em lan\u00e7ar v\u00eddeos chamando para a amostra do carro-papaia e se deixou levar pelo vento que ajudou a identificar a cor do carro um dia antes de seu nascimento p\u00fablico.<\/p>\n<p>Agora, n\u00e3o lan\u00e7ar um carro num lan\u00e7amento nem beira o rid\u00edculo, o \u00e9. \u00c9 enganar todo o povo, de m\u00eddia a f\u00e3s. Se quer esconder o jogo, que s\u00f3 v\u00e1 para a pista nos testes ent\u00e3o, algo bem similar \u00e0 Force India \u2014 que se apresenta uma hora antes do in\u00edcio da pr\u00e9-temporada. Pega mal para uma marca t\u00e3o famosa e importante como a Renault agir como quem p\u00f5e um ve\u00edculo nas ruas\u00a0j\u00e1 preparando seu recall, sabendo dos riscos e dos erros programados.<\/p>\n<p>Tem gente que est\u00e1 precisando de um choque. E n\u00e3o \u00e9 de cultura.<\/p>\n","protected":false},"excerpt":{"rendered":"<p>S\u00c3O PAULO | Da\u00ed que a Renault veio hoje, com certa gracinha caracter\u00edstica embutida, dizer que no dia do lan\u00e7amento do R.S.18 n\u00e3o lan\u00e7ou o R.S.18. Tipo quando o Chaves dizia num epis\u00f3dio &#8220;ela s\u00f3 tava brincando&#8221;, a montadora disse que s\u00f3 apresentou a nova pintura do carro. Bem, n\u00e3o foi isso que disse no [&hellip;]<\/p>\n","protected":false},"featured_media":0,"comment_status":"closed","ping_status":"closed","template":"","meta":{"42wp_featured_image_caption":"","42wp_featured_image_credits":"","42wp_featured_video":"","42wp_featured_image_hidden":false,"footnotes":""},"categories":[2],"tags":[27201,229],"42wp_author":[47136],"class_list":["post-25520","42wp_blog","type-42wp_blog","status-publish","hentry","category-f1","tag-lancamento","tag-renault","42wp_author-victor-martins"],"_links":{"self":[{"href":"https:\/\/grandepremio.com\/br\/wp-json\/wp\/v2\/42wp_blog\/25520","targetHints":{"allow":["GET"]}}],"collection":[{"href":"https:\/\/grandepremio.com\/br\/wp-json\/wp\/v2\/42wp_blog"}],"about":[{"href":"https:\/\/grandepremio.com\/br\/wp-json\/wp\/v2\/types\/42wp_blog"}],"replies":[{"embeddable":true,"href":"https:\/\/grandepremio.com\/br\/wp-json\/wp\/v2\/comments?post=25520"}],"version-history":[{"count":1,"href":"https:\/\/grandepremio.com\/br\/wp-json\/wp\/v2\/42wp_blog\/25520\/revisions"}],"predecessor-version":[{"id":25521,"href":"https:\/\/grandepremio.com\/br\/wp-json\/wp\/v2\/42wp_blog\/25520\/revisions\/25521"}],"wp:attachment":[{"href":"https:\/\/grandepremio.com\/br\/wp-json\/wp\/v2\/media?parent=25520"}],"wp:term":[{"taxonomy":"category","embeddable":true,"href":"https:\/\/grandepremio.com\/br\/wp-json\/wp\/v2\/categories?post=25520"},{"taxonomy":"post_tag","embeddable":true,"href":"https:\/\/grandepremio.com\/br\/wp-json\/wp\/v2\/tags?post=25520"},{"taxonomy":"42wp_author","embeddable":true,"href":"https:\/\/grandepremio.com\/br\/wp-json\/wp\/v2\/42wp_author?post=25520"}],"curies":[{"name":"wp","href":"https:\/\/api.w.org\/{rel}","templated":true}]}}