{"id":25523,"date":"2018-02-22T15:16:29","date_gmt":"2018-02-22T18:16:29","guid":{"rendered":"https:\/\/grandepremio.com\/br\/blogs\/sem-autor\/noticias\/em-defesa-do-autodromo\/"},"modified":"2026-06-16T22:08:43","modified_gmt":"2026-06-17T01:08:43","slug":"em-defesa-do-autodromo","status":"publish","type":"42wp_blog","link":"https:\/\/grandepremio.com\/br\/blogs\/victor-martins\/noticias\/em-defesa-do-autodromo\/","title":{"rendered":"Em defesa do aut\u00f3dromo"},"content":{"rendered":"\n<p><a href=\"https:\/\/grandepremio.com\/wp-content\/uploads\/2018\/02\/2017121014896_38924521602_384756e405_h_II.jpg\"><img loading=\"lazy\" decoding=\"async\" class=\"alignnone size-full wp-image-11886\" src=\"https:\/\/grandepremio.com\/wp-content\/uploads\/2018\/02\/2017121014896_38924521602_384756e405_h_II.jpg\" alt=\"2017121014896_38924521602_384756e405_h_II\" width=\"580\" height=\"386\" \/><\/a><\/p>\n<p><strong>S\u00c3O PAULO<\/strong> | Um dos lideres do movimento\u00a0Comiss\u00e3o Interlagos Hoje, que busca defender os interesses do aut\u00f3dromo face \u00e0 tentativa de privatiza\u00e7\u00e3o sem que se tenha qualquer garantia de que a atividade principal do espa\u00e7o seja mantida, S\u00e9rgio Berti\u00a0voltou a salientar que os pol\u00edticos envolvidos no caso n\u00e3o t\u00eam ci\u00eancia e ideia do que \u00e9 feito no circuito e\u00a0se posicionou, ao blog, contra a proposta de construir um bairro e um centro comercial, o que destruiria o kart\u00f3dromo.<\/p>\n<p>Berti leu a not\u00edcia no <strong>GRANDE PR\u00caMIO<\/strong>, mas a informa\u00e7\u00e3o foi divulgada hoje por &#8216;O Estado de S. Paulo&#8217;. &#8220;A Comiss\u00e3o Interlagos Hoje, ao tomar conhecimento da mat\u00e9ria publicada no <strong>GP<\/strong>, vem a publico enfatizar que cada vez fica mais not\u00f3rio o desconhecimento dos vereadores, secret\u00e1rios e do prefeito Jo\u00e3o D\u00f3ria em rela\u00e7\u00e3o ao aut\u00f3dromo de Interlagos.\u00a0Poucos sabem das atividades que l\u00e1 ocorrem quase todos os dias do ano e conhecem apenas a F\u00f3rmula 1 \u2014 neste exato momento, estou em Interlagos trabalhando em um evento de prepara\u00e7\u00e3o de novos pilotos. Criar condom\u00ednios ao lado de um aut\u00f3dromo \u00e9 iniciar um confronto entre atividades, como j\u00e1 existe na cidade de S\u00e3o Paulo \u2014 aeroporto, Pacaembu, J\u00f3quei, etc. Al\u00e9m disso, basta apenas ter conhecimento do local e do bairro para saber que\u00a0h\u00e1 outros fatores que s\u00e3o quase proibitivos para essa expans\u00e3o imobili\u00e1ria nesta regi\u00e3o, principalmente fatores ambientais&#8221;, disse Berti.<\/p>\n<p>&#8220;Por conta disso, nossa Comiss\u00e3o se posiciona contra esta proposta e se coloca \u00e0 disposi\u00e7\u00e3o de secret\u00e1rios e vereadores para elucidar todas as atividades existentes no aut\u00f3dromo de Interlagos, assim como sugerir outras atividades que poder\u00e3o atender\u00a0a todos da popula\u00e7\u00e3o e n\u00e3o apenas adeptos ao esporte a motor&#8221;, completou.<\/p>\n<p>O &#8216;jestor&#8217; paulistano for\u00e7a, desde o in\u00edcio de sua passagem pela prefeitura, a venda do aut\u00f3dromo de Interlagos e se recusou a discutir com os agentes e interessados em manter as atividades do aut\u00f3dromo. Apesar de ventilar uma s\u00e9rie de interessados, ningu\u00e9m\u00a0jamais foi citado como poss\u00edvel comprador \u2014 quando falou em Bernie Ecclestone, este tratou prontamente de refutar qualquer negocia\u00e7\u00e3o, at\u00e9 por ter 87 anos de vida.<\/p>\n","protected":false},"excerpt":{"rendered":"<p>S\u00c3O PAULO | Um dos lideres do movimento\u00a0Comiss\u00e3o Interlagos Hoje, que busca defender os interesses do aut\u00f3dromo face \u00e0 tentativa de privatiza\u00e7\u00e3o sem que se tenha qualquer garantia de que a atividade principal do espa\u00e7o seja mantida, S\u00e9rgio Berti\u00a0voltou a salientar que os pol\u00edticos envolvidos no caso n\u00e3o t\u00eam ci\u00eancia e ideia do que \u00e9 [&hellip;]<\/p>\n","protected":false},"featured_media":0,"comment_status":"closed","ping_status":"closed","template":"","meta":{"42wp_featured_image_caption":"","42wp_featured_image_credits":"","42wp_featured_video":"","42wp_featured_image_hidden":false,"footnotes":""},"categories":[1],"tags":[124],"42wp_author":[47136],"class_list":["post-25523","42wp_blog","type-42wp_blog","status-publish","hentry","category-noticias","tag-interlagos","42wp_author-victor-martins"],"_links":{"self":[{"href":"https:\/\/grandepremio.com\/br\/wp-json\/wp\/v2\/42wp_blog\/25523","targetHints":{"allow":["GET"]}}],"collection":[{"href":"https:\/\/grandepremio.com\/br\/wp-json\/wp\/v2\/42wp_blog"}],"about":[{"href":"https:\/\/grandepremio.com\/br\/wp-json\/wp\/v2\/types\/42wp_blog"}],"replies":[{"embeddable":true,"href":"https:\/\/grandepremio.com\/br\/wp-json\/wp\/v2\/comments?post=25523"}],"version-history":[{"count":1,"href":"https:\/\/grandepremio.com\/br\/wp-json\/wp\/v2\/42wp_blog\/25523\/revisions"}],"predecessor-version":[{"id":25524,"href":"https:\/\/grandepremio.com\/br\/wp-json\/wp\/v2\/42wp_blog\/25523\/revisions\/25524"}],"wp:attachment":[{"href":"https:\/\/grandepremio.com\/br\/wp-json\/wp\/v2\/media?parent=25523"}],"wp:term":[{"taxonomy":"category","embeddable":true,"href":"https:\/\/grandepremio.com\/br\/wp-json\/wp\/v2\/categories?post=25523"},{"taxonomy":"post_tag","embeddable":true,"href":"https:\/\/grandepremio.com\/br\/wp-json\/wp\/v2\/tags?post=25523"},{"taxonomy":"42wp_author","embeddable":true,"href":"https:\/\/grandepremio.com\/br\/wp-json\/wp\/v2\/42wp_author?post=25523"}],"curies":[{"name":"wp","href":"https:\/\/api.w.org\/{rel}","templated":true}]}}