{"id":25533,"date":"2018-02-20T21:10:50","date_gmt":"2018-02-21T00:10:50","guid":{"rendered":"https:\/\/grandepremio.com\/br\/blogs\/sem-autor\/noticias\/111-na-ativa\/"},"modified":"2026-06-16T22:08:44","modified_gmt":"2026-06-17T01:08:44","slug":"111-na-ativa","status":"publish","type":"42wp_blog","link":"https:\/\/grandepremio.com\/br\/blogs\/victor-martins\/stock-car\/111-na-ativa\/","title":{"rendered":"#111 na ativa"},"content":{"rendered":"\n<p><strong>S\u00c3O PAULO<\/strong> | Rubens Barrichello anunciou nas redes sociais que vai participar da Corrida de Duplas, prova que abre a temporada da Stock Car em 10 de mar\u00e7o, um s\u00e1bado, em Interlagos. Seu companheiro foi revelado: o portugu\u00eas Filipe Albuquerque, vencedor das 24 Horas de\u00a0Daytona ao lado de Christian Fittipaldi e Jo\u00e3o Barbosa.<\/p>\n<p>At\u00e9 l\u00e1, Barrichello vai permanecer mais alguns dias em repouso, por recomenda\u00e7\u00e3o m\u00e9dica, depois de ter tido uma suspeita de AVC nos EUA.<\/p>\n<blockquote class=\"instagram-media\" style=\"background: #FFF; border: 0; border-radius: 3px; box-shadow: 0 0 1px 0 rgba(0,0,0,0.5),0 1px 10px 0 rgba(0,0,0,0.15); margin: 1px; max-width: 658px; padding: 0; width: calc(100% - 2px);\" data-instgrm-permalink=\"https:\/\/www.instagram.com\/p\/Bfb9vXWgk_L\/\" data-instgrm-version=\"8\">\n<div style=\"padding: 8px;\">\n<div style=\"background: #F8F8F8; line-height: 0; margin-top: 40px; padding: 62.5% 0; text-align: center; width: 100%;\"><\/div>\n<p style=\"color: #c9c8cd; font-family: Arial,sans-serif; font-size: 14px; line-height: 17px; margin-bottom: 0; margin-top: 8px; overflow: hidden; padding: 8px 0 7px; text-align: center; text-overflow: ellipsis; white-space: nowrap;\"><a style=\"color: #c9c8cd; font-family: Arial,sans-serif; font-size: 14px; font-style: normal; font-weight: normal; line-height: 17px; text-decoration: none;\" href=\"https:\/\/www.instagram.com\/p\/Bfb9vXWgk_L\/\" target=\"_blank\">Uma publica\u00e7\u00e3o compartilhada por Rubens Barrichello 1\ufe0f\u20e31\ufe0f\u20e31\ufe0f\u20e3 (@rubarrichello)<\/a> em <time style=\"font-family: Arial,sans-serif; font-size: 14px; line-height: 17px;\" datetime=\"2018-02-20T23:31:07+00:00\">20 de Fev, 2018 \u00e0s 3:31 PST<\/time><\/p>\n<\/div>\n<\/blockquote>\n<p><script src=\"\/\/www.instagram.com\/embed.js\" async=\"\" defer=\"defer\"><\/script><\/p>\n","protected":false},"excerpt":{"rendered":"<p>S\u00c3O PAULO | Rubens Barrichello anunciou nas redes sociais que vai participar da Corrida de Duplas, prova que abre a temporada da Stock Car em 10 de mar\u00e7o, um s\u00e1bado, em Interlagos. Seu companheiro foi revelado: o portugu\u00eas Filipe Albuquerque, vencedor das 24 Horas de\u00a0Daytona ao lado de Christian Fittipaldi e Jo\u00e3o Barbosa. At\u00e9 l\u00e1, [&hellip;]<\/p>\n","protected":false},"featured_media":0,"comment_status":"closed","ping_status":"closed","template":"","meta":{"42wp_featured_image_caption":"","42wp_featured_image_credits":"","42wp_featured_video":"","42wp_featured_image_hidden":false,"footnotes":""},"categories":[11],"tags":[175,69],"42wp_author":[47136],"class_list":["post-25533","42wp_blog","type-42wp_blog","status-publish","hentry","category-stock-car","tag-rubens-barrichello","tag-stock-car","42wp_author-victor-martins"],"_links":{"self":[{"href":"https:\/\/grandepremio.com\/br\/wp-json\/wp\/v2\/42wp_blog\/25533","targetHints":{"allow":["GET"]}}],"collection":[{"href":"https:\/\/grandepremio.com\/br\/wp-json\/wp\/v2\/42wp_blog"}],"about":[{"href":"https:\/\/grandepremio.com\/br\/wp-json\/wp\/v2\/types\/42wp_blog"}],"replies":[{"embeddable":true,"href":"https:\/\/grandepremio.com\/br\/wp-json\/wp\/v2\/comments?post=25533"}],"version-history":[{"count":1,"href":"https:\/\/grandepremio.com\/br\/wp-json\/wp\/v2\/42wp_blog\/25533\/revisions"}],"predecessor-version":[{"id":25534,"href":"https:\/\/grandepremio.com\/br\/wp-json\/wp\/v2\/42wp_blog\/25533\/revisions\/25534"}],"wp:attachment":[{"href":"https:\/\/grandepremio.com\/br\/wp-json\/wp\/v2\/media?parent=25533"}],"wp:term":[{"taxonomy":"category","embeddable":true,"href":"https:\/\/grandepremio.com\/br\/wp-json\/wp\/v2\/categories?post=25533"},{"taxonomy":"post_tag","embeddable":true,"href":"https:\/\/grandepremio.com\/br\/wp-json\/wp\/v2\/tags?post=25533"},{"taxonomy":"42wp_author","embeddable":true,"href":"https:\/\/grandepremio.com\/br\/wp-json\/wp\/v2\/42wp_author?post=25533"}],"curies":[{"name":"wp","href":"https:\/\/api.w.org\/{rel}","templated":true}]}}