{"id":31188,"date":"2009-07-10T13:50:03","date_gmt":"2009-07-10T16:50:03","guid":{"rendered":"https:\/\/grandepremio.com\/br\/blogs\/sem-autor\/noticias\/o-senhor-da-razao\/"},"modified":"2026-06-16T22:21:17","modified_gmt":"2026-06-17T01:21:17","slug":"o-senhor-da-razao","status":"publish","type":"42wp_blog","link":"https:\/\/grandepremio.com\/br\/blogs\/victor-martins\/noticias\/o-senhor-da-razao\/","title":{"rendered":"O senhor da raz\u00e3o"},"content":{"rendered":"\n<p><strong>S\u00c3O PAULO<\/strong> | C\u00e1 estou a acompanhar uma entrevista de Terry Angstadt, que vem a ser o presidente da divis\u00e3o comercial da Indy. O sr. Angstadt vem a p\u00fablico para fazer uma an\u00e1lise da atual temporada da categoria em quest\u00e3o e sobre o que vem por a\u00ed em 2010.<\/p>\n<p>Disse o seguinte, o sr. Angstadt. &#8220;N\u00f3s temos um plano de expans\u00e3o internacional da categoria. &#8220;E esperamos \u2014\u00a0n\u00e3o est\u00e1 ainda confirmado, como informado anteriormente \u2014 confirmar que vamos abrir a temporada no Brasil num futuro pr\u00f3ximo. Hum.<\/p>\n<p>Logo em seguida, acrescentou o sr. Angstadt. &#8220;N\u00f3s n\u00e3o vamos correr fora dos EUA se n\u00e3o for bom para todos os envolvidos. Hum.<\/p>\n<p>A promessa do sr. Angstadt \u00e9 anunciar o calend\u00e1rio no fim de julho, mas mais provavelmente em 1\u00ba de agosto, no fim de semana da etapa de Kentucky.<\/p>\n<p>Esperemos, ent\u00e3o, o sr. Tempo.<\/p>\n","protected":false},"excerpt":{"rendered":"<p>S\u00c3O PAULO | C\u00e1 estou a acompanhar uma entrevista de Terry Angstadt, que vem a ser o presidente da divis\u00e3o comercial da Indy. O sr. Angstadt vem a p\u00fablico para fazer uma an\u00e1lise da atual temporada da categoria em quest\u00e3o e sobre o que vem por a\u00ed em 2010. Disse o seguinte, o sr. Angstadt. [&hellip;]<\/p>\n","protected":false},"featured_media":0,"comment_status":"closed","ping_status":"closed","template":"","meta":{"42wp_featured_image_caption":"","42wp_featured_image_credits":"","42wp_featured_video":"","42wp_featured_image_hidden":false,"footnotes":""},"categories":[1],"tags":[783,969,93],"42wp_author":[47136],"class_list":["post-31188","42wp_blog","type-42wp_blog","status-publish","hentry","category-noticias","tag-brasil","tag-corrida","tag-indy","42wp_author-victor-martins"],"_links":{"self":[{"href":"https:\/\/grandepremio.com\/br\/wp-json\/wp\/v2\/42wp_blog\/31188","targetHints":{"allow":["GET"]}}],"collection":[{"href":"https:\/\/grandepremio.com\/br\/wp-json\/wp\/v2\/42wp_blog"}],"about":[{"href":"https:\/\/grandepremio.com\/br\/wp-json\/wp\/v2\/types\/42wp_blog"}],"replies":[{"embeddable":true,"href":"https:\/\/grandepremio.com\/br\/wp-json\/wp\/v2\/comments?post=31188"}],"version-history":[{"count":1,"href":"https:\/\/grandepremio.com\/br\/wp-json\/wp\/v2\/42wp_blog\/31188\/revisions"}],"predecessor-version":[{"id":31189,"href":"https:\/\/grandepremio.com\/br\/wp-json\/wp\/v2\/42wp_blog\/31188\/revisions\/31189"}],"wp:attachment":[{"href":"https:\/\/grandepremio.com\/br\/wp-json\/wp\/v2\/media?parent=31188"}],"wp:term":[{"taxonomy":"category","embeddable":true,"href":"https:\/\/grandepremio.com\/br\/wp-json\/wp\/v2\/categories?post=31188"},{"taxonomy":"post_tag","embeddable":true,"href":"https:\/\/grandepremio.com\/br\/wp-json\/wp\/v2\/tags?post=31188"},{"taxonomy":"42wp_author","embeddable":true,"href":"https:\/\/grandepremio.com\/br\/wp-json\/wp\/v2\/42wp_author?post=31188"}],"curies":[{"name":"wp","href":"https:\/\/api.w.org\/{rel}","templated":true}]}}