{"id":31362,"date":"2009-06-23T14:44:58","date_gmt":"2009-06-23T17:44:58","guid":{"rendered":"https:\/\/grandepremio.com\/br\/blogs\/sem-autor\/noticias\/quem-ama-bloqueia\/"},"modified":"2026-06-16T22:21:32","modified_gmt":"2026-06-17T01:21:32","slug":"quem-ama-bloqueia","status":"publish","type":"42wp_blog","link":"https:\/\/grandepremio.com\/br\/blogs\/victor-martins\/f1\/quem-ama-bloqueia\/","title":{"rendered":"Quem ama bloqueia"},"content":{"rendered":"\n<p><strong>S\u00c3O PAULO<\/strong> | O alerta j\u00e1 havia sido dado pelo pulha @ivancapelli. Que, diante da not\u00edcia da cria\u00e7\u00e3o do @rubarrichello, vista neste blog, foi, como fazem todos que se interessam pela pessoa ou nutrem algum tipo de sentimento pr\u00f3ximo, apertou um simples bot\u00e3o &#8216;follow&#8217; para acompanhar o que semelhante individuo est\u00e1 fazendo, que \u00e9 a proposta do Twitter. Deparou-se com um cadeado e uma solicita\u00e7\u00e3o em ingl\u00eas para que fizesse um pedido para acompanh\u00e1-lo.<\/p>\n<p>Digamos que \u00e9 raro ver algu\u00e9m se propor a entrar neste microblog de comunica\u00e7\u00e3o r\u00e1pida e f\u00e1cil restringir o que escreve a tr\u00eas ou quatro ou a quem quiser, como se fosse a m\u00e3e ou cozinheira que se senta e separa cuidadosamente os gr\u00e3os bons de ervilha dos ruins para fazer uma sopa. Digamos que \u00e9 ainda mais raro, muito raro, rar\u00edssimo, uma figura de conhecimento p\u00fablico, mundial, fechar ao mundo o que pensa (?).<\/p>\n<p>\u00c9 uma atitude surpreendente. Capelli, no entanto, foi bloqueado. Isso j\u00e1 n\u00e3o \u00e9 surpreendente.<\/p>\n<p>A colega @vanessaruiz, da R\u00e1dio Globo\/CBN, tamb\u00e9m comentou em seu espa\u00e7o de 140 caracteres que &#8220;Rubinho me bloqueou tbm&#8221; e acrescentou que &#8220;(N sei de onde ele teve essa brilhante ideia pq nem me conhece&#8230; eu acho)&#8221;.<\/p>\n<p>A proposta de um jornalista de automobilismo, bem como o de futebol, o de v\u00f4lei, o de cinema, o de economia, o de cultura, e todos os outros, \u00e9 trazer not\u00edcias referentes a seu tema e, quando lhe dada a oportunidade, como \u00e9 o caso de um blog ou de uma coluna, analisar e opinar, procurando restringir (ops!) seu foco \u00e0 atividade. O interesse aqui \u00e9 o carro, a corrida. O piloto. \u00c9 como se fosse aquela quest\u00e3o de separar a vida pessoal da profissional. O que faz ou deixa de fazer, se fuma, bebe ou d\u00e1, \u00e9 mera quest\u00e3o de foro \u00edntimo. S\u00f3 que a partir do momento que a personalidade influi, para o bem ou para o mal, tamb\u00e9m passa a ser motivo de an\u00e1lise do jornalista. A imagem, diferente do que dizia a propaganda, vale muito.<\/p>\n<p>O piloto Barrichello, vice-l\u00edder do Campeonato Mundial de F1, n\u00e3o venceu nenhuma das oito corridas disputadas na temporada. Viu o companheiro Jenson Button vencer seis. Barrichello teve problemas em algumas provas. Cometeu erros. Deu declara\u00e7\u00f5es, a grande maioria delas retumbantes, referentes a tais problemas. Justificou os erros. A grande maioria de suas respostas recebeu uma s\u00e9rie de cr\u00edticas, e n\u00e3o s\u00f3 no Brasil, como ele costuma dizer \u2014 um jornalista italiano, depois da primeira prova na Austr\u00e1lia, o comparou a Tony Little, o segundo colocado do Festival de Sanremo de trocentos anos atr\u00e1s. Os jornais espanh\u00f3is o tratam como segundo piloto da Brawn. N\u00e3o \u00e9 um &#8220;privil\u00e9gio&#8221; nacional, portanto. Mas Barrichello n\u00e3o sabe e nunca soube lidar com as cr\u00edticas. Que eram feitas ao piloto Barrichello. Ele, envolto na manta da ira e do rancor, revidava, \u00e0s vezes at\u00e9 pessoalmente. E da\u00ed vai aquela coisa do apelido: voc\u00ea coloca numa pessoa, ela n\u00e3o gosta, e a\u00ed que ele pega, mesmo.<\/p>\n<p>Devo ter falado com ele pelo menos umas dez vezes nessas de 500 Milhas da Granja, Desafio de Kart\u00a0e F1. Sempre me respeitou. N\u00e3o tenho absolutamente nada contra a pessoa Barrichello. Que\u00a0\u00e9 um piloto \u00f3timo de entrevista, disso n\u00e3o se pode negar.\u00a0S\u00f3 que suas palavras tomaram uma import\u00e2ncia t\u00e3o grande quanto o que faz nas pistas. Sua personalidade est\u00e1, hoje, direta e intrinsicamente atrelada com sua profiss\u00e3o. A ponto de gente como Hort\u00eancia, de quem nunca se havia ouvido uma palavra sequer sobre automobilismo, soltar aquela p\u00e9rola, desnecess\u00e1ria e descabida, sobre sua estrela. Barrichello virou um personagem folcl\u00f3rico, virou predicado, quase substantivo. \u00c9 um membro da nossa cultura.<\/p>\n<p>Veio o Twitter, e com ele mais uma forma viciante, quase em tom de reality-show, de se expressar o que cada um faz de sua vida. Isto \u00e9, uma coisa pessoal que inevitavelmente mistura com o profissional. @NelsinhoPiquet_ foi o primeiro dos pilotos brasileiros a se juntar nesse microcosmo. Nelsinho deixa seu Twitter aberto a quem quiser segui-lo ou n\u00e3o. Ficou no in\u00edcio a d\u00favida se era ele mesmo quem postava. Ningu\u00e9m est\u00e1 l\u00e1 do lado dele para ver se ele mesmo digita ou se \u00e9 algum assessor. Mas j\u00e1 que \u00e9 seu, oficialmente, \u00e9 ele \u2014 e parece ser, mesmo. Nelsinho n\u00e3o \u00e9 nenhum esplendor de piloto, poucas vezes teve um desempenho acima de cr\u00edtica, esteve muito perto de ser defenestrado da Renault, foi achincalhado aos montes pela imprensa e at\u00e9 pelo chefe. Passava impress\u00e3o de ser um azedume e de ter a boca solta que herdou do pai. S\u00f3 que nunca demonstrou birra e nunca fez beicinho. Sempre ficou na dele. E inegalvemente o Twitter tem ajudado muito em desfazer essa imagem negativa. Trata bem o f\u00e3 e a imprensa, mesmo aquela que coloca a m\u00e3o inteira em sua ferida. Al\u00e9m de ter fornecido informa\u00e7\u00f5es, tamb\u00e9m por fotos, que temos usado. Nelsinho est\u00e1 prestes a completar 24 anos.<\/p>\n<p>Felipe Massa, 28, ao que consta, n\u00e3o tem Twitter. Se n\u00e3o tiver, provavelmente n\u00e3o muda nada na vida dele. Tamb\u00e9m n\u00e3o muda nada na de ningu\u00e9m. Massa tamb\u00e9m foi alvo da m\u00eddia quando vinha mal na F1. E sempre acompanhou isso. Um epis\u00f3dio: depois de vencer seu primeiro GP do Brasil, em 2006, Massa entrou na sala de coletiva da FIA e viu Flavio Gomes sentado. Em meio a comemora\u00e7\u00e3o, chegou ao nanojornalista e deu-lhe um tapinha. Disse algo nesse sentido: &#8220;Vai, que nota voc\u00ea vai me dar agora, hein?&#8221;, referindo-se ao ranking do <em>Grande Pr\u00eamio<\/em>. Gomes pegou um papel enquanto Massa se sentava na cadeira do meio. Quando viu um 4, Felipe come\u00e7ou a rir. E assim seguiu a vida. Pode-se n\u00e3o achar Massa um piloto top \u2014 o que \u00e9 dif\u00edcil, como disse em post dias atr\u00e1s, j\u00e1 que ele atingiu uma consist\u00eancia e uma consci\u00eancia evidentes \u2014 e pode n\u00e3o se achar que seja um piloto carism\u00e1tico. Mas leva tudo numa boa com a maturidade que atingiu. Sua imagem j\u00e1 o ajudou at\u00e9 a construir o car\u00e1ter de heroi nacional para alguns. Postura e\u00a0palavras ajudam.<\/p>\n<p>Barrichello chegou ao Twitter \u00e0s 22h45 de ontem. Barrichello, que diz que a imprensa \u00e9 que cria pol\u00eamica, criou outra: evitou que alguns vejam o que ele est\u00e1 escrevendo, como se o que postasse fosse, embu\u00eddo do esp\u00edrito celestial de Mois\u00e9s, uma t\u00e1bua de mandamentos e li\u00e7\u00f5es \u00e0s quais poucos privilegiados devem ter acesso. Sua resposta \u00e9 que &#8220;neguinho escrevendo soh pra encher o saco e falar mal no teu twitter.oq vc faz?&#8221;. Bloqueou dois jornalistas. Perguntei ao assessor dele, Anderson Marsili, amig\u00e3o meu, que disse que Barrichello ainda est\u00e1 se familiarizando com o Twitter. E com todo respeito, n\u00e3o acho que seja o caso de n\u00e3o saber o que um bot\u00e3o &#8220;block&#8221; signifique. At\u00e9 porque h\u00e1 uma explica\u00e7\u00e3o subsequente, com tr\u00eas itens do que vai acontecer com tal ato punitivo, e um bot\u00e3o de confirma\u00e7\u00e3o da senten\u00e7a. Pouco depois das 15h, Barrichello escreveu\u00a0algo parecido, dizendo que n\u00e3o sabia que se tratavam de jornalistas e que o Twitter \u00e9 novo. Barrichello, 36 anos, segue guardando m\u00e1goa, sem entender que, muitas vezes, passar por cima dos detratores e dos neguinhos que ficam querendo tirar uma com classe \u00e9 a melhor rea\u00e7\u00e3o que poderia ter. Ou, na melhor das hip\u00f3teses, responder com bom humor. Uma brincadeira geralmente desarma as pessoas. Uma brincadeira ganha as pessoas. Barrichello preferiu mostrar, num lugar de papo aberto e leve, uma tacanha, mesquinha, ins\u00edpida e, porque n\u00e3o, rid\u00edcula atitude. Em tempo: Barrichello aceitou meu pedido para que\u00a0eu pudesse segui-lo \u00e0s 15h10.<\/p>\n<p>Barrichello\u00a0preferiu ser a ervilha que a m\u00e3e cozinheira joga fora.<\/p>\n","protected":false},"excerpt":{"rendered":"<p>S\u00c3O PAULO | O alerta j\u00e1 havia sido dado pelo pulha @ivancapelli. Que, diante da not\u00edcia da cria\u00e7\u00e3o do @rubarrichello, vista neste blog, foi, como fazem todos que se interessam pela pessoa ou nutrem algum tipo de sentimento pr\u00f3ximo, apertou um simples bot\u00e3o &#8216;follow&#8217; para acompanhar o que semelhante individuo est\u00e1 fazendo, que \u00e9 a [&hellip;]<\/p>\n","protected":false},"featured_media":0,"comment_status":"closed","ping_status":"closed","template":"","meta":{"42wp_featured_image_caption":"","42wp_featured_image_credits":"","42wp_featured_video":"","42wp_featured_image_hidden":false,"footnotes":""},"categories":[2],"tags":[147,175,685],"42wp_author":[47136],"class_list":["post-31362","42wp_blog","type-42wp_blog","status-publish","hentry","category-f1","tag-f1","tag-rubens-barrichello","tag-twitter","42wp_author-victor-martins"],"_links":{"self":[{"href":"https:\/\/grandepremio.com\/br\/wp-json\/wp\/v2\/42wp_blog\/31362","targetHints":{"allow":["GET"]}}],"collection":[{"href":"https:\/\/grandepremio.com\/br\/wp-json\/wp\/v2\/42wp_blog"}],"about":[{"href":"https:\/\/grandepremio.com\/br\/wp-json\/wp\/v2\/types\/42wp_blog"}],"replies":[{"embeddable":true,"href":"https:\/\/grandepremio.com\/br\/wp-json\/wp\/v2\/comments?post=31362"}],"version-history":[{"count":1,"href":"https:\/\/grandepremio.com\/br\/wp-json\/wp\/v2\/42wp_blog\/31362\/revisions"}],"predecessor-version":[{"id":31364,"href":"https:\/\/grandepremio.com\/br\/wp-json\/wp\/v2\/42wp_blog\/31362\/revisions\/31364"}],"wp:attachment":[{"href":"https:\/\/grandepremio.com\/br\/wp-json\/wp\/v2\/media?parent=31362"}],"wp:term":[{"taxonomy":"category","embeddable":true,"href":"https:\/\/grandepremio.com\/br\/wp-json\/wp\/v2\/categories?post=31362"},{"taxonomy":"post_tag","embeddable":true,"href":"https:\/\/grandepremio.com\/br\/wp-json\/wp\/v2\/tags?post=31362"},{"taxonomy":"42wp_author","embeddable":true,"href":"https:\/\/grandepremio.com\/br\/wp-json\/wp\/v2\/42wp_author?post=31362"}],"curies":[{"name":"wp","href":"https:\/\/api.w.org\/{rel}","templated":true}]}}