{"id":31899,"date":"2009-05-22T01:26:55","date_gmt":"2009-05-22T04:26:55","guid":{"rendered":"https:\/\/grandepremio.com\/br\/blogs\/sem-autor\/noticias\/capecete-a-barrichello\/"},"modified":"2026-06-16T22:22:16","modified_gmt":"2026-06-17T01:22:16","slug":"capecete-a-barrichello","status":"publish","type":"42wp_blog","link":"https:\/\/grandepremio.com\/br\/blogs\/victor-martins\/noticias\/capecete-a-barrichello\/","title":{"rendered":"Capacete \u00e0 Barrichello"},"content":{"rendered":"\n<p><strong>INDIAN\u00c1POLIS<\/strong> | Tony Kanaan vai fazer uma nova homenagem a Rubens Barrichello neste fim de semana durante as 500 Milhas de Indian\u00e1polis.<\/p>\n<p>Amigos \u00edntimos, Kanaan e Barrichello trocaram de capacete no ano passado, nesta mesma \u00e9poca, em que F1 e F-Indy realizavam suas etapas em M\u00f4naco e aqui. Era uma forma de um fazer o outro correr naquelas pistas. Ideia at\u00e9 que legalzinha, v\u00e1 l\u00e1.<\/p>\n<p>Bem, na Indy 500 deste ano, Kanaan vai usar no casco a Brawn. O desenho tradicional de seu capacete ser\u00e1 mantido, mas o baiano da Andretti Green vai trocar o azul e vermelho pelo amarelo e branco da equipe que lidera o campeonato da F1. &#8220;\u00c9 porque achavam que eles estavam mortos&#8221;, contou Tony.<\/p>\n","protected":false},"excerpt":{"rendered":"<p>INDIAN\u00c1POLIS | Tony Kanaan vai fazer uma nova homenagem a Rubens Barrichello neste fim de semana durante as 500 Milhas de Indian\u00e1polis. Amigos \u00edntimos, Kanaan e Barrichello trocaram de capacete no ano passado, nesta mesma \u00e9poca, em que F1 e F-Indy realizavam suas etapas em M\u00f4naco e aqui. Era uma forma de um fazer o [&hellip;]<\/p>\n","protected":false},"featured_media":0,"comment_status":"closed","ping_status":"closed","template":"","meta":{"42wp_featured_image_caption":"","42wp_featured_image_credits":"","42wp_featured_video":"","42wp_featured_image_hidden":false,"footnotes":""},"categories":[1],"tags":[175,321],"42wp_author":[47136],"class_list":["post-31899","42wp_blog","type-42wp_blog","status-publish","hentry","category-noticias","tag-rubens-barrichello","tag-tony-kanaan","42wp_author-victor-martins"],"_links":{"self":[{"href":"https:\/\/grandepremio.com\/br\/wp-json\/wp\/v2\/42wp_blog\/31899","targetHints":{"allow":["GET"]}}],"collection":[{"href":"https:\/\/grandepremio.com\/br\/wp-json\/wp\/v2\/42wp_blog"}],"about":[{"href":"https:\/\/grandepremio.com\/br\/wp-json\/wp\/v2\/types\/42wp_blog"}],"replies":[{"embeddable":true,"href":"https:\/\/grandepremio.com\/br\/wp-json\/wp\/v2\/comments?post=31899"}],"version-history":[{"count":1,"href":"https:\/\/grandepremio.com\/br\/wp-json\/wp\/v2\/42wp_blog\/31899\/revisions"}],"predecessor-version":[{"id":31900,"href":"https:\/\/grandepremio.com\/br\/wp-json\/wp\/v2\/42wp_blog\/31899\/revisions\/31900"}],"wp:attachment":[{"href":"https:\/\/grandepremio.com\/br\/wp-json\/wp\/v2\/media?parent=31899"}],"wp:term":[{"taxonomy":"category","embeddable":true,"href":"https:\/\/grandepremio.com\/br\/wp-json\/wp\/v2\/categories?post=31899"},{"taxonomy":"post_tag","embeddable":true,"href":"https:\/\/grandepremio.com\/br\/wp-json\/wp\/v2\/tags?post=31899"},{"taxonomy":"42wp_author","embeddable":true,"href":"https:\/\/grandepremio.com\/br\/wp-json\/wp\/v2\/42wp_author?post=31899"}],"curies":[{"name":"wp","href":"https:\/\/api.w.org\/{rel}","templated":true}]}}