{"id":31991,"date":"2009-05-16T16:23:14","date_gmt":"2009-05-16T19:23:14","guid":{"rendered":"https:\/\/grandepremio.com\/br\/blogs\/sem-autor\/noticias\/vital-nas-pistas-3\/"},"modified":"2026-06-16T22:22:23","modified_gmt":"2026-06-17T01:22:23","slug":"vital-nas-pistas-3","status":"publish","type":"42wp_blog","link":"https:\/\/grandepremio.com\/br\/blogs\/victor-martins\/noticias\/vital-nas-pistas-3\/","title":{"rendered":"Vital nas pistas"},"content":{"rendered":"\n<p><strong><a href=\"\/wp-content\/uploads\/2009\/05\/leo_scs.jpg\"><img loading=\"lazy\" decoding=\"async\" class=\"alignright size-full wp-image-41\" src=\"\/wp-content\/uploads\/2009\/05\/leo_scs.jpg\" alt=\"\" width=\"470\" height=\"729\" \/><\/a>S\u00c3O PAULO<\/strong> | &#8220;Caralho, irm\u00e3o!&#8221;, ele gritou,\u00a0e\u00a0eu sem entender. Perguntei ao L\u00e9o o que tinha acontecido. &#8220;A Bota \u00e9 foda.&#8221; Pensei que ele estava se tratando da It\u00e1lia ou de alguma loira exuberante que lhe deixou na m\u00e3o em Santa Cruz, mas logo Vital me contou que se tratava de um trecho do circuito.\u00a0&#8220;Eu n\u00e3o dei o melhor. Falta um pouco de mim l\u00e1.&#8221;<\/p>\n<p>Meu brother larga em 11\u00ba na corrida de amanh\u00e3 da Stock Light\/Copa Vicar \u2014 Vicar n\u00e3o \u00e9 nome de patrocinador, diga-se. Ao menos \u00e9 sua melhor posi\u00e7\u00e3o de largada no ano. &#8220;Minha expectativa era estar mais \u00e0 frente&#8221;, disse. Eu sei que era, L\u00e9o. A\u00ed eu quis saber onde \u00e9 que dava para ele recuperar dez posi\u00e7\u00f5es e liderar a prova j\u00e1 a partir da primeira volta. &#8220;\u00c9 no fim da reta, mas eu preciso entrar bem nela para conseguir a manobra de ultrapassagem.&#8221;<\/p>\n<p>Leo vai ter de passar Pachenki, Gon\u00e7alves, Lapenna, Berlanda, Sondermann, Daniel, Justino, Leite, Bragantini e o pole Campos. Tenho d\u00favidas se\u00a0em uma volta\u00a0d\u00e1. Talvez em tr\u00eas ou quatro consiga.<\/p>\n","protected":false},"excerpt":{"rendered":"<p>S\u00c3O PAULO | &#8220;Caralho, irm\u00e3o!&#8221;, ele gritou,\u00a0e\u00a0eu sem entender. Perguntei ao L\u00e9o o que tinha acontecido. &#8220;A Bota \u00e9 foda.&#8221; Pensei que ele estava se tratando da It\u00e1lia ou de alguma loira exuberante que lhe deixou na m\u00e3o em Santa Cruz, mas logo Vital me contou que se tratava de um trecho do circuito.\u00a0&#8220;Eu n\u00e3o [&hellip;]<\/p>\n","protected":false},"featured_media":0,"comment_status":"closed","ping_status":"closed","template":"","meta":{"42wp_featured_image_caption":"","42wp_featured_image_credits":"","42wp_featured_video":"","42wp_featured_image_hidden":false,"footnotes":""},"categories":[1],"tags":[25434],"42wp_author":[47136],"class_list":["post-31991","42wp_blog","type-42wp_blog","status-publish","hentry","category-noticias","tag-santa-cruz-do-sul","42wp_author-victor-martins"],"_links":{"self":[{"href":"https:\/\/grandepremio.com\/br\/wp-json\/wp\/v2\/42wp_blog\/31991","targetHints":{"allow":["GET"]}}],"collection":[{"href":"https:\/\/grandepremio.com\/br\/wp-json\/wp\/v2\/42wp_blog"}],"about":[{"href":"https:\/\/grandepremio.com\/br\/wp-json\/wp\/v2\/types\/42wp_blog"}],"replies":[{"embeddable":true,"href":"https:\/\/grandepremio.com\/br\/wp-json\/wp\/v2\/comments?post=31991"}],"version-history":[{"count":1,"href":"https:\/\/grandepremio.com\/br\/wp-json\/wp\/v2\/42wp_blog\/31991\/revisions"}],"predecessor-version":[{"id":31993,"href":"https:\/\/grandepremio.com\/br\/wp-json\/wp\/v2\/42wp_blog\/31991\/revisions\/31993"}],"wp:attachment":[{"href":"https:\/\/grandepremio.com\/br\/wp-json\/wp\/v2\/media?parent=31991"}],"wp:term":[{"taxonomy":"category","embeddable":true,"href":"https:\/\/grandepremio.com\/br\/wp-json\/wp\/v2\/categories?post=31991"},{"taxonomy":"post_tag","embeddable":true,"href":"https:\/\/grandepremio.com\/br\/wp-json\/wp\/v2\/tags?post=31991"},{"taxonomy":"42wp_author","embeddable":true,"href":"https:\/\/grandepremio.com\/br\/wp-json\/wp\/v2\/42wp_author?post=31991"}],"curies":[{"name":"wp","href":"https:\/\/api.w.org\/{rel}","templated":true}]}}