{"id":32005,"date":"2009-05-15T14:31:57","date_gmt":"2009-05-15T17:31:57","guid":{"rendered":"https:\/\/grandepremio.com\/br\/blogs\/sem-autor\/noticias\/vital-nas-pistas-2\/"},"modified":"2026-06-16T22:22:24","modified_gmt":"2026-06-17T01:22:24","slug":"vital-nas-pistas-2","status":"publish","type":"42wp_blog","link":"https:\/\/grandepremio.com\/br\/blogs\/victor-martins\/noticias\/vital-nas-pistas-2\/","title":{"rendered":"Vital nas pistas"},"content":{"rendered":"\n<p><strong><a href=\"\/wp-content\/uploads\/2009\/05\/leo_rs1.jpg\"><\/a>S\u00c3O PAULO<\/strong> | O brother Leonardo Vital ficou em d\u00e9cimo no \u00fanico treino livre que a gloriosa Copa Vicar \u2014 acho que vou chamar de Stock Light, \u00e9 melhor \u2014 realizou em Santa Cruz do Sul. &#8220;Ainda estou me adaptando ao tra\u00e7ado&#8221;, me contou.\u00a0E que tal?, quis saber, e ele respondeu que &#8220;est\u00e1 muito bom&#8221;.<\/p>\n<p><a href=\"\/wp-content\/uploads\/2009\/05\/leo_rs1.jpg\"><img loading=\"lazy\" decoding=\"async\" class=\"alignright size-medium wp-image-36\" src=\"\/wp-content\/uploads\/2009\/05\/leo_rs1-300x200.jpg\" alt=\"O carro 12 em 10\u00ba. Amanh\u00e3, em 1\u00ba\" width=\"300\" height=\"200\" \/><\/a><\/p>\n<p>Vital andou com pneus usados, o que fez aumentar suas expectativas para amanh\u00e3.\u00a0&#8220;J\u00e1 temos a receita para o acerto&#8221;, disse, sorrindo, e eu ent\u00e3o perguntei o que ia para a panela.\u00a0Leo deu uma risada por dar, e s\u00f3\u00a0completou dizendo que vai depender da &#8220;adapta\u00e7\u00e3o ao tra\u00e7ado&#8221;. E, ufa!, o motor n\u00e3o vai ter mais os problemas enfrentados em Bras\u00edlia, disseram os engenheiros da RC3 Bassani brought by Itaipava. Fico aliviado.<\/p>\n<p>Leonardo vai voltar \u00e0 pista \u00e0s 9h40 do s\u00e1bado. Eu n\u00e3o vou poder estar acompanhando porque provavelmente vou estar dormindo depois de uma noite em que\u00a0vou estar comemorando. Mas logo\u00a0meu irm\u00e3o\u00a0g\u00eameo, como descobriram alguns,\u00a0h\u00e1 de me ligar para\u00a0comemorar a\u00a0pole certa l\u00e1 pelos pampas.<\/p>\n<p>Pole de anivers\u00e1rio, claro.<\/p>\n","protected":false},"excerpt":{"rendered":"<p>S\u00c3O PAULO | O brother Leonardo Vital ficou em d\u00e9cimo no \u00fanico treino livre que a gloriosa Copa Vicar \u2014 acho que vou chamar de Stock Light, \u00e9 melhor \u2014 realizou em Santa Cruz do Sul. &#8220;Ainda estou me adaptando ao tra\u00e7ado&#8221;, me contou.\u00a0E que tal?, quis saber, e ele respondeu que &#8220;est\u00e1 muito bom&#8221;. [&hellip;]<\/p>\n","protected":false},"featured_media":0,"comment_status":"closed","ping_status":"closed","template":"","meta":{"42wp_featured_image_caption":"","42wp_featured_image_credits":"","42wp_featured_video":"","42wp_featured_image_hidden":false,"footnotes":""},"categories":[1],"tags":[510,25434],"42wp_author":[47136],"class_list":["post-32005","42wp_blog","type-42wp_blog","status-publish","hentry","category-noticias","tag-pole","tag-santa-cruz-do-sul","42wp_author-victor-martins"],"_links":{"self":[{"href":"https:\/\/grandepremio.com\/br\/wp-json\/wp\/v2\/42wp_blog\/32005","targetHints":{"allow":["GET"]}}],"collection":[{"href":"https:\/\/grandepremio.com\/br\/wp-json\/wp\/v2\/42wp_blog"}],"about":[{"href":"https:\/\/grandepremio.com\/br\/wp-json\/wp\/v2\/types\/42wp_blog"}],"replies":[{"embeddable":true,"href":"https:\/\/grandepremio.com\/br\/wp-json\/wp\/v2\/comments?post=32005"}],"version-history":[{"count":1,"href":"https:\/\/grandepremio.com\/br\/wp-json\/wp\/v2\/42wp_blog\/32005\/revisions"}],"predecessor-version":[{"id":32006,"href":"https:\/\/grandepremio.com\/br\/wp-json\/wp\/v2\/42wp_blog\/32005\/revisions\/32006"}],"wp:attachment":[{"href":"https:\/\/grandepremio.com\/br\/wp-json\/wp\/v2\/media?parent=32005"}],"wp:term":[{"taxonomy":"category","embeddable":true,"href":"https:\/\/grandepremio.com\/br\/wp-json\/wp\/v2\/categories?post=32005"},{"taxonomy":"post_tag","embeddable":true,"href":"https:\/\/grandepremio.com\/br\/wp-json\/wp\/v2\/tags?post=32005"},{"taxonomy":"42wp_author","embeddable":true,"href":"https:\/\/grandepremio.com\/br\/wp-json\/wp\/v2\/42wp_author?post=32005"}],"curies":[{"name":"wp","href":"https:\/\/api.w.org\/{rel}","templated":true}]}}