{"id":32014,"date":"2009-05-15T10:58:59","date_gmt":"2009-05-15T13:58:59","guid":{"rendered":"https:\/\/grandepremio.com\/br\/blogs\/sem-autor\/noticias\/lauda-no-brasil\/"},"modified":"2026-06-16T22:22:24","modified_gmt":"2026-06-17T01:22:24","slug":"lauda-no-brasil","status":"publish","type":"42wp_blog","link":"https:\/\/grandepremio.com\/br\/blogs\/victor-martins\/f1\/lauda-no-brasil\/","title":{"rendered":"Lauda no Brasil"},"content":{"rendered":"\n<p><strong>S\u00c3O PAULO<\/strong> | Niki Lauda esteve ontem \u00e0 tarde em terras brasileiras. O campe\u00e3o de 1975, 1977 e 1984 foi a S\u00e3o Jos\u00e9 dos Campos, onde est\u00e1 localizada a Embraer,\u00a0para pegar seu primeiro avi\u00e3o.<\/p>\n<p>Lauda recebeu o jato Embraer 190 em nome de sua\u00a0companhia austr\u00edaca, a NIKI Luftfahrt GhbH, das m\u00e3os\u00a0do presidente da empresa, Frederico Fleury Curado.<\/p>\n<p>Contou\u00a0o Rodrigo\u00a0Aquino, velho conhecido que l\u00e1 trabalha, que Lauda\u00a0voou por 20 minutos com\u00a0o brinquedo e que o evento seguiu no tom\u00a0b\u00e1sico,\u00a0com champanhe e discursos. &#8220;N\u00e3o sei se voc\u00ea j\u00e1 viu o avi\u00e3o&#8221;,\u00a0falou\u00a0Aquino, &#8220;mas ele tem uma mosca pintada perto da cabine. \u00c9 o mascote dele.&#8221;<\/p>\n<p>Uma mosca?<\/p>\n<p>O\u00a0avi\u00e3o, em homenagem ao Brasil e ao Carnaval, vai se chamar Samba. E Lauda vai pilot\u00e1-lo at\u00e9 Viena.\u00a0<\/p>\n<p><img decoding=\"async\" src=\"http:\/\/victal.zip.net\/images\/Lauda_aviao_Embraer.jpg\" alt=\"\" \/><\/p>\n","protected":false},"excerpt":{"rendered":"<p>S\u00c3O PAULO | Niki Lauda esteve ontem \u00e0 tarde em terras brasileiras. O campe\u00e3o de 1975, 1977 e 1984 foi a S\u00e3o Jos\u00e9 dos Campos, onde est\u00e1 localizada a Embraer,\u00a0para pegar seu primeiro avi\u00e3o. Lauda recebeu o jato Embraer 190 em nome de sua\u00a0companhia austr\u00edaca, a NIKI Luftfahrt GhbH, das m\u00e3os\u00a0do presidente da empresa, Frederico [&hellip;]<\/p>\n","protected":false},"featured_media":0,"comment_status":"closed","ping_status":"closed","template":"","meta":{"42wp_featured_image_caption":"","42wp_featured_image_credits":"","42wp_featured_video":"","42wp_featured_image_hidden":false,"footnotes":""},"categories":[2],"tags":[86],"42wp_author":[47136],"class_list":["post-32014","42wp_blog","type-42wp_blog","status-publish","hentry","category-f1","tag-niki-lauda","42wp_author-victor-martins"],"_links":{"self":[{"href":"https:\/\/grandepremio.com\/br\/wp-json\/wp\/v2\/42wp_blog\/32014","targetHints":{"allow":["GET"]}}],"collection":[{"href":"https:\/\/grandepremio.com\/br\/wp-json\/wp\/v2\/42wp_blog"}],"about":[{"href":"https:\/\/grandepremio.com\/br\/wp-json\/wp\/v2\/types\/42wp_blog"}],"replies":[{"embeddable":true,"href":"https:\/\/grandepremio.com\/br\/wp-json\/wp\/v2\/comments?post=32014"}],"version-history":[{"count":1,"href":"https:\/\/grandepremio.com\/br\/wp-json\/wp\/v2\/42wp_blog\/32014\/revisions"}],"predecessor-version":[{"id":32015,"href":"https:\/\/grandepremio.com\/br\/wp-json\/wp\/v2\/42wp_blog\/32014\/revisions\/32015"}],"wp:attachment":[{"href":"https:\/\/grandepremio.com\/br\/wp-json\/wp\/v2\/media?parent=32014"}],"wp:term":[{"taxonomy":"category","embeddable":true,"href":"https:\/\/grandepremio.com\/br\/wp-json\/wp\/v2\/categories?post=32014"},{"taxonomy":"post_tag","embeddable":true,"href":"https:\/\/grandepremio.com\/br\/wp-json\/wp\/v2\/tags?post=32014"},{"taxonomy":"42wp_author","embeddable":true,"href":"https:\/\/grandepremio.com\/br\/wp-json\/wp\/v2\/42wp_author?post=32014"}],"curies":[{"name":"wp","href":"https:\/\/api.w.org\/{rel}","templated":true}]}}