{"id":97953,"date":"2006-01-16T18:23:26","date_gmt":"2006-01-16T20:23:26","guid":{"rendered":"https:\/\/grandepremio.com\/br\/blogs\/sem-autor\/noticias\/mais-do-democrata\/"},"modified":"2026-06-17T02:43:23","modified_gmt":"2026-06-17T05:43:23","slug":"mais-do-democrata","status":"publish","type":"42wp_blog","link":"https:\/\/grandepremio.com\/br\/blogs\/flavio-gomes\/carros\/mais-do-democrata\/","title":{"rendered":"MAIS DO DEMOCRATA"},"content":{"rendered":"\n<p>S\u00c3O PAULO <em>(parado num congestionamento no Riacho Grande, na Anchieta, tentei ver a f\u00e1brica, mas n\u00e3o consegui&#8230;)<\/em> &#8211; Falei aqui outro dia do Democrata, o Tucker brasileiro. O blogueiro e amigo \u00c1lvaro Negri me manda duas fotos de \u00e9poca que fa\u00e7o quest\u00e3o de dividir com voc\u00eas. Era um carro lindo. O verdinho \u00e9 o que est\u00e1 sendo restaurado pelo Roberto Nasser, salvo engano. O vermelho &#8220;posa&#8221; no Rio. Notem a dequinha \u00e0 esquerda, coisa fofa. Esse vermelho deve ser o que est\u00e1 em Passo Fundo.<\/p>\n<p>\u00c1lvaro est\u00e1 empenhado em salvar as carrocerias que restaram. Estou na torcida.<\/p>\n<p><img decoding=\"async\" src=\"\/wp-content\/uploads\/2006\/01\/demo3.jpg\" alt=\"\" \/><br \/>\n<img decoding=\"async\" src=\"\/wp-content\/uploads\/2006\/01\/demo4.jpg\" alt=\"\" \/><\/p>\n","protected":false},"excerpt":{"rendered":"<p>S\u00c3O PAULO (parado num congestionamento no Riacho Grande, na Anchieta, tentei ver a f\u00e1brica, mas n\u00e3o consegui&#8230;) &#8211; Falei aqui outro dia do Democrata, o Tucker brasileiro. O blogueiro e amigo \u00c1lvaro Negri me manda duas fotos de \u00e9poca que fa\u00e7o quest\u00e3o de dividir com voc\u00eas. Era um carro lindo. O verdinho \u00e9 o que [&hellip;]<\/p>\n","protected":false},"featured_media":0,"comment_status":"closed","ping_status":"closed","template":"","meta":{"42wp_featured_image_caption":"","42wp_featured_image_credits":"","42wp_featured_video":"","42wp_featured_image_hidden":false,"footnotes":""},"categories":[36],"tags":[],"42wp_author":[47111],"class_list":["post-97953","42wp_blog","type-42wp_blog","status-publish","hentry","category-carros","42wp_author-flavio-gomes"],"_links":{"self":[{"href":"https:\/\/grandepremio.com\/br\/wp-json\/wp\/v2\/42wp_blog\/97953","targetHints":{"allow":["GET"]}}],"collection":[{"href":"https:\/\/grandepremio.com\/br\/wp-json\/wp\/v2\/42wp_blog"}],"about":[{"href":"https:\/\/grandepremio.com\/br\/wp-json\/wp\/v2\/types\/42wp_blog"}],"replies":[{"embeddable":true,"href":"https:\/\/grandepremio.com\/br\/wp-json\/wp\/v2\/comments?post=97953"}],"version-history":[{"count":1,"href":"https:\/\/grandepremio.com\/br\/wp-json\/wp\/v2\/42wp_blog\/97953\/revisions"}],"predecessor-version":[{"id":97954,"href":"https:\/\/grandepremio.com\/br\/wp-json\/wp\/v2\/42wp_blog\/97953\/revisions\/97954"}],"wp:attachment":[{"href":"https:\/\/grandepremio.com\/br\/wp-json\/wp\/v2\/media?parent=97953"}],"wp:term":[{"taxonomy":"category","embeddable":true,"href":"https:\/\/grandepremio.com\/br\/wp-json\/wp\/v2\/categories?post=97953"},{"taxonomy":"post_tag","embeddable":true,"href":"https:\/\/grandepremio.com\/br\/wp-json\/wp\/v2\/tags?post=97953"},{"taxonomy":"42wp_author","embeddable":true,"href":"https:\/\/grandepremio.com\/br\/wp-json\/wp\/v2\/42wp_author?post=97953"}],"curies":[{"name":"wp","href":"https:\/\/api.w.org\/{rel}","templated":true}]}}