{"id":97973,"date":"2006-01-12T16:44:38","date_gmt":"2006-01-12T18:44:38","guid":{"rendered":"https:\/\/grandepremio.com\/br\/blogs\/sem-autor\/noticias\/ultimas-palavras\/"},"modified":"2026-06-17T02:43:31","modified_gmt":"2026-06-17T05:43:31","slug":"ultimas-palavras","status":"publish","type":"42wp_blog","link":"https:\/\/grandepremio.com\/br\/blogs\/flavio-gomes\/f1\/ultimas-palavras\/","title":{"rendered":"\u00daLTIMAS PALAVRAS"},"content":{"rendered":"\n<p><strong>MADONNA DI CAMPIGLIO<\/strong> <em>(daqui a pouco vou subir a montanha de novo)<\/em> &#8211; No <a href=\"http:\/\/ultimosegundo.ig.com.br\/paginas\/grandepremio\/materias\/350001-350500\/350313\/350313_1.html\" target=\"_blank\">Grande Pr\u00eamio<\/a> est\u00e1 a \u00edntegra da entrevista do Schumacher hoje.<\/p>\n<p>Pura impress\u00e3o, mas acho que o cara p\u00e1ra no fim do ano. Se a Ferrari fizer um carro ruim como o do ano passado, isso \u00e9 certo. Ele mesmo disse. Mas mesmo ganhando o t\u00edtulo, e que ningu\u00e9m duvide que ele vai comer grama para conseguir, desconfio que foi a \u00faltima vez que o vi nesta delicad\u00edssima esta\u00e7\u00e3o de esqui.<\/p>\n<p>Depois da coletiva as TVs t\u00eam cinco minutos com os entrevistados. Eu, pela ESPN Brasil, e o Pedro Basan, pela Globo, tivemos nosso quinh\u00e3o. Michael foi sol\u00edcito e educado, como sempre. Antes de come\u00e7armos, lembrou a ambos, em italiano, que dever\u00edamos desligar os celulares, para n\u00e3o atrapalhar a grava\u00e7\u00e3o.<\/p>\n<p>Falou com serenidade e quando perguntamos sobre seus erros em 2005, ele piscou o olho e disse: &#8220;I can do better&#8221;. Cuja tradu\u00e7\u00e3o pode se estender para: &#8220;N\u00e3o vou fazer mais aquele monte de cagada&#8221;.<\/p>\n<p>Mas insisto: sairei daqui com a sensa\u00e7\u00e3o de que este \u00e9 o \u00faltimo ano de Schumacher na F-1. Sensa\u00e7\u00e3o que, \u00f3bvio, pode mudar \u00e0 primeira vit\u00f3ria do alem\u00e3o.<\/p>\n<p>Bem, ser\u00e1 o tema da temporada. Ou, pelo menos, at\u00e9 o meio do ano, quando Michael promete dizer ao mundo se fica ou se vai.<\/p>\n","protected":false},"excerpt":{"rendered":"<p>MADONNA DI CAMPIGLIO (daqui a pouco vou subir a montanha de novo) &#8211; No Grande Pr\u00eamio est\u00e1 a \u00edntegra da entrevista do Schumacher hoje. Pura impress\u00e3o, mas acho que o cara p\u00e1ra no fim do ano. Se a Ferrari fizer um carro ruim como o do ano passado, isso \u00e9 certo. Ele mesmo disse. Mas [&hellip;]<\/p>\n","protected":false},"featured_media":0,"comment_status":"closed","ping_status":"closed","template":"","meta":{"42wp_featured_image_caption":"","42wp_featured_image_credits":"","42wp_featured_video":"","42wp_featured_image_hidden":false,"footnotes":""},"categories":[2],"tags":[207,1295],"42wp_author":[47111],"class_list":["post-97973","42wp_blog","type-42wp_blog","status-publish","hentry","category-f1","tag-ferrari","tag-schumacher","42wp_author-flavio-gomes"],"_links":{"self":[{"href":"https:\/\/grandepremio.com\/br\/wp-json\/wp\/v2\/42wp_blog\/97973","targetHints":{"allow":["GET"]}}],"collection":[{"href":"https:\/\/grandepremio.com\/br\/wp-json\/wp\/v2\/42wp_blog"}],"about":[{"href":"https:\/\/grandepremio.com\/br\/wp-json\/wp\/v2\/types\/42wp_blog"}],"replies":[{"embeddable":true,"href":"https:\/\/grandepremio.com\/br\/wp-json\/wp\/v2\/comments?post=97973"}],"version-history":[{"count":1,"href":"https:\/\/grandepremio.com\/br\/wp-json\/wp\/v2\/42wp_blog\/97973\/revisions"}],"predecessor-version":[{"id":97974,"href":"https:\/\/grandepremio.com\/br\/wp-json\/wp\/v2\/42wp_blog\/97973\/revisions\/97974"}],"wp:attachment":[{"href":"https:\/\/grandepremio.com\/br\/wp-json\/wp\/v2\/media?parent=97973"}],"wp:term":[{"taxonomy":"category","embeddable":true,"href":"https:\/\/grandepremio.com\/br\/wp-json\/wp\/v2\/categories?post=97973"},{"taxonomy":"post_tag","embeddable":true,"href":"https:\/\/grandepremio.com\/br\/wp-json\/wp\/v2\/tags?post=97973"},{"taxonomy":"42wp_author","embeddable":true,"href":"https:\/\/grandepremio.com\/br\/wp-json\/wp\/v2\/42wp_author?post=97973"}],"curies":[{"name":"wp","href":"https:\/\/api.w.org\/{rel}","templated":true}]}}