{"id":98020,"date":"2006-01-07T01:31:48","date_gmt":"2006-01-07T03:31:48","guid":{"rendered":"https:\/\/grandepremio.com\/br\/blogs\/sem-autor\/noticias\/a-era-dos-carros-de-3-rodas\/"},"modified":"2026-06-17T02:43:49","modified_gmt":"2026-06-17T05:43:49","slug":"a-era-dos-carros-de-3-rodas","status":"publish","type":"42wp_blog","link":"https:\/\/grandepremio.com\/br\/blogs\/flavio-gomes\/noticias\/a-era-dos-carros-de-3-rodas\/","title":{"rendered":"TR\u00caS RODAS"},"content":{"rendered":"\n<p>Algumas semanas atr\u00e1s fui a Santos fazer uma mat\u00e9ria para o &#8220;Limite&#8221; sobre um carro de tr\u00eas rodas chamado Carcar\u00e1. O nome n\u00e3o tem nada a ver com o original, foi apenas uma homenagem do engenheiro Carlo Portaleoni, que criou o que pode parecer, \u00e0 primeira vista, uma geringon\u00e7a de professor Pardal.<\/p>\n<p>N\u00e3o \u00e9. O carro de tr\u00eas rodas de Carlo (ele n\u00e3o gosta de cham\u00e1-lo de triciclo, que por defini\u00e7\u00e3o teria uma roda na frente e duas atr\u00e1s) \u00e9 a coisa mais violentamente veloz que j\u00e1 dirigi, com seu motor de 1.200 cc e c\u00e2mbio sequencial. No site da sua empresa, a <a href=\"http:\/\/www.fnv.com.br\" target=\"_blank\">FNV<\/a>, h\u00e1 todos os detalhes. E \u00e9 est\u00e1vel que at\u00e9 assusta.<\/p>\n<p>A\u00ed, hoje, recebi por e-mail uma mat\u00e9ria bem interessante. A Volkswagen est\u00e1 desenvolvendo um ve\u00edculo de tr\u00eas rodas que, pela foto, parece a c\u00f3pia do Carcar\u00e1 de Portaleoni. Vejam <a href=\"http:\/\/carros.uol.com.br\/icarros\/noticias\/ultnoticiasdetalhe.jsp?id=1986\" target=\"_blank\">aqui<\/a>. Chama-se GX3, e seu conceito \u00e9 exatamente o mesmo da baga\u00e7a que dirigi em Santos. Ali\u00e1s, em S\u00e3o Vicente, j\u00e1 que o test-drive foi feito na Ilha Porchat.<\/p>\n<p>Comparem os dois. O vermelho \u00e9 o brasileiro. O cinza, o alem\u00e3o. Vai que estamos entrando numa era de carros de tr\u00eas rodas&#8230;<\/p>\n<p><img decoding=\"async\" src=\"\/wp-content\/uploads\/2006\/01\/fnv1.jpg\" alt=\"\" \/><br \/>\n<img decoding=\"async\" src=\"\/wp-content\/uploads\/2006\/01\/fnv2.jpg\" alt=\"\" \/><\/p>\n","protected":false},"excerpt":{"rendered":"<p>Algumas semanas atr\u00e1s fui a Santos fazer uma mat\u00e9ria para o &#8220;Limite&#8221; sobre um carro de tr\u00eas rodas chamado Carcar\u00e1. O nome n\u00e3o tem nada a ver com o original, foi apenas uma homenagem do engenheiro Carlo Portaleoni, que criou o que pode parecer, \u00e0 primeira vista, uma geringon\u00e7a de professor Pardal. N\u00e3o \u00e9. O [&hellip;]<\/p>\n","protected":false},"featured_media":0,"comment_status":"closed","ping_status":"closed","template":"","meta":{"42wp_featured_image_caption":"","42wp_featured_image_credits":"","42wp_featured_video":"","42wp_featured_image_hidden":false,"footnotes":""},"categories":[1],"tags":[5672,32427],"42wp_author":[47111],"class_list":["post-98020","42wp_blog","type-42wp_blog","status-publish","hentry","category-noticias","tag-limite","tag-vw","42wp_author-flavio-gomes"],"_links":{"self":[{"href":"https:\/\/grandepremio.com\/br\/wp-json\/wp\/v2\/42wp_blog\/98020","targetHints":{"allow":["GET"]}}],"collection":[{"href":"https:\/\/grandepremio.com\/br\/wp-json\/wp\/v2\/42wp_blog"}],"about":[{"href":"https:\/\/grandepremio.com\/br\/wp-json\/wp\/v2\/types\/42wp_blog"}],"replies":[{"embeddable":true,"href":"https:\/\/grandepremio.com\/br\/wp-json\/wp\/v2\/comments?post=98020"}],"version-history":[{"count":1,"href":"https:\/\/grandepremio.com\/br\/wp-json\/wp\/v2\/42wp_blog\/98020\/revisions"}],"predecessor-version":[{"id":98021,"href":"https:\/\/grandepremio.com\/br\/wp-json\/wp\/v2\/42wp_blog\/98020\/revisions\/98021"}],"wp:attachment":[{"href":"https:\/\/grandepremio.com\/br\/wp-json\/wp\/v2\/media?parent=98020"}],"wp:term":[{"taxonomy":"category","embeddable":true,"href":"https:\/\/grandepremio.com\/br\/wp-json\/wp\/v2\/categories?post=98020"},{"taxonomy":"post_tag","embeddable":true,"href":"https:\/\/grandepremio.com\/br\/wp-json\/wp\/v2\/tags?post=98020"},{"taxonomy":"42wp_author","embeddable":true,"href":"https:\/\/grandepremio.com\/br\/wp-json\/wp\/v2\/42wp_author?post=98020"}],"curies":[{"name":"wp","href":"https:\/\/api.w.org\/{rel}","templated":true}]}}