{"id":98071,"date":"2005-12-22T18:43:18","date_gmt":"2005-12-22T20:43:18","guid":{"rendered":"https:\/\/grandepremio.com\/br\/blogs\/sem-autor\/noticias\/the-end\/"},"modified":"2026-06-17T02:44:08","modified_gmt":"2026-06-17T05:44:08","slug":"the-end","status":"publish","type":"42wp_blog","link":"https:\/\/grandepremio.com\/br\/blogs\/flavio-gomes\/noticias\/the-end\/","title":{"rendered":"The end"},"content":{"rendered":"\n<p>N\u00e3o vou dizer o nome de quem mandou, porque o pai dele trabalha na VW. Mas eis o que saiu no jornalzinho interno ontem na f\u00e1brica de S\u00e3o Bernardo do Campo:<\/p>\n<p><em>Marque esta data: 23 de dezembro de 2005. Nesse dia, ser\u00e1 produzido na Anchieta a \u00faltima Kombi com o motor mais popular da hist\u00f3ria da ind\u00fastria automobil\u00edstica: o boxer4, refrigerado a ar. Desde 1957, foram manufaturados artesanalmente 6.282.284 unidades desse motor no Brasil. O presidente Hans-Christian Maegner e o vece-presidente de Opera\u00e7\u00f5es, Joerg Mueller, fizeram quest\u00e3o de se integrar nesta foto aos empregados cujas vidas fazem parte da historia do boxer.<\/em><\/p>\n<p>Como disse o blogueiro, quanto cinismo&#8230; Matam e v\u00e3o ao vel\u00f3rio! Argh. Bem, acabou.<br \/>\n<img decoding=\"async\" src=\"\/wp-content\/uploads\/2005\/12\/boxer.jpg\" alt=\"\" \/><\/p>\n","protected":false},"excerpt":{"rendered":"<p>N\u00e3o vou dizer o nome de quem mandou, porque o pai dele trabalha na VW. Mas eis o que saiu no jornalzinho interno ontem na f\u00e1brica de S\u00e3o Bernardo do Campo: Marque esta data: 23 de dezembro de 2005. Nesse dia, ser\u00e1 produzido na Anchieta a \u00faltima Kombi com o motor mais popular da hist\u00f3ria [&hellip;]<\/p>\n","protected":false},"featured_media":0,"comment_status":"closed","ping_status":"closed","template":"","meta":{"42wp_featured_image_caption":"","42wp_featured_image_credits":"","42wp_featured_video":"","42wp_featured_image_hidden":false,"footnotes":""},"categories":[1],"tags":[32427],"42wp_author":[47111],"class_list":["post-98071","42wp_blog","type-42wp_blog","status-publish","hentry","category-noticias","tag-vw","42wp_author-flavio-gomes"],"_links":{"self":[{"href":"https:\/\/grandepremio.com\/br\/wp-json\/wp\/v2\/42wp_blog\/98071","targetHints":{"allow":["GET"]}}],"collection":[{"href":"https:\/\/grandepremio.com\/br\/wp-json\/wp\/v2\/42wp_blog"}],"about":[{"href":"https:\/\/grandepremio.com\/br\/wp-json\/wp\/v2\/types\/42wp_blog"}],"replies":[{"embeddable":true,"href":"https:\/\/grandepremio.com\/br\/wp-json\/wp\/v2\/comments?post=98071"}],"version-history":[{"count":1,"href":"https:\/\/grandepremio.com\/br\/wp-json\/wp\/v2\/42wp_blog\/98071\/revisions"}],"predecessor-version":[{"id":98073,"href":"https:\/\/grandepremio.com\/br\/wp-json\/wp\/v2\/42wp_blog\/98071\/revisions\/98073"}],"wp:attachment":[{"href":"https:\/\/grandepremio.com\/br\/wp-json\/wp\/v2\/media?parent=98071"}],"wp:term":[{"taxonomy":"category","embeddable":true,"href":"https:\/\/grandepremio.com\/br\/wp-json\/wp\/v2\/categories?post=98071"},{"taxonomy":"post_tag","embeddable":true,"href":"https:\/\/grandepremio.com\/br\/wp-json\/wp\/v2\/tags?post=98071"},{"taxonomy":"42wp_author","embeddable":true,"href":"https:\/\/grandepremio.com\/br\/wp-json\/wp\/v2\/42wp_author?post=98071"}],"curies":[{"name":"wp","href":"https:\/\/api.w.org\/{rel}","templated":true}]}}