{"id":98107,"date":"2005-12-21T01:53:07","date_gmt":"2005-12-21T03:53:07","guid":{"rendered":"https:\/\/grandepremio.com\/br\/blogs\/sem-autor\/noticias\/para-ler-nas-ferias\/"},"modified":"2026-06-17T02:44:21","modified_gmt":"2026-06-17T05:44:21","slug":"para-ler-nas-ferias","status":"publish","type":"42wp_blog","link":"https:\/\/grandepremio.com\/br\/blogs\/flavio-gomes\/noticias\/para-ler-nas-ferias\/","title":{"rendered":"Para ler nas f\u00e9rias"},"content":{"rendered":"\n<p>Recebi, e repasso, do grande Bob Sharp:<\/p>\n<p><em>O livro &#8220;Alguns aspectos da hist\u00f3ria do autom\u00f3vel no Brasil&#8221;, bem como a vers\u00e3o &#8220;Some aspects of the history of the automobile in Brazil&#8221;, do qual participei efetuando a revis\u00e3o t\u00e9cnica e a traduzindo-o para o ingl\u00eas, acabou de ser lan\u00e7ado s\u00e1bado \u00faltimo (17\/12).<\/em><\/p>\n<p>Foi editado pela Tempo &amp; Mem\u00f3ria\/ACT Comunica\u00e7\u00e3o Visual Ltda. e s\u00e3o 406 p\u00e1ginas em formato 278 x 210 mm, em papel couch\u00e9 e fartamente ilustrado com fotos de Cl\u00e1udio Larangeira.<\/p>\n<p>O livro versa sobre a nossa ind\u00fastria automobil\u00edstica e as casas que a ela deram origem, al\u00e9m de falar de outras marcas que influenciaram o mercado brasileiro mesmo sem serem produzidas aqui. \u00c9 uma obra essencial para quem se interessa pelo mercado automobil\u00edstico brasileiro.<\/p>\n<p>A parte do DKW-Vemag \u00e9 muito boa, vale a pena.<\/p>\n<p>Para adquiri-lo enquanto n\u00e3o \u00e9 distribu\u00eddo nas livrarias, entrar em contato com a secret\u00e1ria de Fabio Steinbruch, D\u00e9bora G. Dias, telefone (11) 3255-1850, debby_g@terra.com.br. O pre\u00e7o \u00e9 R$ 80,00 e o pagamento, mediante dep\u00f3sito banc\u00e1rio.<\/p>\n<p>Bob<\/p>\n<p>Hoje mesmo vou comprar o meu.<\/p>\n","protected":false},"excerpt":{"rendered":"<p>Recebi, e repasso, do grande Bob Sharp: O livro &#8220;Alguns aspectos da hist\u00f3ria do autom\u00f3vel no Brasil&#8221;, bem como a vers\u00e3o &#8220;Some aspects of the history of the automobile in Brazil&#8221;, do qual participei efetuando a revis\u00e3o t\u00e9cnica e a traduzindo-o para o ingl\u00eas, acabou de ser lan\u00e7ado s\u00e1bado \u00faltimo (17\/12). Foi editado pela Tempo [&hellip;]<\/p>\n","protected":false},"featured_media":0,"comment_status":"closed","ping_status":"closed","template":"","meta":{"42wp_featured_image_caption":"","42wp_featured_image_credits":"","42wp_featured_video":"","42wp_featured_image_hidden":false,"footnotes":""},"categories":[1],"tags":[2824],"42wp_author":[47111],"class_list":["post-98107","42wp_blog","type-42wp_blog","status-publish","hentry","category-noticias","tag-dkw","42wp_author-flavio-gomes"],"_links":{"self":[{"href":"https:\/\/grandepremio.com\/br\/wp-json\/wp\/v2\/42wp_blog\/98107","targetHints":{"allow":["GET"]}}],"collection":[{"href":"https:\/\/grandepremio.com\/br\/wp-json\/wp\/v2\/42wp_blog"}],"about":[{"href":"https:\/\/grandepremio.com\/br\/wp-json\/wp\/v2\/types\/42wp_blog"}],"replies":[{"embeddable":true,"href":"https:\/\/grandepremio.com\/br\/wp-json\/wp\/v2\/comments?post=98107"}],"version-history":[{"count":1,"href":"https:\/\/grandepremio.com\/br\/wp-json\/wp\/v2\/42wp_blog\/98107\/revisions"}],"predecessor-version":[{"id":98108,"href":"https:\/\/grandepremio.com\/br\/wp-json\/wp\/v2\/42wp_blog\/98107\/revisions\/98108"}],"wp:attachment":[{"href":"https:\/\/grandepremio.com\/br\/wp-json\/wp\/v2\/media?parent=98107"}],"wp:term":[{"taxonomy":"category","embeddable":true,"href":"https:\/\/grandepremio.com\/br\/wp-json\/wp\/v2\/categories?post=98107"},{"taxonomy":"post_tag","embeddable":true,"href":"https:\/\/grandepremio.com\/br\/wp-json\/wp\/v2\/tags?post=98107"},{"taxonomy":"42wp_author","embeddable":true,"href":"https:\/\/grandepremio.com\/br\/wp-json\/wp\/v2\/42wp_author?post=98107"}],"curies":[{"name":"wp","href":"https:\/\/api.w.org\/{rel}","templated":true}]}}