{"id":98126,"date":"2005-12-19T13:25:35","date_gmt":"2005-12-19T15:25:35","guid":{"rendered":"https:\/\/grandepremio.com\/br\/blogs\/sem-autor\/noticias\/ja-dizia-max-mosley\/"},"modified":"2026-06-17T02:44:29","modified_gmt":"2026-06-17T05:44:29","slug":"ja-dizia-max-mosley","status":"publish","type":"42wp_blog","link":"https:\/\/grandepremio.com\/br\/blogs\/flavio-gomes\/f1\/ja-dizia-max-mosley\/","title":{"rendered":"J\u00e1 dizia Max Mosley"},"content":{"rendered":"\n<p>H\u00e1 anos Max Mosley vem dizendo que a F-1 n\u00e3o pode ficar nas m\u00e3os de montadoras. &#8220;Elas v\u00eam e v\u00e3o quando e como querem, quem toma as decis\u00f5es s\u00e3o seus conselhos de acionistas&#8221;, prega o presidente da FIA.<\/p>\n<p>Levanto o tema diante da mais nova onda de boatos que se aproxima da costa, no rastro do an\u00fancio da contrata\u00e7\u00e3o de Alonso pela McLaren. A saber: a Renault estaria preparando sua sa\u00edda da categoria. Por isso Fernandinho teria assinado com os rivais. E mais: por isso os franceses n\u00e3o ofereceram muita resist\u00eancia diante do ass\u00e9dio de Ron Dennis.<\/p>\n<p>Se a Renault se pirulitar, que ningu\u00e9m se surpreenda. No final de 1997, depois de seis t\u00edtulos consecutivos com Williams e Benetton, a montadora resolveu ir embora. Argumentava (com alguma raz\u00e3o) que dali para a frente not\u00edcia seria a Renault perder, n\u00e3o ganhar. Dessa forma, era melhor sair de fininho. Mas pela porta da frente, por cima, sem ter de amargar o sabor da derrota que, mais dia, menos dia, chegaria.<\/p>\n<p>Na Fran\u00e7a, neste ano, o presidente brasileiro da Renault Carlos Ghosn foi a um GP pela primeira vez. Ficou admirado com o que viu e afirmou que enquanto tiver resultados, a empresa vai ficando. A quest\u00e3o \u00e9: resultados na pista ou financeiros?<\/p>\n<p>V\u00e1 entender a cabe\u00e7a dos executivos. No fim do ano que vem a gente vai saber se os resultados que Ghosn levar\u00e1 em considera\u00e7\u00e3o s\u00e3o medidos em trof\u00e9us ou euros.<\/p>\n","protected":false},"excerpt":{"rendered":"<p>H\u00e1 anos Max Mosley vem dizendo que a F-1 n\u00e3o pode ficar nas m\u00e3os de montadoras. &#8220;Elas v\u00eam e v\u00e3o quando e como querem, quem toma as decis\u00f5es s\u00e3o seus conselhos de acionistas&#8221;, prega o presidente da FIA. Levanto o tema diante da mais nova onda de boatos que se aproxima da costa, no rastro [&hellip;]<\/p>\n","protected":false},"featured_media":0,"comment_status":"closed","ping_status":"closed","template":"","meta":{"42wp_featured_image_caption":"","42wp_featured_image_credits":"","42wp_featured_video":"","42wp_featured_image_hidden":false,"footnotes":""},"categories":[2],"tags":[],"42wp_author":[47111],"class_list":["post-98126","42wp_blog","type-42wp_blog","status-publish","hentry","category-f1","42wp_author-flavio-gomes"],"_links":{"self":[{"href":"https:\/\/grandepremio.com\/br\/wp-json\/wp\/v2\/42wp_blog\/98126","targetHints":{"allow":["GET"]}}],"collection":[{"href":"https:\/\/grandepremio.com\/br\/wp-json\/wp\/v2\/42wp_blog"}],"about":[{"href":"https:\/\/grandepremio.com\/br\/wp-json\/wp\/v2\/types\/42wp_blog"}],"replies":[{"embeddable":true,"href":"https:\/\/grandepremio.com\/br\/wp-json\/wp\/v2\/comments?post=98126"}],"version-history":[{"count":1,"href":"https:\/\/grandepremio.com\/br\/wp-json\/wp\/v2\/42wp_blog\/98126\/revisions"}],"predecessor-version":[{"id":98127,"href":"https:\/\/grandepremio.com\/br\/wp-json\/wp\/v2\/42wp_blog\/98126\/revisions\/98127"}],"wp:attachment":[{"href":"https:\/\/grandepremio.com\/br\/wp-json\/wp\/v2\/media?parent=98126"}],"wp:term":[{"taxonomy":"category","embeddable":true,"href":"https:\/\/grandepremio.com\/br\/wp-json\/wp\/v2\/categories?post=98126"},{"taxonomy":"post_tag","embeddable":true,"href":"https:\/\/grandepremio.com\/br\/wp-json\/wp\/v2\/tags?post=98126"},{"taxonomy":"42wp_author","embeddable":true,"href":"https:\/\/grandepremio.com\/br\/wp-json\/wp\/v2\/42wp_author?post=98126"}],"curies":[{"name":"wp","href":"https:\/\/api.w.org\/{rel}","templated":true}]}}