{"id":98142,"date":"2005-12-16T14:58:04","date_gmt":"2005-12-16T16:58:04","guid":{"rendered":"https:\/\/grandepremio.com\/br\/blogs\/sem-autor\/noticias\/pensam-que-sou-so-eu\/"},"modified":"2026-06-17T02:44:35","modified_gmt":"2026-06-17T05:44:35","slug":"pensam-que-sou-so-eu","status":"publish","type":"42wp_blog","link":"https:\/\/grandepremio.com\/br\/blogs\/flavio-gomes\/noticias\/pensam-que-sou-so-eu\/","title":{"rendered":"Pensam que sou s\u00f3 eu?"},"content":{"rendered":"\n<p>A legi\u00e3o de defensores dos motores VW a ar s\u00f3 cresce. E para voc\u00eas n\u00e3o pensarem que sou o \u00fanico l\u00facido do mundo, a\u00ed vai mat\u00e9ria publicada hoje na capa do caderno Carro<em>etc<\/em> de <a href=\"http:\/\/oglobo.globo.com\/jornal\/suplementos\/carroetc\/189629915.asp\" target=\"_blank\">O Globo<\/a>, texto como sempre preciso e sens\u00edvel do competente Jason Vogel, possivelmente o melhor jornalista de autom\u00f3veis do Brasil\u00a0\u2014\u00a0j\u00e1 h\u00e1 um bom tempo.<\/p>\n<p>A boa not\u00edcia \u00e9 que a VW vai continuar fabricando alguns motores, para o mercado de reposi\u00e7\u00e3o. Numa quantidade min\u00fascula, mas quem sabe suficiente para n\u00e3o nos deixar mais \u00f3rf\u00e3os do que nos sentimos.<\/p>\n<p><img decoding=\"async\" src=\"\/wp-content\/uploads\/2005\/12\/globo.jpg\" alt=\"\" \/><\/p>\n","protected":false},"excerpt":{"rendered":"<p>A legi\u00e3o de defensores dos motores VW a ar s\u00f3 cresce. E para voc\u00eas n\u00e3o pensarem que sou o \u00fanico l\u00facido do mundo, a\u00ed vai mat\u00e9ria publicada hoje na capa do caderno Carroetc de O Globo, texto como sempre preciso e sens\u00edvel do competente Jason Vogel, possivelmente o melhor jornalista de autom\u00f3veis do Brasil\u00a0\u2014\u00a0j\u00e1 h\u00e1 [&hellip;]<\/p>\n","protected":false},"featured_media":0,"comment_status":"closed","ping_status":"closed","template":"","meta":{"42wp_featured_image_caption":"","42wp_featured_image_credits":"","42wp_featured_video":"","42wp_featured_image_hidden":false,"footnotes":""},"categories":[1],"tags":[32427],"42wp_author":[47111],"class_list":["post-98142","42wp_blog","type-42wp_blog","status-publish","hentry","category-noticias","tag-vw","42wp_author-flavio-gomes"],"_links":{"self":[{"href":"https:\/\/grandepremio.com\/br\/wp-json\/wp\/v2\/42wp_blog\/98142","targetHints":{"allow":["GET"]}}],"collection":[{"href":"https:\/\/grandepremio.com\/br\/wp-json\/wp\/v2\/42wp_blog"}],"about":[{"href":"https:\/\/grandepremio.com\/br\/wp-json\/wp\/v2\/types\/42wp_blog"}],"replies":[{"embeddable":true,"href":"https:\/\/grandepremio.com\/br\/wp-json\/wp\/v2\/comments?post=98142"}],"version-history":[{"count":1,"href":"https:\/\/grandepremio.com\/br\/wp-json\/wp\/v2\/42wp_blog\/98142\/revisions"}],"predecessor-version":[{"id":98144,"href":"https:\/\/grandepremio.com\/br\/wp-json\/wp\/v2\/42wp_blog\/98142\/revisions\/98144"}],"wp:attachment":[{"href":"https:\/\/grandepremio.com\/br\/wp-json\/wp\/v2\/media?parent=98142"}],"wp:term":[{"taxonomy":"category","embeddable":true,"href":"https:\/\/grandepremio.com\/br\/wp-json\/wp\/v2\/categories?post=98142"},{"taxonomy":"post_tag","embeddable":true,"href":"https:\/\/grandepremio.com\/br\/wp-json\/wp\/v2\/tags?post=98142"},{"taxonomy":"42wp_author","embeddable":true,"href":"https:\/\/grandepremio.com\/br\/wp-json\/wp\/v2\/42wp_author?post=98142"}],"curies":[{"name":"wp","href":"https:\/\/api.w.org\/{rel}","templated":true}]}}