{"id":98162,"date":"2005-12-14T16:06:40","date_gmt":"2005-12-14T18:06:40","guid":{"rendered":"https:\/\/grandepremio.com\/br\/blogs\/sem-autor\/noticias\/o-melhor-de-todos-os-livros\/"},"modified":"2026-06-17T02:44:42","modified_gmt":"2026-06-17T05:44:42","slug":"o-melhor-de-todos-os-livros","status":"publish","type":"42wp_blog","link":"https:\/\/grandepremio.com\/br\/blogs\/flavio-gomes\/noticias\/o-melhor-de-todos-os-livros\/","title":{"rendered":"O melhor de todos os livros"},"content":{"rendered":"\n<p>Tem muita gente perguntando, principalmente depois que mencionei na TV, ent\u00e3o l\u00e1 vai. Para comprar o livro do Jan Balder (o primeiro na foto, \u00e0 esquerda, com An\u00edsio Campos no centro e Marinho na extremidade direita), o melhor que j\u00e1 li sobre hist\u00f3rias de corridas, \u00e9 s\u00f3 ligar para a Tereza: (11) 5182-8244.<\/p>\n<p>Jan foi piloto da Vemag no come\u00e7o da carreira e entre outras fa\u00e7anhas tem no curr\u00edculo uma quase vit\u00f3ria nas Mil Milhas correndo em dupla com Emerson Fittipaldi de Malzoni. O livro se chama &#8220;Nos Bastidores do Automobilismo Brasileiro \u0097 Por que tantas vezes campe\u00e3o?&#8221;.<\/p>\n<p><img decoding=\"async\" src=\"\/wp-content\/uploads\/2005\/12\/janbalder.jpg\" alt=\"\" \/><\/p>\n","protected":false},"excerpt":{"rendered":"<p>Tem muita gente perguntando, principalmente depois que mencionei na TV, ent\u00e3o l\u00e1 vai. Para comprar o livro do Jan Balder (o primeiro na foto, \u00e0 esquerda, com An\u00edsio Campos no centro e Marinho na extremidade direita), o melhor que j\u00e1 li sobre hist\u00f3rias de corridas, \u00e9 s\u00f3 ligar para a Tereza: (11) 5182-8244. Jan foi [&hellip;]<\/p>\n","protected":false},"featured_media":0,"comment_status":"closed","ping_status":"closed","template":"","meta":{"42wp_featured_image_caption":"","42wp_featured_image_credits":"","42wp_featured_video":"","42wp_featured_image_hidden":false,"footnotes":""},"categories":[1],"tags":[25600],"42wp_author":[47111],"class_list":["post-98162","42wp_blog","type-42wp_blog","status-publish","hentry","category-noticias","tag-jan-balder","42wp_author-flavio-gomes"],"_links":{"self":[{"href":"https:\/\/grandepremio.com\/br\/wp-json\/wp\/v2\/42wp_blog\/98162","targetHints":{"allow":["GET"]}}],"collection":[{"href":"https:\/\/grandepremio.com\/br\/wp-json\/wp\/v2\/42wp_blog"}],"about":[{"href":"https:\/\/grandepremio.com\/br\/wp-json\/wp\/v2\/types\/42wp_blog"}],"replies":[{"embeddable":true,"href":"https:\/\/grandepremio.com\/br\/wp-json\/wp\/v2\/comments?post=98162"}],"version-history":[{"count":1,"href":"https:\/\/grandepremio.com\/br\/wp-json\/wp\/v2\/42wp_blog\/98162\/revisions"}],"predecessor-version":[{"id":98163,"href":"https:\/\/grandepremio.com\/br\/wp-json\/wp\/v2\/42wp_blog\/98162\/revisions\/98163"}],"wp:attachment":[{"href":"https:\/\/grandepremio.com\/br\/wp-json\/wp\/v2\/media?parent=98162"}],"wp:term":[{"taxonomy":"category","embeddable":true,"href":"https:\/\/grandepremio.com\/br\/wp-json\/wp\/v2\/categories?post=98162"},{"taxonomy":"post_tag","embeddable":true,"href":"https:\/\/grandepremio.com\/br\/wp-json\/wp\/v2\/tags?post=98162"},{"taxonomy":"42wp_author","embeddable":true,"href":"https:\/\/grandepremio.com\/br\/wp-json\/wp\/v2\/42wp_author?post=98162"}],"curies":[{"name":"wp","href":"https:\/\/api.w.org\/{rel}","templated":true}]}}