{"id":98238,"date":"2005-12-07T17:33:19","date_gmt":"2005-12-07T19:33:19","guid":{"rendered":"https:\/\/grandepremio.com\/br\/blogs\/sem-autor\/noticias\/ligeiramente-melancolico\/"},"modified":"2026-06-17T02:45:10","modified_gmt":"2026-06-17T05:45:10","slug":"ligeiramente-melancolico","status":"publish","type":"42wp_blog","link":"https:\/\/grandepremio.com\/br\/blogs\/flavio-gomes\/motogp\/ligeiramente-melancolico\/","title":{"rendered":"Ligeiramente melanc\u00f3lico"},"content":{"rendered":"\n<p>Deu hoje no Reda\u00e7\u00e3o Sportv: Alexandre Barros n\u00e3o deve mesmo ter vaga na MotoGP no ano que vem. Foi ele quem admitiu, em entrevista. Por ser o cara que mais corridas disputou na categoria, o nosso Riccardo Patrese, \u00e9 uma sa\u00edda meio melanc\u00f3lica, sem festa de despedida.<\/p>\n<p>Alex n\u00e3o disse, mas me contaram que ele deve correr de Superbike no ano que vem. N\u00e3o \u00e9 um campeonato que tenha o mesmo prest\u00edgio da MotoGP, mas pode ser uma boa op\u00e7\u00e3o.<\/p>\n","protected":false},"excerpt":{"rendered":"<p>Deu hoje no Reda\u00e7\u00e3o Sportv: Alexandre Barros n\u00e3o deve mesmo ter vaga na MotoGP no ano que vem. Foi ele quem admitiu, em entrevista. Por ser o cara que mais corridas disputou na categoria, o nosso Riccardo Patrese, \u00e9 uma sa\u00edda meio melanc\u00f3lica, sem festa de despedida. Alex n\u00e3o disse, mas me contaram que ele [&hellip;]<\/p>\n","protected":false},"featured_media":0,"comment_status":"closed","ping_status":"closed","template":"","meta":{"42wp_featured_image_caption":"","42wp_featured_image_credits":"","42wp_featured_video":"","42wp_featured_image_hidden":false,"footnotes":""},"categories":[8],"tags":[],"42wp_author":[47111],"class_list":["post-98238","42wp_blog","type-42wp_blog","status-publish","hentry","category-motogp","42wp_author-flavio-gomes"],"_links":{"self":[{"href":"https:\/\/grandepremio.com\/br\/wp-json\/wp\/v2\/42wp_blog\/98238","targetHints":{"allow":["GET"]}}],"collection":[{"href":"https:\/\/grandepremio.com\/br\/wp-json\/wp\/v2\/42wp_blog"}],"about":[{"href":"https:\/\/grandepremio.com\/br\/wp-json\/wp\/v2\/types\/42wp_blog"}],"replies":[{"embeddable":true,"href":"https:\/\/grandepremio.com\/br\/wp-json\/wp\/v2\/comments?post=98238"}],"version-history":[{"count":1,"href":"https:\/\/grandepremio.com\/br\/wp-json\/wp\/v2\/42wp_blog\/98238\/revisions"}],"predecessor-version":[{"id":98240,"href":"https:\/\/grandepremio.com\/br\/wp-json\/wp\/v2\/42wp_blog\/98238\/revisions\/98240"}],"wp:attachment":[{"href":"https:\/\/grandepremio.com\/br\/wp-json\/wp\/v2\/media?parent=98238"}],"wp:term":[{"taxonomy":"category","embeddable":true,"href":"https:\/\/grandepremio.com\/br\/wp-json\/wp\/v2\/categories?post=98238"},{"taxonomy":"post_tag","embeddable":true,"href":"https:\/\/grandepremio.com\/br\/wp-json\/wp\/v2\/tags?post=98238"},{"taxonomy":"42wp_author","embeddable":true,"href":"https:\/\/grandepremio.com\/br\/wp-json\/wp\/v2\/42wp_author?post=98238"}],"curies":[{"name":"wp","href":"https:\/\/api.w.org\/{rel}","templated":true}]}}