{"id":98265,"date":"2005-12-06T15:40:45","date_gmt":"2005-12-06T17:40:45","guid":{"rendered":"https:\/\/grandepremio.com\/br\/blogs\/sem-autor\/noticias\/audi-e-red-bull-tudo-a-ver\/"},"modified":"2026-06-17T02:45:19","modified_gmt":"2026-06-17T05:45:19","slug":"audi-e-red-bull-tudo-a-ver","status":"publish","type":"42wp_blog","link":"https:\/\/grandepremio.com\/br\/blogs\/flavio-gomes\/f1\/audi-e-red-bull-tudo-a-ver\/","title":{"rendered":"Audi e Red Bull: tudo a ver"},"content":{"rendered":"\n<p>Titulinho rid\u00edculo esse a\u00ed acima, mas \u00e9 mesmo para chamar a aten\u00e7\u00e3o. Rola um papo a\u00ed, especialmente em sites portugueses, de que por tr\u00e1s da compra da Minardi est\u00e1 a Audi, numa parceria com a Red Bull.<\/p>\n<p>A id\u00e9ia seria colocar um pezinho na F-1 para ver como funciona, sem se expor demais. Se der certo, formar-se-ia (v\u00e3o se acostumando, aprecio mes\u00f3clises) uma parceria no futuro.<\/p>\n<p>Para turbinar a boataria, os colegas lusos n\u00e3o se cansam de lembrar que Audi e Red Bull andam juntas no DTM. \u00c9 esperar para ver&#8230;<\/p>\n<p><img decoding=\"async\" src=\"\/wp-content\/uploads\/2005\/12\/audibull.jpg\" alt=\"\" \/><\/p>\n","protected":false},"excerpt":{"rendered":"<p>Titulinho rid\u00edculo esse a\u00ed acima, mas \u00e9 mesmo para chamar a aten\u00e7\u00e3o. Rola um papo a\u00ed, especialmente em sites portugueses, de que por tr\u00e1s da compra da Minardi est\u00e1 a Audi, numa parceria com a Red Bull. A id\u00e9ia seria colocar um pezinho na F-1 para ver como funciona, sem se expor demais. Se der [&hellip;]<\/p>\n","protected":false},"featured_media":0,"comment_status":"closed","ping_status":"closed","template":"","meta":{"42wp_featured_image_caption":"","42wp_featured_image_credits":"","42wp_featured_video":"","42wp_featured_image_hidden":false,"footnotes":""},"categories":[2],"tags":[970,412,204],"42wp_author":[47111],"class_list":["post-98265","42wp_blog","type-42wp_blog","status-publish","hentry","category-f1","tag-audi","tag-dtm","tag-red-bull","42wp_author-flavio-gomes"],"_links":{"self":[{"href":"https:\/\/grandepremio.com\/br\/wp-json\/wp\/v2\/42wp_blog\/98265","targetHints":{"allow":["GET"]}}],"collection":[{"href":"https:\/\/grandepremio.com\/br\/wp-json\/wp\/v2\/42wp_blog"}],"about":[{"href":"https:\/\/grandepremio.com\/br\/wp-json\/wp\/v2\/types\/42wp_blog"}],"replies":[{"embeddable":true,"href":"https:\/\/grandepremio.com\/br\/wp-json\/wp\/v2\/comments?post=98265"}],"version-history":[{"count":1,"href":"https:\/\/grandepremio.com\/br\/wp-json\/wp\/v2\/42wp_blog\/98265\/revisions"}],"predecessor-version":[{"id":98266,"href":"https:\/\/grandepremio.com\/br\/wp-json\/wp\/v2\/42wp_blog\/98265\/revisions\/98266"}],"wp:attachment":[{"href":"https:\/\/grandepremio.com\/br\/wp-json\/wp\/v2\/media?parent=98265"}],"wp:term":[{"taxonomy":"category","embeddable":true,"href":"https:\/\/grandepremio.com\/br\/wp-json\/wp\/v2\/categories?post=98265"},{"taxonomy":"post_tag","embeddable":true,"href":"https:\/\/grandepremio.com\/br\/wp-json\/wp\/v2\/tags?post=98265"},{"taxonomy":"42wp_author","embeddable":true,"href":"https:\/\/grandepremio.com\/br\/wp-json\/wp\/v2\/42wp_author?post=98265"}],"curies":[{"name":"wp","href":"https:\/\/api.w.org\/{rel}","templated":true}]}}