{"id":10000,"date":"2026-04-16T04:15:00","date_gmt":"2026-04-16T07:15:00","guid":{"rendered":"https:\/\/grandepremio.com\/br\/noticias\/formula-1-descarta-retorno-india-antes-2028-altamente-improvavel\/"},"modified":"2026-04-15T19:04:48","modified_gmt":"2026-04-15T22:04:48","slug":"formula-1-descarta-retorno-india-antes-2028-altamente-improvavel","status":"publish","type":"post","link":"https:\/\/grandepremio.com\/br\/f1\/formula-1-descarta-retorno-india-antes-2028-altamente-improvavel\/","title":{"rendered":"F\u00f3rmula 1 descarta retorno \u00e0 \u00cdndia antes de 2028: &#8220;Altamente improv\u00e1vel&#8221;"},"content":{"rendered":"\n<p class=\"wp-block-paragraph\">Embora <strong>Mansukh Mandaviya<\/strong>, ministro dos Esportes da <strong>\u00cdndia<\/strong>, <a href=\"https:\/\/www.grandepremio.com\/br\/f1\/noticias\/governo-india-age-bastidores-mira-retorno-calendario-formula-1\/\">tenha ficado animado<\/a> com a possibilidade de a <strong>F\u00f3rmula 1<\/strong> realizar uma corrida no pa\u00eds em 2027, a categoria negou que esse seja o caso. Um porta-voz do <strong>Liberty Media<\/strong>, grupo detentor dos direitos comerciais do Mundial, admitiu que h\u00e1, sim, o interesse em visitar a na\u00e7\u00e3o asi\u00e1tica no futuro, mas deixou claro que um acordo est\u00e1 longe de acontecer.<\/p>\n\n\n\n<p class=\"wp-block-paragraph\">A informa\u00e7\u00e3o \u00e9 do jornal <em>Hindustan Times<\/em>. De acordo com a publica\u00e7\u00e3o, o governo est\u00e1 comprometido a simplificar os entraves fiscais que levaram o evento a deixar de acontecer ap\u00f3s tr\u00eas edi\u00e7\u00f5es, entre 2011 e 2013, e que pelo menos tr\u00eas empresas demonstraram interesse em operar o <strong>Circuito Internacional de Buddh<\/strong>, onde a etapa est\u00e1 prevista para ser realizada.<\/p>\n\n\n\n<figure class=\"wp-block-embed is-type-video is-provider-youtube wp-block-embed-youtube wp-embed-aspect-16-9 wp-has-aspect-ratio\"><div class=\"wp-block-embed__wrapper\">\n<iframe loading=\"lazy\" title=\"F1 ENSAIA MUDAN\u00c7AS, MAS ERRA AO QUESTIONAR F\u00c3S E PILOTOS\u00a0 | WGP\" width=\"500\" height=\"281\" src=\"https:\/\/www.youtube.com\/embed\/u7wxMAUuFBw?feature=oembed\" frameborder=\"0\" allow=\"accelerometer; autoplay; clipboard-write; encrypted-media; gyroscope; picture-in-picture; web-share\" referrerpolicy=\"strict-origin-when-cross-origin\" allowfullscreen><\/iframe>\n<\/div><\/figure>\n\n\n\n<h3 class=\"wp-block-heading has-vivid-red-color has-text-color has-link-color wp-elements-1\" id=\"h-gp-experience-o-novo-produto-do-grande-premio-conecta-voce-aos-maiores-eventos-de-esporte-a-motor-do-mundo-va-para-indianapolis-com-a-gente-saiba-aqui-todos-os-detalhes\"><strong>+ GP EXPERIENCE: o novo produto do GRANDE PR\u00caMIO conecta voc\u00ea aos maiores eventos de esporte a motor do mundo. V\u00e1 para Indian\u00e1polis com a gente:\u00a0<a href=\"https:\/\/gpexperience.tur.br\/\">saiba aqui todos os detalhes<\/a>.<\/strong><\/h3>\n\n\n\n<p class=\"wp-block-paragraph\">A \u00cdndia<strong>\u00a0<\/strong>recebeu a\u00a0<strong>F1<\/strong> por tr\u00eas temporadas e teve\u00a0<strong>Sebastian Vettel<\/strong>, ent\u00e3o na <strong>Red Bull<\/strong>,\u00a0como vencedor em todas as edi\u00e7\u00f5es. Na \u00e9poca, a categoria e o pa\u00eds firmaram um acordo com dura\u00e7\u00e3o de cinco anos. No entanto, uma disputa tribut\u00e1ria com o governo do estado de\u00a0Uttar Pradesh\u00a0inviabilizou a continuidade do contrato.<\/p>\n\n\n\n<p class=\"wp-block-paragraph\">A iniciativa, al\u00e9m de ser uma resposta ao aumento da popularidade do Mundial ao longo dos \u00faltimos anos, faz parte da estrat\u00e9gia do pa\u00eds<strong>\u00a0<\/strong>de receber grandes competi\u00e7\u00f5es esportivas antes de 2030, ano em que sediar\u00e1 os\u00a0<strong>Jogos da Comunidade Brit\u00e2nica<\/strong>. O movimento tamb\u00e9m \u00e9 uma forma de fortalecer a candidatura para sediar os\u00a0<strong>Jogos Ol\u00edmpicos<\/strong>\u00a0de 2036.<\/p>\n\n\n\n<p class=\"wp-block-paragraph\">&#8220;Vai haver uma corrida de F1 na \u00cdndia em 2027. A primeira prova ser\u00e1 no Circuito Internacional de Buddh&#8221;, disse Mandaviya em um evento com a imprensa, na \u00faltima segunda-feira (13). &#8220;Levar\u00e1 mais seis meses para definir os detalhes. O governo vai ajudar a viabilizar flexibiliza\u00e7\u00f5es fiscais que haviam se tornado um ponto de disc\u00f3rdia, para que o projeto seja financeiramente vi\u00e1vel para os organizadores&#8221;, acrescentou.<\/p>\n\n\n\n<figure class=\"wp-block-image size-full is-resized\"><img decoding=\"async\" src=\"https:\/\/www.grandepremio.com\/br\/wp-content\/uploads\/2025\/08\/caterham-5.jpg\" alt=\"\" class=\"wp-image-1005596\" style=\"aspect-ratio:1.5000325076392953;width:840px;height:auto\"\/><figcaption class=\"wp-element-caption\">F\u00f3rmula 1 negou que vai correr na \u00cdndia em 2027 (Foto: LAT Photographic)<\/figcaption><\/figure>\n\n\n\n<p class=\"wp-block-paragraph\">&#8220;Diante da situa\u00e7\u00e3o global por conta da guerra em curso no <strong>Ir\u00e3<\/strong>, a \u00cdndia est\u00e1 sendo vista como um local seguro e vi\u00e1vel para eventos esportivos, incluindo a F1. Planejamos realizar uma etapa da <strong>MotoGP<\/strong> antes do retorno da F1. A <strong>Federa\u00e7\u00e3o de Clubes de Automobilismo da \u00cdndia<\/strong> (<strong>FMSCI<\/strong>) est\u00e1 em negocia\u00e7\u00f5es com a F1 neste momento, e n\u00f3s atuaremos como facilitadores&#8221;, encerrou.<\/p>\n\n\n\n<p class=\"wp-block-paragraph\">No entanto, de acordo com o <em>Hindustan Times<\/em>, um porta-voz do Liberty Media foi consultado a respeito do assunto e descartou uma corrida da F1 por l\u00e1 na pr\u00f3xima temporada. &#8220;2027 \u00e9 altamente improv\u00e1vel, mas a \u00cdndia \u00e9 um mercado de interesse. Temos muitos f\u00e3s incr\u00edveis no pa\u00eds, mas n\u00e3o estamos pr\u00f3ximos de um acordo&#8221;, declarou.<\/p>\n\n\n\n<p class=\"wp-block-paragraph\">A&nbsp;<strong>F\u00f3rmula 1<\/strong>&nbsp;entrou em hiato ap\u00f3s a suspens\u00e3o dos GPs do&nbsp;<strong>Bahrein&nbsp;<\/strong>e da<strong>&nbsp;Ar\u00e1bia Saudita<\/strong>&nbsp;e retorna no fim de semana de 1\u00ba a 3 de maio com o&nbsp;<strong>GP de Miami<\/strong>.<\/p>\n\n\n\n<p class=\"wp-block-paragraph\">\u25b6\ufe0f\u00a0<strong>Inscreva-se nos dois canais do GRANDE PR\u00caMIO no YouTube:\u00a0<a href=\"https:\/\/www.youtube.com\/channel\/UC9OlHEgxoaY6QY6nWPoiqQg?sub_confirmation=1\">GP<\/a>\u00a0|\u00a0<a href=\"https:\/\/www.youtube.com\/channel\/UC9csiS6q_C3C0FYhyr1rnFA?sub_confirmation=1\">GPTV<\/a><\/strong><\/p>\n\n\n\n<h2 class=\"wp-block-heading\" id=\"h-f1-hoje-saiba-aqui-as-noticias-mais-importantes-do-dia-da-formula-1\"><strong>F1 hoje: saiba aqui as not\u00edcias mais importantes do dia da F\u00f3rmula 1<\/strong><\/h2>\n\n\n\n<p class=\"wp-block-paragraph\">A reda\u00e7\u00e3o do&nbsp;<strong>GRANDE PR\u00caMIO<\/strong>&nbsp;selecionou as not\u00edcias mais importantes das \u00faltimas horas para voc\u00ea ficar por dentro de tudo que acontece na F1.<\/p>\n\n\n\n<p class=\"wp-block-paragraph\">\u25b6\ufe0f\u00a0<strong><a href=\"https:\/\/www.grandepremio.com\/br\/f1\/noticias\/fia-age-apos-alerta-ferrari-proibe-truque-mercedes-red-bull-f1-2026\/\"><\/a><a href=\"https:\/\/www.grandepremio.com\/br\/f1\/noticias\/mclaren-tem-tudo-para-colocar-ferrari-contras-as-cordas-se-carro-parar-de-refugar-na-f1\/\">McLaren tem tudo para colocar Ferrari contra as cordas se carro parar de refugar na F1<\/a><\/strong><br>\u25b6\ufe0f\u00a0<strong><a href=\"https:\/\/www.grandepremio.com\/br\/f1\/noticias\/ferrari-aposta-ex-engenheiro-nissan-formula-e-preparo-motor-2-0-f1-2026\/\"><\/a><a href=\"https:\/\/www.grandepremio.com\/br\/galeria\/f1\/por-que-mclaren-ainda-esta-longe-mercedes-apesar-mesmo-motor-f1-2026\/\">Por que McLaren ainda est\u00e1 longe da Mercedes apesar de mesmo motor na F1 2026?<\/a><\/strong><br>\u25b6\ufe0f\u00a0<strong><a href=\"https:\/\/www.grandepremio.com\/br\/f1\/noticias\/ferrari-anima-formula-1-com-ok-embates-lewis-hamilton-charles-leclerc-mas-tudo-tem-fim\/\"><\/a><a href=\"https:\/\/www.grandepremio.com\/br\/f1\/noticias\/ceo-f1-stefano-domenicali-reconhece-peso-max-verstappen-criticas-2026-voz-precisa-ser-ouvida\/\">CEO da F1 reconhece \u201cpeso\u201d de Verstappen em cr\u00edticas a 2026: \u201cVoz dele precisa ser ouvida\u201d<\/a><\/strong><br>\u25b6\ufe0f\u00a0<strong><a href=\"https:\/\/www.grandepremio.com\/br\/f1\/noticias\/george-russell-oscar-piastri-completam-primeiro-dia-testes-pirelli-nurburgring\/\"><\/a><a href=\"https:\/\/www.grandepremio.com\/br\/f1\/noticias\/ceo-f1-cita-memoria-curta-fas-questiona-o-que-e-ser-artificial\/\">CEO da F1 cita \u201cmem\u00f3ria curta\u201d dos f\u00e3s e questiona: \u201cO que \u00e9 ser artificial?\u201d<\/a><\/strong><br>\u25b6\ufe0f\u00a0<strong><a href=\"https:\/\/www.grandepremio.com\/br\/f1\/noticias\/red-bull-aponta-mercedes-referencia-elogia-projeto-motor-f1-muito-positivo\/\"><\/a><a href=\"https:\/\/www.grandepremio.com\/br\/f1\/noticias\/pilotos-reunem-fia-f1-busca-mudancas-2026-positiva-produtiva\/\">Pilotos se re\u00fanem com FIA e F1 em busca de mudan\u00e7as em 2026: \u201cPositiva e produtiva\u201d<\/a><\/strong><\/p>\n","protected":false},"excerpt":{"rendered":"<p>Ap\u00f3s o ministro dos Esportes garantir que a F\u00f3rmula 1 realizaria uma corrida na \u00cdndia em 2027, um porta-voz do Liberty Media, grupo que det\u00e9m os direitos comerciais da categoria, negou que esse seja o caso<\/p>\n","protected":false},"author":0,"featured_media":1000731589,"comment_status":"closed","ping_status":"closed","sticky":false,"template":"","format":"standard","meta":{"42wp_featured_image_caption":"","42wp_featured_image_credits":"","42wp_featured_video":"","42wp_featured_image_hidden":false,"42wp_authors_list":[],"footnotes":""},"categories":[2],"tags":[5660,969,147,29516,642,160,180,31425,26489,1491,30103,28285,11465],"42wp_author":[47160],"class_list":["post-10000","post","type-post","status-publish","format-standard","has-post-thumbnail","hentry","category-f1","tag-classificacao","tag-corrida","tag-f1","tag-f1-2026","tag-f1-ao-vivo","tag-f1-tv","tag-formula-1","tag-formula-1-2026","tag-gp-da-india","tag-grande-premio","tag-grande-premio-f1","tag-grandepremio","tag-india","42wp_author-vicente-soella"],"_links":{"self":[{"href":"https:\/\/grandepremio.com\/br\/wp-json\/wp\/v2\/posts\/10000","targetHints":{"allow":["GET"]}}],"collection":[{"href":"https:\/\/grandepremio.com\/br\/wp-json\/wp\/v2\/posts"}],"about":[{"href":"https:\/\/grandepremio.com\/br\/wp-json\/wp\/v2\/types\/post"}],"replies":[{"embeddable":true,"href":"https:\/\/grandepremio.com\/br\/wp-json\/wp\/v2\/comments?post=10000"}],"version-history":[{"count":0,"href":"https:\/\/grandepremio.com\/br\/wp-json\/wp\/v2\/posts\/10000\/revisions"}],"wp:featuredmedia":[{"embeddable":true,"href":"https:\/\/grandepremio.com\/br\/wp-json\/wp\/v2\/media\/1000731589"}],"wp:attachment":[{"href":"https:\/\/grandepremio.com\/br\/wp-json\/wp\/v2\/media?parent=10000"}],"wp:term":[{"taxonomy":"category","embeddable":true,"href":"https:\/\/grandepremio.com\/br\/wp-json\/wp\/v2\/categories?post=10000"},{"taxonomy":"post_tag","embeddable":true,"href":"https:\/\/grandepremio.com\/br\/wp-json\/wp\/v2\/tags?post=10000"},{"taxonomy":"42wp_author","embeddable":true,"href":"https:\/\/grandepremio.com\/br\/wp-json\/wp\/v2\/42wp_author?post=10000"}],"curies":[{"name":"wp","href":"https:\/\/api.w.org\/{rel}","templated":true}]}}