{"id":100008,"date":"2023-08-24T06:26:36","date_gmt":"2023-08-24T09:26:36","guid":{"rendered":"https:\/\/grandepremio.com\/br\/noticias\/haas-opta-continuidade-mantem-nico-hulkenberg-kevin-magnusseen-formula-1-2024\/"},"modified":"2023-08-24T07:53:52","modified_gmt":"2023-08-24T10:53:52","slug":"haas-opta-continuidade-mantem-nico-hulkenberg-kevin-magnusseen-formula-1-2024","status":"publish","type":"post","link":"https:\/\/grandepremio.com\/br\/f1\/haas-opta-continuidade-mantem-nico-hulkenberg-kevin-magnusseen-formula-1-2024\/","title":{"rendered":"Haas opta por continuidade e mant\u00e9m H\u00fclkenberg e Magnussen na F\u00f3rmula 1 2024"},"content":{"rendered":"\n<p class=\"wp-block-paragraph\"><a href=\"https:\/\/www.grandepremio.com\/br\/f1\/noticias\/chefe-haas-sinaliza-renovacao-bons-garotos-nico-hulkenberg-kevin-magnussen\/\" class=\"ek-link\">Confirmando o que vinha dizendo h\u00e1 semanas<\/a>, a <strong>Haas <\/strong>optou pela continuidade na <strong>F\u00f3rmula 1<\/strong>. A equipe norte-americana anunciou na manh\u00e3 desta quinta-feira (24) a renova\u00e7\u00e3o dos contratos de <strong>Nico H\u00fclkenberg <\/strong>e <strong>Kevin Magnussen <\/strong>para a temporada <strong>2024 <\/strong>da <strong>F1<\/strong>.<\/p>\n\n\n\n<p class=\"wp-block-paragraph\">Com dez etapas ainda pela frente na temporada 2023, a Haas ocupa a oitava coloca\u00e7\u00e3o no <strong>Mundial de Construtores<\/strong>, com 11 pontos, 492 a menos que a l\u00edder <strong>Red Bull<\/strong>. No <strong>Mundial de Pilotos<\/strong>, vantagem para H\u00fclkenberg, que \u00e9 o 14\u00ba, com nove tentos, quase 82% dos pontos da equipe. Magnussen aparece em 18\u00ba.<\/p>\n\n\n\n<figure class=\"wp-block-image size-large\"><img decoding=\"async\" src=\"https:\/\/www.grandepremio.com\/br\/wp-content\/uploads\/2023\/08\/unnamed26-1024x682.jpg\" alt=\"\" class=\"wp-image-720654\"\/><figcaption class=\"wp-element-caption\">Kevin Magnussen e Nico H\u00fclkenberg seguem na Haas em 2024 (Foto: Haas)<\/figcaption><\/figure>\n\n\n\n<p class=\"wp-block-paragraph\"><strong>\u25b6\ufe0f&nbsp;Inscreva-se nos dois canais do GRANDE PR\u00caMIO no YouTube:&nbsp;<a href=\"https:\/\/www.youtube.com\/channel\/UC9OlHEgxoaY6QY6nWPoiqQg?sub_confirmation=1\" target=\"_blank\" rel=\"noreferrer noopener\">GP<\/a>&nbsp;|&nbsp;<a href=\"https:\/\/www.youtube.com\/channel\/UC9csiS6q_C3C0FYhyr1rnFA?sub_confirmation=1\" target=\"_blank\" rel=\"noreferrer noopener\">GP2<\/a><\/strong><br><strong>\u25b6\ufe0f&nbsp;<a href=\"https:\/\/www.twitch.tv\/grandepremio\" target=\"_blank\" rel=\"noreferrer noopener\">Conhe\u00e7a o canal do GRANDE PR\u00caMIO na Twitch clicando aqui!<\/a><\/strong><\/p>\n\n\n\n<p class=\"wp-block-paragraph\">Chefe da equipe, <strong>Guenther Steiner <\/strong>avaliou que a Haas conta com uma dupla \u201cextremamente s\u00f3lida\u201d e destacou que n\u00e3o havia motivo para mudar.<\/p>\n\n\n\n<p class=\"wp-block-paragraph\">\u201cAcho que \u00e9 seguro dizer que tivemos uma dupla de pilotos extremamente s\u00f3lida nesta temporada na F\u00f3rmula 1 e, no fim, n\u00e3o h\u00e1 raz\u00e3o para buscar uma mudan\u00e7a para o futuro\u201d, disse Steiner. \u201cKevin, obviamente, \u00e9 bastante conhecido por n\u00f3s e estou muito contente de que ele vai continuar para o que ser\u00e1 a s\u00e9tima temporada dele com as cores da Haas. Com 113 largadas s\u00f3 pela nossa equipe, sabemos onde est\u00e3o as for\u00e7as dele, e o conhecimento e a experi\u00eancia dele a respeito da nossa organiza\u00e7\u00e3o tamb\u00e9m contribu\u00edram muito para isso\u201d, seguiu.<\/p>\n\n\n\n<p class=\"wp-block-paragraph\">\u201cDo outro lado da garagem, Nico simplesmente entrou sem barulho ou alarde e se mostrou um valioso membro da equipe\u201d, destacou. \u201cEle est\u00e1 se aproximando de 200 largadas na F\u00f3rmula 1 e estamos muito felizes por nos beneficiarmos da experi\u00eancia dele atr\u00e1s do volante\u201d, completou.<\/p>\n\n\n\n<p class=\"wp-block-paragraph\">Ainda, Steiner reconheceu que a Haas n\u00e3o teve um ano f\u00e1cil, mas avaliou que Magnussen e H\u00fclkenberg foram vitais para ajudar a equipe a lidar com os problemas do <strong>VF-23<\/strong>.<\/p>\n\n\n\n<p class=\"wp-block-paragraph\">\u201cTivemos de resolver nossos problemas esta temporada em rela\u00e7\u00e3o ao VF-23, n\u00e3o escondemos isso, mas fomos extremamente sortudos por ter dois pilotos cujo feedback \u00e9 inestim\u00e1vel para ajudar nossos objetivos de engenharia\u201d, admitiu. \u201cKevin e Nico se sa\u00edram bem desde o in\u00edcio e, em especial, Nico se destacou na classifica\u00e7\u00e3o \u2014 chegando ao Q3 seis vezes. Longe da F\u00f3rmula 1 em tempo integral desde 2019, isso s\u00f3 mostra o qu\u00e3o profissional ele \u00e9 e o quanto cuidou de si fisicamente\u201d, apontou.<\/p>\n\n\n\n<p class=\"wp-block-paragraph\">O dirigente destacou, tamb\u00e9m, que os dois entregaram n\u00e3o s\u00f3 dentro da pista, mas com os patrocinadores e f\u00e3s. Por isso, agora cabe a Haas fazer o poss\u00edvel para entregar um carro competitivo no pr\u00f3ximo ano.<\/p>\n\n\n\n<p class=\"wp-block-paragraph\">\u201cTamb\u00e9m \u00e9 digno de nota a quantidade de energia que os dois trazem para a equipe. Eles foram fant\u00e1sticos n\u00e3o s\u00f3 no comprometimento com a equipe, mas, principalmente, nas ativa\u00e7\u00f5es com nossos parceiros e nas oportunidades de encontro com os f\u00e3s\u201d, elogiou. \u201cKevin e Nico est\u00e3o claramente curtindo o esporte, os dois tem a cabe\u00e7a madura e fundamentalmente entendem o que estamos pedindo deles. Em troca, cabe a n\u00f3s olhar para 2024 e garantir que tenhamos um carro capaz de pontuar de forma consistente\u201d, acrescentou.<\/p>\n\n\n\n<p class=\"wp-block-paragraph\">Magnussen tem uma longa passagem pela Haas. O dinamarqu\u00eas chegou \u00e0 equipe em <strong>2017 <\/strong>e por l\u00e1 ficou at\u00e9 <strong>2020<\/strong>. No ano seguinte, disputou categorias de <strong>endurance <\/strong>e uma corrida na <strong>Indy<\/strong>, antes de voltar \u00e0 equipe em <strong>2022<\/strong>. Neste per\u00edodo, conquistou uma pole-position \u2014 no GP de <strong>S\u00e3o Paulo <\/strong>do ano passado.<\/p>\n\n\n\n<p class=\"wp-block-paragraph\">\u201cEstou muito feliz por estender meu relacionamento com a Haas mais uma vez. Meu retorno em 2022 foi inesperado, mas repleto de in\u00fameros destaques, e embora essa temporada n\u00e3o esteja sendo totalmente como esper\u00e1vamos, ainda conseguimos somar pontos e mostrar o potencial do pacote que temos\u201d, disse Kevin. \u201cRestam ainda muitas corridas em 2023, e temos muito trabalho a fazer para continuar entendendo o VF-23 \u2014 e esse aprendizado poder\u00e1 ser aplicado no carro de 2024. Meus agradecimentos, como sempre, a Gene Haas e Guenther Steiner por me darem a chance de continuar no esporte que amo\u201d, adicionou.<\/p>\n\n\n\n<p class=\"wp-block-paragraph\">Aos 36 anos, H\u00fclkenberg vai para a segunda temporada com equipe norte-america. O alem\u00e3o, que tem passagens por <strong>Williams<\/strong>, <strong>Force India<\/strong>, <strong>Sauber <\/strong>e <strong>Renault <\/strong>tinha deixado o posto de titular em 2019, mas fez apari\u00e7\u00f5es espor\u00e1dicas nos \u00faltimos anos, atuando como substituto.<\/p>\n\n\n\n<p class=\"wp-block-paragraph\">\u201c\u00c9 bom resolver coisas do tipo o quanto antes na temporada para mantermos o foco nas corridas e melhorar a performance\u201d, celebrou Nico. \u201cGosto de fazer parte da equipe e compartilho com Gene e Guenther dessa paix\u00e3o. Estamos competindo em um pelot\u00e3o muito acirrado, e estou ansioso para desenvolver o que realizamos at\u00e9 agora e levar isso adiante em 2024\u201d, completou.<\/p>\n\n\n\n<figure class=\"wp-block-embed is-type-video is-provider-youtube wp-block-embed-youtube wp-embed-aspect-16-9 wp-has-aspect-ratio\"><div class=\"wp-block-embed__wrapper\">\n<iframe loading=\"lazy\" title=\"Verstappen na MIRA DA POL\u00cdCIA e BAIXO N\u00cdVEL da F1 2023 | TT GP #110\" width=\"500\" height=\"281\" src=\"https:\/\/www.youtube.com\/embed\/WK0Hz9Avm_g?feature=oembed\" frameborder=\"0\" allow=\"accelerometer; autoplay; clipboard-write; encrypted-media; gyroscope; picture-in-picture; web-share\" referrerpolicy=\"strict-origin-when-cross-origin\" allowfullscreen><\/iframe>\n<\/div><\/figure>\n","protected":false},"excerpt":{"rendered":"<p>Confirmando a expectativa, a Haas anunciou na manh\u00e3 desta quinta-feira (24) a renova\u00e7\u00e3o dos contratos de Nico H\u00fclkenberg e Kevin Magnussen<\/p>\n","protected":false},"author":0,"featured_media":1000720654,"comment_status":"closed","ping_status":"closed","sticky":false,"template":"","format":"standard","meta":{"42wp_featured_image_caption":"","42wp_featured_image_credits":"","42wp_featured_video":"","42wp_featured_image_hidden":false,"42wp_authors_list":[],"footnotes":""},"categories":[2],"tags":[147,6533,180,30722,33465,28285,1490,119,117,1521,33467],"42wp_author":[47113],"class_list":["post-100008","post","type-post","status-publish","format-standard","has-post-thumbnail","hentry","category-f1","tag-f1","tag-f1-2023","tag-formula-1","tag-formula-1-2023","tag-formula-1-classificacao-2023","tag-grandepremio","tag-guenther-steiner","tag-haas","tag-kevin-magnussen","tag-nico-hulkenberg","tag-onde-assistir-f1-2023","42wp_author-juliana-tesser"],"_links":{"self":[{"href":"https:\/\/grandepremio.com\/br\/wp-json\/wp\/v2\/posts\/100008","targetHints":{"allow":["GET"]}}],"collection":[{"href":"https:\/\/grandepremio.com\/br\/wp-json\/wp\/v2\/posts"}],"about":[{"href":"https:\/\/grandepremio.com\/br\/wp-json\/wp\/v2\/types\/post"}],"replies":[{"embeddable":true,"href":"https:\/\/grandepremio.com\/br\/wp-json\/wp\/v2\/comments?post=100008"}],"version-history":[{"count":0,"href":"https:\/\/grandepremio.com\/br\/wp-json\/wp\/v2\/posts\/100008\/revisions"}],"wp:featuredmedia":[{"embeddable":true,"href":"https:\/\/grandepremio.com\/br\/wp-json\/wp\/v2\/media\/1000720654"}],"wp:attachment":[{"href":"https:\/\/grandepremio.com\/br\/wp-json\/wp\/v2\/media?parent=100008"}],"wp:term":[{"taxonomy":"category","embeddable":true,"href":"https:\/\/grandepremio.com\/br\/wp-json\/wp\/v2\/categories?post=100008"},{"taxonomy":"post_tag","embeddable":true,"href":"https:\/\/grandepremio.com\/br\/wp-json\/wp\/v2\/tags?post=100008"},{"taxonomy":"42wp_author","embeddable":true,"href":"https:\/\/grandepremio.com\/br\/wp-json\/wp\/v2\/42wp_author?post=100008"}],"curies":[{"name":"wp","href":"https:\/\/api.w.org\/{rel}","templated":true}]}}