{"id":100011,"date":"2023-08-24T04:45:00","date_gmt":"2023-08-24T07:45:00","guid":{"rendered":"https:\/\/grandepremio.com\/br\/noticias\/f2-volta-ferias-coadjuvantes-roubar-cena-duelo-frederik-vesti-theo-pourchaire\/"},"modified":"2023-08-23T18:06:12","modified_gmt":"2023-08-23T21:06:12","slug":"f2-volta-ferias-coadjuvantes-roubar-cena-duelo-frederik-vesti-theo-pourchaire","status":"publish","type":"post","link":"https:\/\/grandepremio.com\/br\/f2\/f2-volta-ferias-coadjuvantes-roubar-cena-duelo-frederik-vesti-theo-pourchaire\/","title":{"rendered":"F2 volta das f\u00e9rias com coadjuvantes querendo roubar cena do duelo Vesti \u00d7 Pourchaire"},"content":{"rendered":"\n<p class=\"wp-block-paragraph\">Assim como a <strong>F\u00f3rmula 1<\/strong>, a <strong>F\u00f3rmula 2<\/strong> tamb\u00e9m retorna das f\u00e9rias neste final de semana, em <strong>Zandvoort<\/strong>, na <strong>Holanda<\/strong>. A partir de agora, ser\u00e3o mais tr\u00eas rodadas at\u00e9 o fim da temporada 2023, e ao contr\u00e1rio do que se viu no ano passado, a disputa pelo t\u00edtulo est\u00e1 muito mais equilibrada, embora seja poss\u00edvel dividir os atores da pe\u00e7a entre protagonistas e coadjuvantes.<\/p>\n\n\n\n<p class=\"wp-block-paragraph\">O primeiro grupo, na verdade, \u00e9 um duo: de p\u00f3dio em p\u00f3dio, com uma regularidade impressionante, <strong>Th\u00e9o Pourchaire<\/strong> conseguiu capitalizar em cima dos \u00faltimos infort\u00fanios de <strong>Frederik Vesti<\/strong> e foi para a pausa da lideran\u00e7a. Melhor: com uma vantagem de 12 pontos, que certamente est\u00e1 longe de ser confort\u00e1vel, mas coloca o franc\u00eas em posi\u00e7\u00e3o de poder enfim dar as cartas nas etapas finais.<\/p>\n\n\n\n<p class=\"wp-block-paragraph\"><strong>\u25b6\ufe0f\u00a0Inscreva-se nos dois canais do GRANDE PR\u00caMIO no YouTube:\u00a0<a href=\"https:\/\/www.youtube.com\/channel\/UC9OlHEgxoaY6QY6nWPoiqQg?sub_confirmation=1\" target=\"_blank\" rel=\"noreferrer noopener\">GP<\/a>\u00a0|\u00a0<a href=\"https:\/\/www.youtube.com\/channel\/UC9csiS6q_C3C0FYhyr1rnFA?sub_confirmation=1\" target=\"_blank\" rel=\"noreferrer noopener\">GP2<\/a><\/strong><br><strong>\u25b6\ufe0f\u00a0<a href=\"https:\/\/www.twitch.tv\/grandepremio\" target=\"_blank\" rel=\"noreferrer noopener\">Conhe\u00e7a o canal do GRANDE PR\u00caMIO na Twitch clicando aqui!<\/a><\/strong><\/p>\n\n\n\n<figure class=\"wp-block-image size-large\"><img decoding=\"async\" src=\"https:\/\/www.grandepremio.com\/br\/wp-content\/uploads\/2023\/05\/Pourchaire-e-Vesti-em-Monaco-1024x683.jpg\" alt=\"\" class=\"wp-image-688163\"\/><figcaption class=\"wp-element-caption\">Pourchaire e Vesti em M\u00f4naco: dupla promete duelo equilibrado na reta final da F2 (Foto: F2)<\/figcaption><\/figure>\n\n\n\n<p class=\"wp-block-paragraph\">Em seu terceiro ano de F2 e um vice-campeonato na conta, Pourchaire mostrou n\u00edtida evolu\u00e7\u00e3o de 2022 para c\u00e1, cometendo menos erros e terminando no top-3 nove vezes at\u00e9 aqui. \u00c9 o piloto hoje que tem os holofotes voltados para si, principalmente porque \u00e9 o nome em, digamos, <a href=\"https:\/\/www.grandepremio.com\/br\/f2\/noticias\/theo-pourchaire-nega-desvantagem-jovem-briga-f1-prega-foco-trabalho\/\" class=\"ek-link\">melhor posi\u00e7\u00e3o do grid atual na briga por uma vaguinha <\/a>na F1 2024, j\u00e1 que integra a <strong>Academia da Sauber<\/strong>, equipe que n\u00e3o ter\u00e1 mais a parceria com a <strong>Alfa Romeo<\/strong> no ano que vem e ainda n\u00e3o definiu a renova\u00e7\u00e3o de <strong>Guanyu Zhou<\/strong>.<\/p>\n\n\n\n<p class=\"wp-block-paragraph\">\u201c\u00c9 \u00f3timo porque ajuda no meu futuro, ainda mais com as equipes de\u00a0<a href=\"https:\/\/www.grandepremio.com\/formula-1\/\" target=\"_blank\" rel=\"noreferrer noopener\">F\u00f3rmula 1<\/a>\u00a0olhando para mim. Claro, \u00e9 a minha terceira temporada na\u00a0<a href=\"https:\/\/www.grandepremio.com\/br\/f2\/\" target=\"_blank\" rel=\"noreferrer noopener\">F2<\/a>, mas tenho s\u00f3 19 anos&#8221;, disse ao site oficial da categoria antes do seu anivers\u00e1rio de 20 anos, em 20 de agosto. &#8220;H\u00e1 apenas pilotos bons no grid e muitos merecem pilotar na F1. Eles est\u00e3o pilotando em alto n\u00edvel e lutando por isso. Ent\u00e3o, preciso manter o foco e trabalhar duro, mesmo sendo mais jovem que os outros&#8221;, salientou.<\/p>\n\n\n\n<p class=\"wp-block-paragraph\">Do outro lado, seu principal oponente \u00e9 Vesti, que tomou um belo rev\u00e9s na Inglaterra ao se envolver numa batida com <strong>Dennis Hauger<\/strong> e <strong>Roman Stanek<\/strong> e abandonar. Foi, inclusive, mais uma corrida em que Pourchaire terminou no p\u00f3dio. Depois, na <strong>Hungria<\/strong>, ficou em segundo, mas zerou de novo a corrida principal da <strong>B\u00e9lgica <\/strong>e viu Th\u00e9o passar \u00e0 frente.<\/p>\n\n\n\n<p class=\"wp-block-paragraph\">Na pr\u00e1tica, 12 pontos \u00e9 algo poss\u00edvel de ser tirado j\u00e1 na sprint: bastaria a Frederik fazer a pole-position e vencer a prova curta enquanto Th\u00e9o n\u00e3o poderia marcar pontos. Isso significa que o dinamarqu\u00eas da Prema est\u00e1 totalmente no p\u00e1reo. A etapa holandesa, na verdade, ser\u00e1 determinante para as inten\u00e7\u00f5es de ambos, e Pourchaire tem raz\u00e3o: o lado mental \u00e9 o que far\u00e1 a diferen\u00e7a.<\/p>\n\n\n\n<p class=\"wp-block-paragraph\">Agora, tanto o representante da ART quanto Vesti precisam se ligar, pois h\u00e1 tr\u00eas pilotos em especial dispostos a embolar de vez a classifica\u00e7\u00e3o j\u00e1 em Zandvoort. O primeiro da fila \u00e9 Ayumu Iwasa, em terceiro, por\u00e9m o japon\u00eas teve uma etapa desastrosa em Spa-Francorchamps, permitindo a aproxima\u00e7\u00e3o de outros dois concorrentes perigosos: Jack Doohan e Victor Martins.<\/p>\n\n\n\n<p class=\"wp-block-paragraph\">O australiano, na verdade, vive cen\u00e1rio at\u00e9 parecido com o da \u00faltima temporada, quando tamb\u00e9m venceu na Hungria e na B\u00e9lgica e entrou na briga pelo vice. Antes mesmo do in\u00edcio do campeonato, Doohan era tido como candidato certo ao t\u00edtulo, por\u00e9m esbarrou na falta de performance do carro da Virtuosi. Em Budapeste e em Spa, contudo, deslanchou, mostrando que tem f\u00f4lego para brigar at\u00e9 o fim.<\/p>\n\n\n\n<p class=\"wp-block-paragraph\">Quanto a Martins, o come\u00e7o de 2023 pode ser definido pelo c\u00e9lebre ditado &#8220;a pressa \u00e9 inimiga da perfei\u00e7\u00e3o&#8221;. Dono de uma velocidade impressionante, pecou pela afoba\u00e7\u00e3o em momentos nem t\u00e3o decisivos, perdendo pontos preciosos pelo meio do caminho. Mas o campe\u00e3o vigente da F3 entendeu que era preciso dosar o \u00edmpeto e recalcular a rota, e a mudan\u00e7a de atitude veio na hora certa: ele aparece em quinto com 120 pontos \u2014 48 de desvantagem para Pourchaire com mais 117 em jogo. Ainda que n\u00e3o repita o feito do ano passado, tem tudo para terminar a temporada com uma impress\u00e3o muito melhor que a inicial. E, sim, se acertar a m\u00e3o, ser\u00e1 dif\u00edcil bat\u00ea-lo.<\/p>\n\n\n\n<p class=\"wp-block-paragraph\">\u00c9, em suma, uma reta final das mais interessantes. H\u00e1 ainda Enzo Fittipaldi, que finalmente conquistou uma vit\u00f3ria sonhada e suada na \u00faltima rodada, e se talvez o t\u00edtulo esteja mais distante, o brasileiro tamb\u00e9m tem seus alvos individuais e vai incomodar bastante, o que ser\u00e1 outro ingrediente a mais nas tr\u00eas etapas finais. A \u00fanica coisa que \u00e9 certa \u00e9 que todos vender\u00e3o caro cada ponto.<\/p>\n\n\n\n<figure class=\"wp-block-embed is-type-video is-provider-youtube wp-block-embed-youtube wp-embed-aspect-16-9 wp-has-aspect-ratio\"><div class=\"wp-block-embed__wrapper\">\n<iframe loading=\"lazy\" title=\"Vai subir algu\u00e9m? F1 d\u00e1 pinta de que n\u00e3o ter\u00e1 ningu\u00e9m da F2 em 2024 | GP \u00e0s 10\" width=\"500\" height=\"281\" src=\"https:\/\/www.youtube.com\/embed\/oE71sglV8vs?feature=oembed\" frameborder=\"0\" allow=\"accelerometer; autoplay; clipboard-write; encrypted-media; gyroscope; picture-in-picture; web-share\" referrerpolicy=\"strict-origin-when-cross-origin\" allowfullscreen><\/iframe>\n<\/div><\/figure>\n","protected":false},"excerpt":{"rendered":"<p>Th\u00e9o Pourchaire e Frederik Vesti s\u00e3o os principais candidatos ao t\u00edtulo e ter\u00e3o disputa aberta pela frente, mas h\u00e1 muitos pilotos dispostos a incomodar o duo \u2014 de Jack Doohan a Enzo Fittipaldi<\/p>\n","protected":false},"author":0,"featured_media":1000713270,"comment_status":"closed","ping_status":"closed","sticky":false,"template":"","format":"standard","meta":{"42wp_featured_image_caption":"","42wp_featured_image_credits":"","42wp_featured_video":"","42wp_featured_image_hidden":false,"42wp_authors_list":[],"footnotes":""},"categories":[9],"tags":[1218,28711,29654,30246,409,111,32048,2208,32407,1318,1491,28285,901,36192,32379,35029,596,35030,32343,33171,25479,486,1389,36193,32383],"42wp_author":[47147],"class_list":["post-100011","post","type-post","status-publish","format-standard","has-post-thumbnail","hentry","category-f2","tag-analise","tag-ayumu-iwasa","tag-calendario-f2","tag-classificacao-f2","tag-enzo-fittipaldi","tag-f2","tag-f2-2023","tag-formula-2","tag-formula-2-2023","tag-frederik-vesti","tag-grande-premio","tag-grandepremio","tag-holanda","tag-holanda-2023","tag-holanda-f2","tag-horarios-f2","tag-jack-doohan","tag-onde-assistir-f2","tag-rodada-da-holanda","tag-temporada-2023-f2","tag-theo-pourchaire","tag-victor-martins","tag-zandvoort","tag-zandvoort-2023","tag-zandvoort-f2","42wp_author-luana-marino"],"_links":{"self":[{"href":"https:\/\/grandepremio.com\/br\/wp-json\/wp\/v2\/posts\/100011","targetHints":{"allow":["GET"]}}],"collection":[{"href":"https:\/\/grandepremio.com\/br\/wp-json\/wp\/v2\/posts"}],"about":[{"href":"https:\/\/grandepremio.com\/br\/wp-json\/wp\/v2\/types\/post"}],"replies":[{"embeddable":true,"href":"https:\/\/grandepremio.com\/br\/wp-json\/wp\/v2\/comments?post=100011"}],"version-history":[{"count":0,"href":"https:\/\/grandepremio.com\/br\/wp-json\/wp\/v2\/posts\/100011\/revisions"}],"wp:featuredmedia":[{"embeddable":true,"href":"https:\/\/grandepremio.com\/br\/wp-json\/wp\/v2\/media\/1000713270"}],"wp:attachment":[{"href":"https:\/\/grandepremio.com\/br\/wp-json\/wp\/v2\/media?parent=100011"}],"wp:term":[{"taxonomy":"category","embeddable":true,"href":"https:\/\/grandepremio.com\/br\/wp-json\/wp\/v2\/categories?post=100011"},{"taxonomy":"post_tag","embeddable":true,"href":"https:\/\/grandepremio.com\/br\/wp-json\/wp\/v2\/tags?post=100011"},{"taxonomy":"42wp_author","embeddable":true,"href":"https:\/\/grandepremio.com\/br\/wp-json\/wp\/v2\/42wp_author?post=100011"}],"curies":[{"name":"wp","href":"https:\/\/api.w.org\/{rel}","templated":true}]}}