{"id":100017,"date":"2023-08-24T03:00:00","date_gmt":"2023-08-24T06:00:00","guid":{"rendered":"https:\/\/grandepremio.com\/br\/noticias\/onde-assistir-ao-vivo-gp-da-holanda-formula-1-2023\/"},"modified":"2023-08-23T19:00:08","modified_gmt":"2023-08-23T22:00:08","slug":"onde-assistir-ao-vivo-gp-da-holanda-formula-1-2023","status":"publish","type":"post","link":"https:\/\/grandepremio.com\/br\/f1\/onde-assistir-ao-vivo-gp-da-holanda-formula-1-2023\/","title":{"rendered":"Onde assistir ao vivo ao GP da Holanda da F\u00f3rmula 1 2023"},"content":{"rendered":"\n<p class=\"wp-block-paragraph\">A temporada 2023 da <strong><a href=\"https:\/\/www.grandepremio.com\/br\/f1\/\" class=\"ek-link\">F\u00f3rmula 1<\/a><\/strong> chega \u00e0 13\u00aa etapa neste fim de semana, com a realiza\u00e7\u00e3o do <strong>GP da Holanda<\/strong>, em <strong>Zandvoort<\/strong>, para a terceira corrida desde o retorno da prova no tradicional circuito. E o <strong>GRANDE PR\u00caMIO<\/strong> separou todos os hor\u00e1rios das atividades para voc\u00ea n\u00e3o perder nada!<\/p>\n\n\n\n<p class=\"wp-block-paragraph\">O fim de semana da F1 em Zandvoort come\u00e7a na <strong>sexta-feira (25)<\/strong>, com o <strong>treino livre 1 marcado para come\u00e7ar a partir das 7h30 (hor\u00e1rio de Bras\u00edlia, GMT-3)<\/strong>. Ainda no mesmo dia, o <strong>segundo treino livre fecha a tarde com uma sess\u00e3o \u00e0s 11h<\/strong>. Ambas as atividades ser\u00e3o transmitidas pelo canal fechado BandSports e pela F1 TV, o servi\u00e7o de streaming da categoria.<\/p>\n\n\n\n<p class=\"wp-block-paragraph\"><strong>\u25b6\ufe0f\u00a0Inscreva-se nos dois canais do GRANDE PR\u00caMIO no YouTube:\u00a0<\/strong><a href=\"https:\/\/www.youtube.com\/channel\/UC9OlHEgxoaY6QY6nWPoiqQg?sub_confirmation=1\" target=\"_blank\" rel=\"noreferrer noopener\" class=\"ek-link\"><strong>GP\u00a0|\u00a0GP2<\/strong><br><strong>\u25b6\ufe0f\u00a0Conhe\u00e7a o canal do GRANDE PR\u00caMIO na Twitch clicando a<\/strong><\/a><strong><a href=\"https:\/\/www.youtube.com\/channel\/UC9OlHEgxoaY6QY6nWPoiqQg?sub_confirmation=1\" target=\"_blank\" rel=\"noreferrer noopener\" class=\"ek-link\">qui!<\/a><\/strong><\/p>\n\n\n\n<figure class=\"wp-block-image size-large\"><img decoding=\"async\" src=\"https:\/\/www.grandepremio.com\/br\/wp-content\/uploads\/2021\/09\/beto8083-1024x683.jpg\" alt=\"\" class=\"wp-image-506052\"\/><figcaption class=\"wp-element-caption\">GP da Holanda tem se notabilizado pela festa da torcida (Foto: Beto Issa)<\/figcaption><\/figure>\n\n\n\n<p class=\"wp-block-paragraph\">No <strong>s\u00e1bado (26)<\/strong>, pilotos e equipes partem para os \u00faltimos ajustes com o <strong>terceiro treino livre, \u00e0s 6h30<\/strong>. BandSports e F1 TV transmitem e recebem a companhia da Band aberta quando, <strong>a partir das 10h, os atores do espet\u00e1culo v\u00e3o para a forma\u00e7\u00e3o do grid de largada com a classifica\u00e7\u00e3o<\/strong>.<\/p>\n\n\n\n<p class=\"wp-block-paragraph\">Por fim, <strong>a corrida est\u00e1 marcada para o dia seguinte, \u00e0s 10h<\/strong>. A Band novamente mostra em TV aberta, bem como a F1 TV para o streaming.<\/p>\n\n\n\n<p class=\"wp-block-paragraph\">O\u00a0<strong>GRANDE PR\u00caMIO<\/strong>\u00a0faz em\u00a0<strong>Segunda Tela<\/strong>\u00a0a\u00a0<a href=\"https:\/\/formula1aovivo.com\/\" target=\"_blank\" rel=\"noreferrer noopener\" class=\"ek-link\"><strong>transmiss\u00e3o<\/strong><\/a>\u00a0da classifica\u00e7\u00e3o, da prova sprint e da corrida, al\u00e9m de analisar todas as atividades do\u00a0<strong>GP da Holanda\u00a0<\/strong>de\u00a0<strong>F1<\/strong>\u00a0no\u00a0<strong>Briefing<\/strong>, programa que vai ao ar ap\u00f3s a decis\u00e3o do grid, antes e depois da prova de domingo.\u00a0<a href=\"https:\/\/bit.ly\/GPCanal\" class=\"ek-link\"><strong>Tudo isso no canal do\u00a0GP\u00a0no\u00a0YouTube<\/strong><\/a>.<\/p>\n\n\n\n<figure class=\"wp-block-embed is-type-video is-provider-youtube wp-block-embed-youtube wp-embed-aspect-16-9 wp-has-aspect-ratio\"><div class=\"wp-block-embed__wrapper\">\n<iframe loading=\"lazy\" title=\"Verstappen na MIRA DA POL\u00cdCIA e BAIXO N\u00cdVEL da F1 2023 | TT GP #110\" width=\"500\" height=\"281\" src=\"https:\/\/www.youtube.com\/embed\/WK0Hz9Avm_g?feature=oembed\" frameborder=\"0\" allow=\"accelerometer; autoplay; clipboard-write; encrypted-media; gyroscope; picture-in-picture; web-share\" referrerpolicy=\"strict-origin-when-cross-origin\" allowfullscreen><\/iframe>\n<\/div><figcaption class=\"wp-element-caption\">Verstappen na MIRA DA POL\u00cdCIA e BAIXO N\u00cdVEL da F1 2023 | TT GP\u00a0<a href=\"https:\/\/www.youtube.com\/hashtag\/110\">#110<\/a><\/figcaption><\/figure>\n","protected":false},"excerpt":{"rendered":"<p>A temporada 2023 da F\u00f3rmula 1 chega \u00e0 13\u00aa etapa neste fim de semana, com a realiza\u00e7\u00e3o do GP da Holanda. E o GRANDE PR\u00caMIO separou todos os hor\u00e1rios das atividades para voc\u00ea n\u00e3o perder nada<\/p>\n","protected":false},"author":0,"featured_media":1000505821,"comment_status":"closed","ping_status":"closed","sticky":false,"template":"","format":"standard","meta":{"42wp_featured_image_caption":"","42wp_featured_image_credits":"","42wp_featured_video":"","42wp_featured_image_hidden":false,"42wp_authors_list":[],"footnotes":""},"categories":[2],"tags":[457,524,20491,309,546,209,211,302,6533,642,176,207,30722,800,1388,36203,1491,26123,30103,28285,3746,119,117,485,547,87,25553,203,90,82,1521,35129,36205,2916,676,204,3132,612,215,597],"42wp_author":[47120],"class_list":["post-100017","post","type-post","status-publish","format-standard","has-post-thumbnail","hentry","category-f1","tag-alfa-romeo","tag-alphatauri","tag-alpine","tag-aston-martin","tag-carlos-sainz","tag-charles-leclerc","tag-daniel-ricciardo","tag-esteban-ocon","tag-f1-2023","tag-f1-ao-vivo","tag-fernando-alonso","tag-ferrari","tag-formula-1-2023","tag-george-russell","tag-gp-da-holanda","tag-gp-em-zandvoort","tag-grande-premio","tag-grande-premio-ao-vivo","tag-grande-premio-f1","tag-grandepremio","tag-guanyu-zhou","tag-haas","tag-kevin-magnussen","tag-lance-stroll","tag-lando-norris","tag-lewis-hamilton","tag-logan-sargeant","tag-max-verstappen","tag-mclaren","tag-mercedes","tag-nico-hulkenberg","tag-onde-assistir-f1","tag-onde-assistir-gp-da-holanda","tag-oscar-piastri","tag-pierre-gasly","tag-red-bull","tag-sergio-perez","tag-valtteri-bottas","tag-williams","tag-yuki-tsunoda","42wp_author-pedro-henrique-marum"],"_links":{"self":[{"href":"https:\/\/grandepremio.com\/br\/wp-json\/wp\/v2\/posts\/100017","targetHints":{"allow":["GET"]}}],"collection":[{"href":"https:\/\/grandepremio.com\/br\/wp-json\/wp\/v2\/posts"}],"about":[{"href":"https:\/\/grandepremio.com\/br\/wp-json\/wp\/v2\/types\/post"}],"replies":[{"embeddable":true,"href":"https:\/\/grandepremio.com\/br\/wp-json\/wp\/v2\/comments?post=100017"}],"version-history":[{"count":0,"href":"https:\/\/grandepremio.com\/br\/wp-json\/wp\/v2\/posts\/100017\/revisions"}],"wp:featuredmedia":[{"embeddable":true,"href":"https:\/\/grandepremio.com\/br\/wp-json\/wp\/v2\/media\/1000505821"}],"wp:attachment":[{"href":"https:\/\/grandepremio.com\/br\/wp-json\/wp\/v2\/media?parent=100017"}],"wp:term":[{"taxonomy":"category","embeddable":true,"href":"https:\/\/grandepremio.com\/br\/wp-json\/wp\/v2\/categories?post=100017"},{"taxonomy":"post_tag","embeddable":true,"href":"https:\/\/grandepremio.com\/br\/wp-json\/wp\/v2\/tags?post=100017"},{"taxonomy":"42wp_author","embeddable":true,"href":"https:\/\/grandepremio.com\/br\/wp-json\/wp\/v2\/42wp_author?post=100017"}],"curies":[{"name":"wp","href":"https:\/\/api.w.org\/{rel}","templated":true}]}}