{"id":100027,"date":"2023-08-23T10:00:00","date_gmt":"2023-08-23T13:00:00","guid":{"rendered":"https:\/\/grandepremio.com\/br\/noticias\/misterio-indy-acontece-simon-pagenaud-qual-futuro-categoria\/"},"modified":"2023-08-24T15:52:03","modified_gmt":"2023-08-24T18:52:03","slug":"misterio-indy-acontece-simon-pagenaud-qual-futuro-categoria","status":"publish","type":"post","link":"https:\/\/grandepremio.com\/br\/indy\/misterio-indy-acontece-simon-pagenaud-qual-futuro-categoria\/","title":{"rendered":"Mist\u00e9rio\u00a0na Indy: o que acontece com Pagenaud e qual futuro na categoria?"},"content":{"rendered":"\n<p class=\"wp-block-paragraph\">A&nbsp;<strong>Meyer Shank Racing&nbsp;<\/strong>anunciou que o piloto franc\u00eas&nbsp;<strong><a href=\"https:\/\/www.grandepremio.com\/br\/piloto\/simon-pagenaud\/\" target=\"_blank\" rel=\"noreferrer noopener\">Simon Pagenaud<\/a>&nbsp;<\/strong>segue afastado do carro #60 do time na&nbsp;<strong><a href=\"https:\/\/www.grandepremio.com\/formula-indy\/\" target=\"_blank\" rel=\"noreferrer noopener\">Indy<\/a><\/strong>&nbsp;por sintomas de concuss\u00e3o. Na etapa que acontece no pr\u00f3ximo domingo (27) em&nbsp;<a href=\"https:\/\/www.grandepremio.com\/br\/circuito\/gateway\/\" target=\"_blank\" rel=\"noreferrer noopener\">Gateway<\/a>, Illinois, o piloto ser\u00e1 substitu\u00eddo mais uma vez pelo sueco&nbsp;<strong>Linus Lundqvist<\/strong>, Ser\u00e1 a \u00faltima etapa em ovais na temporada 2023.<\/p>\n\n\n\n<p class=\"wp-block-paragraph\">No v\u00eddeo desta quarta-feira (23), Gabriel Carvalho analisou a situa\u00e7\u00e3o do piloto franc\u00eas e analisou a op\u00e7\u00e3o da Indy em evitar o retorno. <\/p>\n\n\n\n<figure class=\"wp-block-embed is-type-rich is-provider-incorporar-manipulador wp-block-embed-incorporar-manipulador wp-embed-aspect-16-9 wp-has-aspect-ratio\"><div class=\"wp-block-embed__wrapper\">\n<iframe loading=\"lazy\" title=\"Mist\u00e9rio na INDY: O que acontece com PAGENAUD? | GP \u00e0s 10\" width=\"500\" height=\"281\" src=\"https:\/\/www.youtube.com\/embed\/XJJInZvyr_E?feature=oembed\" frameborder=\"0\" allow=\"accelerometer; autoplay; clipboard-write; encrypted-media; gyroscope; picture-in-picture; web-share\" referrerpolicy=\"strict-origin-when-cross-origin\" allowfullscreen><\/iframe>\n<\/div><\/figure>\n","protected":false},"excerpt":{"rendered":"<p>Simon Pagenaud segue afastado da Indy por conta de problemas de concuss\u00e3o. Meyer Shank aproveita e escala Linus Lundqvist para estrear em ovais em Gateway. Gabriel Carvalho analisou<\/p>\n","protected":false},"author":0,"featured_media":1000720445,"comment_status":"closed","ping_status":"closed","sticky":false,"template":"","format":"standard","meta":{"42wp_featured_image_caption":"","42wp_featured_image_credits":"","42wp_featured_video":"","42wp_featured_image_hidden":false,"42wp_authors_list":[],"footnotes":""},"categories":[3],"tags":[28552,6133,1491,28285,35361,93,25977,1782,29784,1596,35164],"42wp_author":[47119],"class_list":["post-100027","post","type-post","status-publish","format-standard","has-post-thumbnail","hentry","category-indy","tag-calendario-indy","tag-classificacao-indy","tag-grande-premio","tag-grandepremio","tag-horarios-indy","tag-indy","tag-indy-2023","tag-meyer-shank","tag-onde-assistir-indy","tag-simon-pagenaud","tag-temporada-2023-da-indy","42wp_author-gabriel-carvalho"],"_links":{"self":[{"href":"https:\/\/grandepremio.com\/br\/wp-json\/wp\/v2\/posts\/100027","targetHints":{"allow":["GET"]}}],"collection":[{"href":"https:\/\/grandepremio.com\/br\/wp-json\/wp\/v2\/posts"}],"about":[{"href":"https:\/\/grandepremio.com\/br\/wp-json\/wp\/v2\/types\/post"}],"replies":[{"embeddable":true,"href":"https:\/\/grandepremio.com\/br\/wp-json\/wp\/v2\/comments?post=100027"}],"version-history":[{"count":0,"href":"https:\/\/grandepremio.com\/br\/wp-json\/wp\/v2\/posts\/100027\/revisions"}],"wp:featuredmedia":[{"embeddable":true,"href":"https:\/\/grandepremio.com\/br\/wp-json\/wp\/v2\/media\/1000720445"}],"wp:attachment":[{"href":"https:\/\/grandepremio.com\/br\/wp-json\/wp\/v2\/media?parent=100027"}],"wp:term":[{"taxonomy":"category","embeddable":true,"href":"https:\/\/grandepremio.com\/br\/wp-json\/wp\/v2\/categories?post=100027"},{"taxonomy":"post_tag","embeddable":true,"href":"https:\/\/grandepremio.com\/br\/wp-json\/wp\/v2\/tags?post=100027"},{"taxonomy":"42wp_author","embeddable":true,"href":"https:\/\/grandepremio.com\/br\/wp-json\/wp\/v2\/42wp_author?post=100027"}],"curies":[{"name":"wp","href":"https:\/\/api.w.org\/{rel}","templated":true}]}}