{"id":100033,"date":"2023-08-23T04:30:00","date_gmt":"2023-08-23T07:30:00","guid":{"rendered":"https:\/\/grandepremio.com\/br\/noticias\/pedro-prado-diz-mclaren-pode-surpreender-pede-atencao-sergio-perez-gp-holanda\/"},"modified":"2023-08-23T06:35:02","modified_gmt":"2023-08-23T09:35:02","slug":"pedro-prado-diz-mclaren-pode-surpreender-pede-atencao-sergio-perez-gp-holanda","status":"publish","type":"post","link":"https:\/\/grandepremio.com\/br\/f1\/pedro-prado-diz-mclaren-pode-surpreender-pede-atencao-sergio-perez-gp-holanda\/","title":{"rendered":"Pedro Prado diz que McLaren pode espantar e pede aten\u00e7\u00e3o a P\u00e9rez na Holanda"},"content":{"rendered":"\n<p class=\"wp-block-paragraph\">A McLaren encerrou a primeira parte do ano como grande destaque e surpresa. E, por isso, Pedro Prado acredita que a equipe brit\u00e2nica pode surpreender no GP da Holanda.<\/p>\n\n\n\n<p class=\"wp-block-paragraph\">Confira o trecho aqui:<\/p>\n\n\n\n<figure class=\"wp-block-embed is-type-rich is-provider-incorporar-manipulador wp-block-embed-incorporar-manipulador wp-embed-aspect-16-9 wp-has-aspect-ratio\"><div class=\"wp-block-embed__wrapper\">\nhttps:\/\/www.youtube.com\/watch?v=s7rHeny4Ztk?t=1131\n<\/div><\/figure>\n","protected":false},"excerpt":{"rendered":"<p>Pedro Prado acredita que a equipe brit\u00e2nica pode surpreender no GP da Holanda.<\/p>\n","protected":false},"author":0,"featured_media":1000712713,"comment_status":"closed","ping_status":"closed","sticky":false,"template":"","format":"standard","meta":{"42wp_featured_image_caption":"","42wp_featured_image_credits":"","42wp_featured_video":"","42wp_featured_image_hidden":false,"42wp_authors_list":[],"footnotes":""},"categories":[2],"tags":[29576,2154,147,6533,207,180,30722,1492,230,1491,30103,28285,82,1537,27357,204,31447,486],"42wp_author":[47139],"class_list":["post-100033","post","type-post","status-publish","format-standard","has-post-thumbnail","hentry","category-f1","tag-analises","tag-evelyn-guimaraes","tag-f1","tag-f1-2023","tag-ferrari","tag-formula-1","tag-formula-1-2023","tag-gabriel-carvalho","tag-gabriel-curty","tag-grande-premio","tag-grande-premio-f1","tag-grandepremio","tag-mercedes","tag-paddock-gp","tag-programas-grande-premio","tag-red-bull","tag-temporada-2023-f1","tag-victor-martins","42wp_author-ana-cerveira"],"_links":{"self":[{"href":"https:\/\/grandepremio.com\/br\/wp-json\/wp\/v2\/posts\/100033","targetHints":{"allow":["GET"]}}],"collection":[{"href":"https:\/\/grandepremio.com\/br\/wp-json\/wp\/v2\/posts"}],"about":[{"href":"https:\/\/grandepremio.com\/br\/wp-json\/wp\/v2\/types\/post"}],"replies":[{"embeddable":true,"href":"https:\/\/grandepremio.com\/br\/wp-json\/wp\/v2\/comments?post=100033"}],"version-history":[{"count":0,"href":"https:\/\/grandepremio.com\/br\/wp-json\/wp\/v2\/posts\/100033\/revisions"}],"wp:featuredmedia":[{"embeddable":true,"href":"https:\/\/grandepremio.com\/br\/wp-json\/wp\/v2\/media\/1000712713"}],"wp:attachment":[{"href":"https:\/\/grandepremio.com\/br\/wp-json\/wp\/v2\/media?parent=100033"}],"wp:term":[{"taxonomy":"category","embeddable":true,"href":"https:\/\/grandepremio.com\/br\/wp-json\/wp\/v2\/categories?post=100033"},{"taxonomy":"post_tag","embeddable":true,"href":"https:\/\/grandepremio.com\/br\/wp-json\/wp\/v2\/tags?post=100033"},{"taxonomy":"42wp_author","embeddable":true,"href":"https:\/\/grandepremio.com\/br\/wp-json\/wp\/v2\/42wp_author?post=100033"}],"curies":[{"name":"wp","href":"https:\/\/api.w.org\/{rel}","templated":true}]}}