{"id":100088,"date":"2023-08-20T10:15:20","date_gmt":"2023-08-20T13:15:20","guid":{"rendered":"https:\/\/grandepremio.com\/br\/noticias\/tadasuke-makino-hospitalizado-apos-pancada-liam-lawson-super-formula-motegi\/"},"modified":"2024-03-10T14:57:47","modified_gmt":"2024-03-10T17:57:47","slug":"tadasuke-makino-hospitalizado-apos-pancada-liam-lawson-super-formula-motegi","status":"publish","type":"post","link":"https:\/\/grandepremio.com\/br\/super-formula\/tadasuke-makino-hospitalizado-apos-pancada-liam-lawson-super-formula-motegi\/","title":{"rendered":"Makino \u00e9 hospitalizado ap\u00f3s pancada com Lawson na Super F\u00f3rmula em Motegi"},"content":{"rendered":"\n<figure class=\"wp-block-video\"><video class=\"video-js vjs-big-play-centered\" data-gp-vjs=\"1\" controls src=\"https:\/\/www.grandepremio.com\/br\/wp-content\/uploads\/2023\/08\/Super-Formula-2023-R7-Motegi-Start-Massive-crash.mp4\"><\/video><figcaption class=\"wp-element-caption\">Liam Lawson causa acidente assustador na Super Formula (V\u00eddeo: Super F\u00f3rmula)<\/figcaption><\/figure>\n\n\n\n<p class=\"wp-block-paragraph\"><strong>Tadasuke Makino<\/strong> foi levado ao hospital ap\u00f3s<a href=\"https:\/\/www.grandepremio.com\/br\/video\/outras\/liam-lawson-roda-gera-big-one-assustador-primeira-volta-corrida-super-formula-motegi\/\" class=\"ek-link\"> se envolver em um forte acidente<\/a> causado por <strong>Liam Lawson<\/strong> no in\u00edcio da s\u00e9tima rodada da <strong>Super F\u00f3rmula<\/strong> neste domingo (20) em <strong>Motegi<\/strong>.<\/p>\n\n\n\n<p class=\"wp-block-paragraph\">O ex-<strong>F\u00f3rmula 2<\/strong> foi o respons\u00e1vel pela imagem mais impressionante do acidente. O piloto da <strong>Dandelion<\/strong> n\u00e3o conseguiu evitar a colis\u00e3o com o neozeland\u00eas protegido da Red Bull e a batida fez seu carro decolar e cair quase que na vertical, antes de ir de encontro as barreiras.<\/p>\n\n\n\n<p class=\"wp-block-paragraph\">Tadasuke precisou de ajuda dos comiss\u00e1rios para sair do cockpit do carro e, de acordo com a edi\u00e7\u00e3o japonesa do site Motorsport.com, relatou dores nas costas e no peito, mas os ferimentos n\u00e3o foram graves e, assim, Makino de ereceber alta do hospital j\u00e1 na segunda-feira.<\/p>\n\n\n\n<p class=\"wp-block-paragraph\"><strong>\u25b6\ufe0f&nbsp;Inscreva-se nos dois canais do GRANDE PR\u00caMIO no YouTube:&nbsp;<\/strong><a href=\"https:\/\/www.youtube.com\/channel\/UC9OlHEgxoaY6QY6nWPoiqQg?sub_confirmation=1\" target=\"_blank\" rel=\"noreferrer noopener\"><strong>GP&nbsp;|&nbsp;GP2<\/strong><br><strong>\u25b6\ufe0f&nbsp;Conhe\u00e7a o canal do GRANDE PR\u00caMIO na Twitch clicando a<\/strong><\/a><strong><a href=\"https:\/\/www.youtube.com\/channel\/UC9OlHEgxoaY6QY6nWPoiqQg?sub_confirmation=1\" target=\"_blank\" rel=\"noreferrer noopener\">qui!<\/a><\/strong><\/p>\n\n\n\n<figure class=\"wp-block-image size-large\"><img decoding=\"async\" src=\"https:\/\/www.grandepremio.com\/br\/wp-content\/uploads\/2023\/08\/F39Ioa8WQAAbKgL-1024x574.jpg\" alt=\"\" class=\"wp-image-719750\"\/><figcaption class=\"wp-element-caption\">Momento em que Lawson perde o controle do carro em Motegi (Foto: Reprodu\u00e7\u00e3o\/Super Formula)<\/figcaption><\/figure>\n\n\n\n<p class=\"wp-block-paragraph\">Al\u00e9m de Lawson e Makino, <strong>Nobuharu Matsushita<\/strong> e <strong>Yuhi Sekiguchi<\/strong> tamb\u00e9m participaram do acidente, que causou bandeira vermelha na prova. Ambos deixaram os carros sem maiores problemas. A etapa em Motegi teve vit\u00f3ria de <strong>Tomori Nokiji<\/strong>. <\/p>\n\n\n\n<p class=\"wp-block-paragraph\">Lawson terminou em 13\u00ba ap\u00f3s levar um drive-through por consertar o carro durante a paralisa\u00e7\u00e3o da corrida.<\/p>\n\n\n\n<figure class=\"wp-block-embed is-type-video is-provider-youtube wp-block-embed-youtube wp-embed-aspect-16-9 wp-has-aspect-ratio\"><div class=\"wp-block-embed__wrapper\">\n<iframe loading=\"lazy\" title=\"Corridas AO VIVO de MOTOGP, NASCAR e DTM: ONDE ASSISTIR?\" width=\"500\" height=\"281\" src=\"https:\/\/www.youtube.com\/embed\/I_KwHYRQ9RY?feature=oembed\" frameborder=\"0\" allow=\"accelerometer; autoplay; clipboard-write; encrypted-media; gyroscope; picture-in-picture; web-share\" referrerpolicy=\"strict-origin-when-cross-origin\" allowfullscreen><\/iframe>\n<\/div><\/figure>\n","protected":false},"excerpt":{"rendered":"<p>O japon\u00eas relatou dores no peito e nas costas e precisou de ajuda dos comiss\u00e1rios para sair do cockpit ap\u00f3s o acidente, mas deve receber alta j\u00e1 na segunda-feira<\/p>\n","protected":false},"author":0,"featured_media":1000719711,"comment_status":"closed","ping_status":"closed","sticky":false,"template":"","format":"standard","meta":{"42wp_featured_image_caption":"","42wp_featured_image_credits":"","42wp_featured_video":"","42wp_featured_image_hidden":false,"42wp_authors_list":[],"footnotes":""},"categories":[55],"tags":[487,595,2869],"42wp_author":[47128],"class_list":["post-100088","post","type-post","status-publish","format-standard","has-post-thumbnail","hentry","category-super-formula","tag-acidente","tag-liam-lawson","tag-motegi","42wp_author-guilherme-bloisi"],"_links":{"self":[{"href":"https:\/\/grandepremio.com\/br\/wp-json\/wp\/v2\/posts\/100088","targetHints":{"allow":["GET"]}}],"collection":[{"href":"https:\/\/grandepremio.com\/br\/wp-json\/wp\/v2\/posts"}],"about":[{"href":"https:\/\/grandepremio.com\/br\/wp-json\/wp\/v2\/types\/post"}],"replies":[{"embeddable":true,"href":"https:\/\/grandepremio.com\/br\/wp-json\/wp\/v2\/comments?post=100088"}],"version-history":[{"count":0,"href":"https:\/\/grandepremio.com\/br\/wp-json\/wp\/v2\/posts\/100088\/revisions"}],"wp:featuredmedia":[{"embeddable":true,"href":"https:\/\/grandepremio.com\/br\/wp-json\/wp\/v2\/media\/1000719711"}],"wp:attachment":[{"href":"https:\/\/grandepremio.com\/br\/wp-json\/wp\/v2\/media?parent=100088"}],"wp:term":[{"taxonomy":"category","embeddable":true,"href":"https:\/\/grandepremio.com\/br\/wp-json\/wp\/v2\/categories?post=100088"},{"taxonomy":"post_tag","embeddable":true,"href":"https:\/\/grandepremio.com\/br\/wp-json\/wp\/v2\/tags?post=100088"},{"taxonomy":"42wp_author","embeddable":true,"href":"https:\/\/grandepremio.com\/br\/wp-json\/wp\/v2\/42wp_author?post=100088"}],"curies":[{"name":"wp","href":"https:\/\/api.w.org\/{rel}","templated":true}]}}