{"id":100122,"date":"2023-08-19T09:27:51","date_gmt":"2023-08-19T12:27:51","guid":{"rendered":"https:\/\/grandepremio.com\/br\/noticias\/mclaren-abre-processo-contra-alex-palou-reino-unido-quebra-contrato-2024\/"},"modified":"2023-08-19T12:08:40","modified_gmt":"2023-08-19T15:08:40","slug":"mclaren-abre-processo-contra-alex-palou-reino-unido-quebra-contrato-2024","status":"publish","type":"post","link":"https:\/\/grandepremio.com\/br\/indy\/mclaren-abre-processo-contra-alex-palou-reino-unido-quebra-contrato-2024\/","title":{"rendered":"McLaren abre processo contra Palou no Reino Unido por quebra de contrato para 2024"},"content":{"rendered":"\n<p class=\"wp-block-paragraph\">A <strong>McLaren<\/strong> deu o primeiro passo para processar <strong>\u00c1lex Palou<\/strong> pela quebra de contrato com a equipe em 2024. De acordo com a revista americana Racer, nesta sexta-feira (18), a McLaren Racing Limited, da F1, e a Arrow McLaren, da Indy, deram entrada no no Tribunal Comercial do Reino Unido contra o espanhol.<\/p>\n\n\n\n<p class=\"wp-block-paragraph\">A ideia do time liderado por <strong>Zak Brown<\/strong> \u00e9 recuperar os pagamentos adiantados feitos a Palou pelos servi\u00e7os que prestaria em 2024 como integrante da equipe. Um e-mail obtido pela publica\u00e7\u00e3o do chef\u00e3o da McLaren deu detalhes sobre o que foi oferecido ao campe\u00e3o da <strong>Indy<\/strong> em 2021 e l\u00edder absoluto de 2023.<\/p>\n\n\n\n<p class=\"wp-block-paragraph\">\u201cPagamos a ele uma quantia significativa para a temporada de 2024, al\u00e9m dos milh\u00f5es de d\u00f3lares para desenvolv\u00ea-lo em nossos testes de <strong>F\u00f3rmula 1<\/strong>, em seu papel de piloto reserva com uma potencial dire\u00e7\u00e3o para a categoria no futuro\u201d.<\/p>\n\n\n\n<figure class=\"wp-block-image size-large\"><img decoding=\"async\" src=\"https:\/\/www.grandepremio.com\/br\/wp-content\/uploads\/2023\/05\/Zak-Brown-Photo-Credit_-Chris-Owens_Large-Image-Without-Watermark_m73198-1024x683.jpg\" alt=\"\" class=\"wp-image-686514\"\/><figcaption class=\"wp-element-caption\">Brown detonou a postura de Palou em carta enviada \u00e0 McLaren (Foto: Indy)<\/figcaption><\/figure>\n\n\n\n<p class=\"wp-block-paragraph\">Ao portal IndyStar, o empres\u00e1rio de \u00c1lex, <strong>Roger Yasukawa<\/strong>, afirmou que o piloto &#8220;est\u00e1 focado apenas em vencer o campeonato, terminar 2023 em alta&#8221; e se recusou a comentar sobre os processos. &#8220;Assim que isso for feito, daremos mais informa\u00e7\u00f5es quando tudo for esclarecido&#8221;.<\/p>\n\n\n\n<p class=\"wp-block-paragraph\">Palou tamb\u00e9m foi questionado sobre seu futuro na Indy em 2024, mas disse que n\u00e3o revelaria seus planos pantes do fim da temporada, em setembro, no<strong> GP de Laguna Seca<\/strong>. Comentou, tamb\u00e9m, que n\u00e3o havia nenhuma oferta para correr na <strong>F1<\/strong> na pr\u00f3xima temporada.<\/p>\n\n\n\n<p class=\"wp-block-paragraph\"><strong>\u25b6\ufe0f&nbsp;Inscreva-se nos dois canais do GRANDE PR\u00caMIO no YouTube:&nbsp;<\/strong><a href=\"https:\/\/www.youtube.com\/channel\/UC9OlHEgxoaY6QY6nWPoiqQg?sub_confirmation=1\" target=\"_blank\" rel=\"noreferrer noopener\" class=\"ek-link\"><strong>GP&nbsp;|&nbsp;GP2<\/strong><br><strong>\u25b6\ufe0f&nbsp;Conhe\u00e7a o canal do GRANDE PR\u00caMIO na Twitch clicando aq<\/strong><\/a><strong><a href=\"https:\/\/www.youtube.com\/channel\/UC9OlHEgxoaY6QY6nWPoiqQg?sub_confirmation=1\" target=\"_blank\" rel=\"noreferrer noopener\">ui!<\/a><\/strong><\/p>\n\n\n\n<h2 class=\"wp-block-heading\" id=\"h-entenda-o-caso\"><strong>Entenda o caso<\/strong><\/h2>\n\n\n\n<p class=\"wp-block-paragraph\">Tudo come\u00e7a em 2022, ap\u00f3s um imbr\u00f3glio na renova\u00e7\u00e3o autom\u00e1tica de Palou com a <strong>Ganassi<\/strong>, onde o espanhol manifestou o desejo de ir para a McLaren. A quest\u00e3o foi parar na justi\u00e7a e terminou com um parecer favor\u00e1vel para a Ganassi.<\/p>\n\n\n\n<figure class=\"wp-block-image size-large\"><img decoding=\"async\" src=\"https:\/\/www.grandepremio.com\/br\/wp-content\/uploads\/2023\/08\/Gallagher-Grand-Prix-Friday_-August-11_-2023_Ref-Image-Without-Watermark_m89867-1024x683.jpg\" alt=\"\" class=\"wp-image-717386\"\/><figcaption class=\"wp-element-caption\">\u00c1lex Palou n\u00e3o vai cumprir acordo com a McLaren em 2024 (Foto: IndyCar)<\/figcaption><\/figure>\n\n\n\n<p class=\"wp-block-paragraph\">Agora, a situa\u00e7\u00e3o se inverteu. \u00c1lex, mais uma vez, <a href=\"https:\/\/www.grandepremio.com\/br\/galeria\/indy\/caso-alex-palou-entenda-novela-envolvendo-disputa-ganassi-mclaren-indy\/#614991\" class=\"ek-link\">assinou dois contratos para o pr\u00f3ximo ano<\/a>. Desta vez, a reclama\u00e7\u00e3o \u00e9 da McLaren, que viu o piloto recuar no acordo, mesmo j\u00e1 tendo recebido dinheiro do time papaia.<\/p>\n\n\n\n<p class=\"wp-block-paragraph\">H\u00e1 uma semana, uma carta interna publicada pela ag\u00eancia Associated Press e <a href=\"https:\/\/www.grandepremio.com\/br\/indy\/noticias\/inconsequente-mau-carater-bastidores-treta-entre-alex-palou-mclaren-indy\/\" class=\"ek-link\">com c\u00f3pia obtida pelo <strong>GRANDE PR\u00caMIO<\/strong><\/a>, de Zak Brown, informou que tomou ci\u00eancia de que o espanhol n\u00e3o tem inten\u00e7\u00e3o de honrar o contrato assinado para se juntar ao time em 2024.<\/p>\n\n\n\n<p class=\"wp-block-paragraph\">Palou \u00e9 esperado pela Ganassi para seguir no time da\u00a0<a href=\"https:\/\/www.grandepremio.com\/formula-indy\/\" target=\"_blank\" rel=\"noreferrer noopener\" class=\"ek-link\">Indy<\/a>\u00a0no ano que vem, enquanto a equipe laranja trata o piloto como \u201cinconsequente e mau car\u00e1ter\u201d.<\/p>\n\n\n\n<figure class=\"wp-block-embed is-type-video is-provider-youtube wp-block-embed-youtube wp-embed-aspect-16-9 wp-has-aspect-ratio\"><div class=\"wp-block-embed__wrapper\">\n<iframe loading=\"lazy\" title=\"Como carreira de PALOU pode ficar em risco com nova briga na INDY?\" width=\"500\" height=\"281\" src=\"https:\/\/www.youtube.com\/embed\/nPXTTOft7ZA?feature=oembed\" frameborder=\"0\" allow=\"accelerometer; autoplay; clipboard-write; encrypted-media; gyroscope; picture-in-picture; web-share\" referrerpolicy=\"strict-origin-when-cross-origin\" allowfullscreen><\/iframe>\n<\/div><\/figure>\n","protected":false},"excerpt":{"rendered":"<p>A equipe de Zak Brown n\u00e3o dar\u00e1 o bra\u00e7o a torcer contra o espanhol da Ganassi e quer de volta os pagamentos adiantados feitos a \u00c1lex Palou para fazer parte da equipe na temporada que vem<\/p>\n","protected":false},"author":0,"featured_media":1000715302,"comment_status":"closed","ping_status":"closed","sticky":false,"template":"","format":"standard","meta":{"42wp_featured_image_caption":"","42wp_featured_image_credits":"","42wp_featured_video":"","42wp_featured_image_hidden":false,"42wp_authors_list":[],"footnotes":""},"categories":[3],"tags":[9828,180,1595,25977,90,580],"42wp_author":[47128],"class_list":["post-100122","post","type-post","status-publish","format-standard","has-post-thumbnail","hentry","category-indy","tag-alex-palou","tag-formula-1","tag-ganassi","tag-indy-2023","tag-mclaren","tag-zak-brown","42wp_author-guilherme-bloisi"],"_links":{"self":[{"href":"https:\/\/grandepremio.com\/br\/wp-json\/wp\/v2\/posts\/100122","targetHints":{"allow":["GET"]}}],"collection":[{"href":"https:\/\/grandepremio.com\/br\/wp-json\/wp\/v2\/posts"}],"about":[{"href":"https:\/\/grandepremio.com\/br\/wp-json\/wp\/v2\/types\/post"}],"replies":[{"embeddable":true,"href":"https:\/\/grandepremio.com\/br\/wp-json\/wp\/v2\/comments?post=100122"}],"version-history":[{"count":0,"href":"https:\/\/grandepremio.com\/br\/wp-json\/wp\/v2\/posts\/100122\/revisions"}],"wp:featuredmedia":[{"embeddable":true,"href":"https:\/\/grandepremio.com\/br\/wp-json\/wp\/v2\/media\/1000715302"}],"wp:attachment":[{"href":"https:\/\/grandepremio.com\/br\/wp-json\/wp\/v2\/media?parent=100122"}],"wp:term":[{"taxonomy":"category","embeddable":true,"href":"https:\/\/grandepremio.com\/br\/wp-json\/wp\/v2\/categories?post=100122"},{"taxonomy":"post_tag","embeddable":true,"href":"https:\/\/grandepremio.com\/br\/wp-json\/wp\/v2\/tags?post=100122"},{"taxonomy":"42wp_author","embeddable":true,"href":"https:\/\/grandepremio.com\/br\/wp-json\/wp\/v2\/42wp_author?post=100122"}],"curies":[{"name":"wp","href":"https:\/\/api.w.org\/{rel}","templated":true}]}}