{"id":100129,"date":"2023-08-19T05:15:00","date_gmt":"2023-08-19T08:15:00","guid":{"rendered":"https:\/\/grandepremio.com\/br\/noticias\/marc-marquez-revela-advertencia-honda-austria-freando-muito-tarde\/"},"modified":"2023-08-18T17:34:46","modified_gmt":"2023-08-18T20:34:46","slug":"marc-marquez-revela-advertencia-honda-austria-freando-muito-tarde","status":"publish","type":"post","link":"https:\/\/grandepremio.com\/br\/motogp\/marc-marquez-revela-advertencia-honda-austria-freando-muito-tarde\/","title":{"rendered":"Marc M\u00e1rquez revela advert\u00eancia da Honda na \u00c1ustria: &#8220;Est\u00e1 freando muito tarde&#8221;"},"content":{"rendered":"\n<p class=\"wp-block-paragraph\">A preocupa\u00e7\u00e3o da <strong>Honda<\/strong> com a integridade f\u00edsica de <strong>Marc M\u00e1rquez<\/strong> veio \u00e0 tona novamente durante as sess\u00f5es de treinos livres para o <strong>GP da \u00c1ustria<\/strong> ap\u00f3s a 16\u00aa queda do espanhol na temporada 2023. Nesta sexta-feira (18), embora <a href=\"https:\/\/www.grandepremio.com\/br\/motogp\/noticias\/pol-espargaro-punido-atrapalhar-marc-marquez-perde-3-posicoes-gp-austria\/\" class=\"ek-link\">desta vez tenha sido ejetado da moto de maneira leve no treino da tarde<\/a>, o hexacampe\u00e3o da categoria rainha revelou que o erro gerou uma apreens\u00e3o no chefe da equipe japonesa, <strong>Alberto Puig<\/strong>, que pediu para que o espanhol pilotasse com cautela, principalmente no atraso das freadas no <strong>Red Bull Ring<\/strong>.<\/p>\n\n\n\n<p class=\"wp-block-paragraph\">&#8220;Alberto \u00e9 o primeiro a se preocupar com minha condi\u00e7\u00e3o f\u00edsica&#8221;, iniciou M\u00e1rquez. &#8220;Ele \u00e9 muito realista sobre o n\u00edvel em que o projeto est\u00e1 atualmente, e me lembro perfeitamente do que aconteceu nessa conversa. Ele me disse &#8216;n\u00e3o \u00e9 necess\u00e1rio tanto, voc\u00ea est\u00e1 freando muito tarde'&#8221;, revelou.<\/p>\n\n\n\n<p class=\"wp-block-paragraph\">&#8220;Na televis\u00e3o parecia um pouco no limite, eu estava no m\u00e1ximo, mas pareceu tamb\u00e9m assim de fora. Agradeci a ele, \u00e9 bom quando o chefe da equipe te faz refletir, mas tamb\u00e9m acho que n\u00e3o exagerei. Essa foi a conversa, ele veio me avisar para ter cuidado porque \u00e9 o primeiro a saber em que situa\u00e7\u00e3o estamos&#8221;, prosseguiu.<\/p>\n\n\n\n<p class=\"wp-block-paragraph\"><strong>\u25b6\ufe0f&nbsp;Inscreva-se nos dois canais do GRANDE PR\u00caMIO no YouTube:&nbsp;<\/strong><a href=\"https:\/\/www.youtube.com\/channel\/UC9OlHEgxoaY6QY6nWPoiqQg?sub_confirmation=1\" target=\"_blank\" rel=\"noreferrer noopener\"><strong>GP&nbsp;|&nbsp;GP2<\/strong><br><strong>\u25b6\ufe0f&nbsp;Conhe\u00e7a o canal do GRANDE PR\u00caMIO na Twitch clicando a<\/strong><\/a><strong><a href=\"https:\/\/www.youtube.com\/channel\/UC9OlHEgxoaY6QY6nWPoiqQg?sub_confirmation=1\" target=\"_blank\" rel=\"noreferrer noopener\" class=\"ek-link\">qui!<\/a><\/strong><\/p>\n\n\n\n<figure class=\"wp-block-image size-large\"><img decoding=\"async\" src=\"https:\/\/www.grandepremio.com\/br\/wp-content\/uploads\/2023\/08\/https-__repsolmedia.com_repsolmedia_wp-content_uploads_2023_08_JRB5269-scaled-1-1024x682.jpg\" alt=\"\" class=\"wp-image-718824\"\/><figcaption class=\"wp-element-caption\">Marc M\u00e1rquez foi repreendido pelo chefe da equipe Honda (Foto: Repsol)<\/figcaption><\/figure>\n\n\n\n<p class=\"wp-block-paragraph\">Mesmo com a atualizada <strong><a href=\"https:\/\/www.grandepremio.com\/br\/motogp\/noticias\/marc-marquez-estreia-nova-carenagem-honda-treino-livre-1-austria\/\" class=\"ek-link\">carenagem de alto downforce<\/a><\/strong>, M\u00e1rquez enfrentou problemas com a falta de estabilidade na Honda #93, por isso, precisou atrasar as freadas no Red Bull Ring em busca da vaga antecipada ao Q2. O esfor\u00e7o n\u00e3o trouxe o resultado esperado, j\u00e1 que o espanhol ficou em <strong><a href=\"https:\/\/www.grandepremio.com\/br\/motogp\/noticias\/marco-bezzecchi-bate-maverick-vinales-comanda-treino-motogp-austria-francesco-bagnaia-2o\/\" class=\"ek-link\">13\u00ba lugar no treino da tarde na \u00c1ustria<\/a><\/strong>.<\/p>\n\n\n\n<p class=\"wp-block-paragraph\">&#8220;Foi um dia mentalmente muito estressante, principalmente porque tive de estar muito concentrado para adaptar meu estilo de pilotagem a essa nova aerodin\u00e2mica. Do lado de fora, j\u00e1 d\u00e1 para ver que \u00e9 muito diferente e requer uma pilotagem diferente, tanto na abordagem das curvas quanto, de maneira geral, na forma de pilotar a moto&#8221;, explicou Marc.<\/p>\n\n\n\n<p class=\"wp-block-paragraph\">&#8220;Eu me adaptei bastante rapidamente, mais do que esperava, mas \u00e9 verdade que o n\u00edvel de desempenho \u00e9 semelhante, os pontos fracos s\u00e3o os mesmos, continuo perdendo tempo no mesmo lugar, e precisamos continuar trabalhando&#8221;, acrescentou.<\/p>\n\n\n\n<p class=\"wp-block-paragraph\">O treino livre 2 da\u00a0<strong><a href=\"https:\/\/grandepremio.com\/motovelocidade\/\" target=\"_blank\" rel=\"noreferrer noopener\">MotoGP<\/a>\u00a0<\/strong>para o<strong>\u00a0GP da \u00c1ustria<\/strong>, no\u00a0<strong><a href=\"https:\/\/www.grandepremio.com\/br\/circuito\/red-bull-ring\/\" target=\"_blank\" rel=\"noreferrer noopener\"><\/a><a href=\"https:\/\/www.grandepremio.com\/br\/circuito\/red-bull-ring\/\" target=\"_blank\" rel=\"noreferrer noopener\"><\/a><a href=\"https:\/\/www.grandepremio.com\/br\/circuito\/red-bull-ring\/\" target=\"_blank\" rel=\"noreferrer noopener\"><\/a><a href=\"https:\/\/www.grandepremio.com\/br\/circuito\/red-bull-ring\/\" target=\"_blank\" rel=\"noreferrer noopener\"><\/a><a href=\"https:\/\/www.grandepremio.com\/br\/circuito\/red-bull-ring\/\" target=\"_blank\" rel=\"noreferrer noopener\"><\/a><a href=\"https:\/\/www.grandepremio.com\/br\/circuito\/red-bull-ring\/\" target=\"_blank\" rel=\"noreferrer noopener\"><\/a><a href=\"https:\/\/www.grandepremio.com\/br\/circuito\/red-bull-ring\/\" target=\"_blank\" rel=\"noreferrer noopener\"><\/a><a href=\"https:\/\/www.grandepremio.com\/br\/circuito\/red-bull-ring\/\" target=\"_blank\" rel=\"noreferrer noopener\"><\/a><a href=\"https:\/\/www.grandepremio.com\/br\/circuito\/red-bull-ring\/\" target=\"_blank\" rel=\"noreferrer noopener\"><\/a><a href=\"https:\/\/www.grandepremio.com\/br\/circuito\/red-bull-ring\/\" target=\"_blank\" rel=\"noreferrer noopener\"><\/a><a href=\"https:\/\/www.grandepremio.com\/br\/circuito\/red-bull-ring\/\" target=\"_blank\" rel=\"noreferrer noopener\"><\/a><a href=\"https:\/\/www.grandepremio.com\/br\/circuito\/red-bull-ring\/\" target=\"_blank\" rel=\"noreferrer noopener\"><\/a><a href=\"https:\/\/www.grandepremio.com\/br\/circuito\/red-bull-ring\/\" target=\"_blank\" rel=\"noreferrer noopener\"><\/a><a href=\"https:\/\/www.grandepremio.com\/br\/circuito\/red-bull-ring\/\" target=\"_blank\" rel=\"noreferrer noopener\"><\/a><a href=\"https:\/\/www.grandepremio.com\/br\/circuito\/red-bull-ring\/\" target=\"_blank\" rel=\"noreferrer noopener\"><\/a><a href=\"https:\/\/www.grandepremio.com\/br\/circuito\/red-bull-ring\/\" target=\"_blank\" rel=\"noreferrer noopener\"><\/a><a href=\"https:\/\/www.grandepremio.com\/br\/circuito\/red-bull-ring\/\" target=\"_blank\" rel=\"noreferrer noopener\">Red Bull Ring<\/a><\/strong>, est\u00e1 marcado para \u00e0s 5h10 (de Bras\u00edlia) de s\u00e1bado. O\u00a0<strong>GRANDE PR\u00caMIO\u00a0<\/strong>faz a cobertura completa do evento, assim como das classes menores:\u00a0<strong>Moto2<\/strong>,\u00a0<strong>Moto3<\/strong>\u00a0e\u00a0<strong>MotoE<\/strong>.<\/p>\n","protected":false},"excerpt":{"rendered":"<p>Ap\u00f3s o segundo treino desta sexta-feira, Marc M\u00e1rquez contou que o chefe da Honda, Alberto Puig, pediu que tivesse cautela na entrada de curva do Red Bull Ring<\/p>\n","protected":false},"author":0,"featured_media":1000718702,"comment_status":"closed","ping_status":"closed","sticky":false,"template":"","format":"standard","meta":{"42wp_featured_image_caption":"","42wp_featured_image_credits":"","42wp_featured_video":"","42wp_featured_image_hidden":false,"42wp_authors_list":[],"footnotes":""},"categories":[8],"tags":[23783,28285,130,1300,78,1763,36150],"42wp_author":[47145],"class_list":["post-100129","post","type-post","status-publish","format-standard","has-post-thumbnail","hentry","category-motogp","tag-gp-da-austria","tag-grandepremio","tag-honda","tag-marc-marquez","tag-motogp","tag-red-bull-ring","tag-temporada-2023-da-motogp","42wp_author-alessandro-pinheiro"],"_links":{"self":[{"href":"https:\/\/grandepremio.com\/br\/wp-json\/wp\/v2\/posts\/100129","targetHints":{"allow":["GET"]}}],"collection":[{"href":"https:\/\/grandepremio.com\/br\/wp-json\/wp\/v2\/posts"}],"about":[{"href":"https:\/\/grandepremio.com\/br\/wp-json\/wp\/v2\/types\/post"}],"replies":[{"embeddable":true,"href":"https:\/\/grandepremio.com\/br\/wp-json\/wp\/v2\/comments?post=100129"}],"version-history":[{"count":0,"href":"https:\/\/grandepremio.com\/br\/wp-json\/wp\/v2\/posts\/100129\/revisions"}],"wp:featuredmedia":[{"embeddable":true,"href":"https:\/\/grandepremio.com\/br\/wp-json\/wp\/v2\/media\/1000718702"}],"wp:attachment":[{"href":"https:\/\/grandepremio.com\/br\/wp-json\/wp\/v2\/media?parent=100129"}],"wp:term":[{"taxonomy":"category","embeddable":true,"href":"https:\/\/grandepremio.com\/br\/wp-json\/wp\/v2\/categories?post=100129"},{"taxonomy":"post_tag","embeddable":true,"href":"https:\/\/grandepremio.com\/br\/wp-json\/wp\/v2\/tags?post=100129"},{"taxonomy":"42wp_author","embeddable":true,"href":"https:\/\/grandepremio.com\/br\/wp-json\/wp\/v2\/42wp_author?post=100129"}],"curies":[{"name":"wp","href":"https:\/\/api.w.org\/{rel}","templated":true}]}}