{"id":100133,"date":"2023-08-19T04:15:00","date_gmt":"2023-08-19T07:15:00","guid":{"rendered":"https:\/\/grandepremio.com\/br\/noticias\/haas-admite-surpresa-adaptacao-impressionante-nico-hulkenberg-esta-muito-bem\/"},"modified":"2023-08-18T17:15:06","modified_gmt":"2023-08-18T20:15:06","slug":"haas-admite-surpresa-adaptacao-impressionante-nico-hulkenberg-esta-muito-bem","status":"publish","type":"post","link":"https:\/\/grandepremio.com\/br\/f1\/haas-admite-surpresa-adaptacao-impressionante-nico-hulkenberg-esta-muito-bem\/","title":{"rendered":"Haas admite surpresa com adapta\u00e7\u00e3o de &#8220;impressionante&#8221; H\u00fclkenberg: &#8220;Muito bem&#8221;"},"content":{"rendered":"\n<p class=\"wp-block-paragraph\"><strong>Nico H\u00fclkenberg<\/strong> voltou ao grid da <strong>F\u00f3rmula 1<\/strong> pela <strong>Haas <\/strong>em 2023 e impressionou a equipe com a r\u00e1pida readapta\u00e7\u00e3o e experi\u00eancia, superando as preocupa\u00e7\u00f5es iniciais sobre seu retorno ap\u00f3s tr\u00eas anos como piloto reserva e apenas apari\u00e7\u00f5es espor\u00e1dicas substituindo titulares. <strong>Guenther Steiner<\/strong>, chefe da equipe americana, acreditava que o piloto precisaria de muito tempo para voltar a ter um bom ritmo, mas suas preocupa\u00e7\u00f5es foram rapidamente desfeitas.<\/p>\n\n\n\n<p class=\"wp-block-paragraph\">O alem\u00e3o foi contratado para substituir <strong>Mick Schumacher<\/strong>, que sofreu diversos acidentes que resultaram em altos custos para a equipe. Apesar do jovem piloto ter bons momentos e marcar alguns pontos em sua segunda temporada, tamb\u00e9m ficou marcado pelas batidas.<\/p>\n\n\n\n<p class=\"wp-block-paragraph\">&#8220;Fiquei bastante impressionado. O contratamos por uma raz\u00e3o, sabemos que ele pode pilotar um carro de corrida. A d\u00favida era: depois de tr\u00eas anos sem ser piloto em tempo integral, quanto tempo ele levaria para se atualizar?&#8221;, explicou Steiner.<\/p>\n\n\n\n<p class=\"wp-block-paragraph\"><strong>\u25b6\ufe0f&nbsp;Inscreva-se nos dois canais do GRANDE PR\u00caMIO no YouTube:&nbsp;<\/strong><a href=\"https:\/\/www.youtube.com\/channel\/UC9OlHEgxoaY6QY6nWPoiqQg?sub_confirmation=1\" target=\"_blank\" rel=\"noreferrer noopener\"><strong>GP&nbsp;|&nbsp;GP2<\/strong><br><strong>\u25b6\ufe0f&nbsp;Conhe\u00e7a o canal do GRANDE PR\u00caMIO na Twitch clicando a<\/strong><\/a><strong><a href=\"https:\/\/www.youtube.com\/channel\/UC9OlHEgxoaY6QY6nWPoiqQg?sub_confirmation=1\" target=\"_blank\" rel=\"noreferrer noopener\">qui!<\/a><\/strong><\/p>\n\n\n\n<figure class=\"wp-block-image size-large\"><img decoding=\"async\" src=\"https:\/\/www.grandepremio.com\/br\/wp-content\/uploads\/2023\/05\/Steiner-1024x683.jpg\" alt=\"\" class=\"wp-image-681074\"\/><figcaption class=\"wp-element-caption\">Guenther Steiner avaliou positivamente a temporada de H\u00fclkenberg at\u00e9 aqui (Foto: Haas F1 Team)<\/figcaption><\/figure>\n\n\n\n<p class=\"wp-block-paragraph\">&#8220;N\u00e3o demorou nada, ele estava focado desde o primeiro dia, o que \u00e9 muito impressionante. Nico tamb\u00e9m tenta sempre ajudar a equipe e isso \u00e9 o que quer\u00edamos com a experi\u00eancia dele&#8221;, completou.<\/p>\n\n\n\n<p class=\"wp-block-paragraph\">Entre 2020 e 2022, H\u00fclkenberg foi frequentemente chamado para atuar como substituto de emerg\u00eancia na <strong>Racing Point<\/strong> e na <strong>Aston Martin<\/strong>, entrando no carro \u00e0s pressas em tr\u00eas ocasi\u00f5es distintas devido a diagn\u00f3sticos de Covid-19 de seus pilotos.<\/p>\n\n\n\n<p class=\"wp-block-paragraph\">&#8220;Ele esteve seis ou sete vezes no Q3 nas [primeiras] 11 provas e isso n\u00e3o \u00e9 nada mal. E tem 9 pontos, ent\u00e3o tamb\u00e9m mostra que nas corridas est\u00e1 indo muito bem. O problema n\u00e3o \u00e9 o piloto, \u00e9 o carro que n\u00e3o \u00e9 bom o suficiente, precisamos trabalhar nisso. Estamos muito felizes com Nico [H\u00fclkenberg]&#8221;. elogiou.<\/p>\n\n\n\n<p class=\"wp-block-paragraph\">O dirigente acrescentou que H\u00fclkenberg foi capaz de usar sua vasta experi\u00eancia para lidar com os momentos mais dif\u00edceis, reconhecendo que ajudar a Haas n\u00e3o seria um projeto de curto prazo.<\/p>\n\n\n\n<p class=\"wp-block-paragraph\">&#8220;Primeiro de tudo, me surpreendeu a rapidez com que ele se adaptou, como se integrou \u00e0 equipe. Foi incr\u00edvel como ele entendeu imediatamente as pessoas. Mas novamente, estamos falando de experi\u00eancia e Nico est\u00e1 no grid h\u00e1 muito tempo. Tamb\u00e9m \u00e9 incr\u00edvel a forma como ele lida com as corridas, abordando tudo da maneira certa e dosando seu esfor\u00e7o, sem exageros&#8221;, afirmou Steiner.<\/p>\n\n\n\n<p class=\"wp-block-paragraph\">A&nbsp;<strong><a href=\"https:\/\/www.grandepremio.com\/formula-1\/\" target=\"_blank\" rel=\"noreferrer noopener\">F\u00f3rmula 1<\/a><\/strong>&nbsp;est\u00e1 de f\u00e9rias e retorna no pr\u00f3ximo final de semana, de 25 a 27 de agosto, em&nbsp;<strong><a href=\"https:\/\/www.grandepremio.com\/br\/circuito\/zandvoort\/\" target=\"_blank\" rel=\"noreferrer noopener\">Zandvoort<\/a><\/strong>, na&nbsp;<strong>Holanda<\/strong>. O&nbsp;<strong>GRANDE PR\u00caMIO<\/strong>&nbsp;acompanha todas as atividades da temporada 2023.<\/p>\n\n\n\n<figure class=\"wp-block-embed is-type-video is-provider-youtube wp-block-embed-youtube wp-embed-aspect-16-9 wp-has-aspect-ratio\"><div class=\"wp-block-embed__wrapper\">\n<iframe loading=\"lazy\" title=\"GUERRA INTERNA e PIRATARIA NA F1: Szafnauer culpa RENAULT por FRACASSO DA ALPINE\" width=\"500\" height=\"281\" src=\"https:\/\/www.youtube.com\/embed\/NwzMRvq5m8I?feature=oembed\" frameborder=\"0\" allow=\"accelerometer; autoplay; clipboard-write; encrypted-media; gyroscope; picture-in-picture; web-share\" referrerpolicy=\"strict-origin-when-cross-origin\" allowfullscreen><\/iframe>\n<\/div><\/figure>\n","protected":false},"excerpt":{"rendered":"<p>A experi\u00eancia de Nico H\u00fclkenberg surpreendeu Guenther Steiner, chefe de equipe da Haas, que elogiou o piloto e a forma como o alem\u00e3o se integrou \u00e0 equipe<\/p>\n","protected":false},"author":0,"featured_media":1000712177,"comment_status":"closed","ping_status":"closed","sticky":false,"template":"","format":"standard","meta":{"42wp_featured_image_caption":"","42wp_featured_image_credits":"","42wp_featured_video":"","42wp_featured_image_hidden":false,"42wp_authors_list":[],"footnotes":""},"categories":[2],"tags":[147,6533,219,28285,1490,1256,119,14495,10908,298,1521],"42wp_author":[47157],"class_list":["post-100133","post","type-post","status-publish","format-standard","has-post-thumbnail","hentry","category-f1","tag-f1","tag-f1-2023","tag-grande-prmio","tag-grandepremio","tag-guenther-steiner","tag-gunther-steiner","tag-haas","tag-haas-f1","tag-haas-f1-team","tag-nico-hlkenberg","tag-nico-hulkenberg","42wp_author-jonas-souza"],"_links":{"self":[{"href":"https:\/\/grandepremio.com\/br\/wp-json\/wp\/v2\/posts\/100133","targetHints":{"allow":["GET"]}}],"collection":[{"href":"https:\/\/grandepremio.com\/br\/wp-json\/wp\/v2\/posts"}],"about":[{"href":"https:\/\/grandepremio.com\/br\/wp-json\/wp\/v2\/types\/post"}],"replies":[{"embeddable":true,"href":"https:\/\/grandepremio.com\/br\/wp-json\/wp\/v2\/comments?post=100133"}],"version-history":[{"count":0,"href":"https:\/\/grandepremio.com\/br\/wp-json\/wp\/v2\/posts\/100133\/revisions"}],"wp:featuredmedia":[{"embeddable":true,"href":"https:\/\/grandepremio.com\/br\/wp-json\/wp\/v2\/media\/1000712177"}],"wp:attachment":[{"href":"https:\/\/grandepremio.com\/br\/wp-json\/wp\/v2\/media?parent=100133"}],"wp:term":[{"taxonomy":"category","embeddable":true,"href":"https:\/\/grandepremio.com\/br\/wp-json\/wp\/v2\/categories?post=100133"},{"taxonomy":"post_tag","embeddable":true,"href":"https:\/\/grandepremio.com\/br\/wp-json\/wp\/v2\/tags?post=100133"},{"taxonomy":"42wp_author","embeddable":true,"href":"https:\/\/grandepremio.com\/br\/wp-json\/wp\/v2\/42wp_author?post=100133"}],"curies":[{"name":"wp","href":"https:\/\/api.w.org\/{rel}","templated":true}]}}