{"id":100164,"date":"2023-08-18T04:00:00","date_gmt":"2023-08-18T07:00:00","guid":{"rendered":"https:\/\/grandepremio.com\/br\/noticias\/alpine-exagera-ambicao-enrola-meta-irreal-implode-em-meio-demissoes\/"},"modified":"2023-08-16T18:54:33","modified_gmt":"2023-08-16T21:54:33","slug":"alpine-exagera-ambicao-enrola-meta-irreal-implode-em-meio-demissoes","status":"publish","type":"post","link":"https:\/\/grandepremio.com\/br\/f1\/alpine-exagera-ambicao-enrola-meta-irreal-implode-em-meio-demissoes\/","title":{"rendered":"Alpine exagera na ambi\u00e7\u00e3o, se enrola em meta irreal e implode em meio a demiss\u00f5es"},"content":{"rendered":"\n<p class=\"wp-block-paragraph\">A <strong>Alpine <\/strong>vive um 2023 da pior forma poss\u00edvel na <strong>F1<\/strong>: marasmo completo dentro das pistas, <a href=\"https:\/\/www.grandepremio.com\/br\/f1\/noticias\/alpine-promove-bota-abaixo-demite-chefe-otmar-szafnauer-mais-dois-diretores-formula-1\/\" class=\"ek-link\">agito total fora delas<\/a>. Em uma categoria que \u00e9 praticamente s\u00f3 dela no grid, longe das ponteiras e tamb\u00e9m distante dos piores times, os franceses parecem apenas cumprir tabela na temporada. E isso \u00e9 uma tremenda decep\u00e7\u00e3o.<\/p>\n\n\n\n<p class=\"wp-block-paragraph\">Estamos aqui diante de um caso cl\u00e1ssico de expectativa x realidade. Porque, sejamos honestos, qualquer um que acompanhe a F1 atentamente ano ap\u00f3s ano saberia dizer que a Alpine, para 2023, ficaria entre a quarta e a sexta posi\u00e7\u00f5es, certo? Ent\u00e3o, a coloca\u00e7\u00e3o atual \u00e9 ruim, sim, mas ainda dentro da margem esperada. O problema \u00e9 o que o pr\u00f3prio time projetou.<\/p>\n\n\n\n<p class=\"wp-block-paragraph\">Aquele papo de ser uma equipe constantemente vencedora em 100 corridas depois da troca de nome da <strong>Renault<\/strong>, o sonho de se consolidar como uma for\u00e7a da <strong>&#8216;F1 A&#8217;<\/strong> e, quem sabe, beliscar uma <strong>Red Bull, Mercedes<\/strong> ou <strong>Ferrari<\/strong>, enfim, tudo isso j\u00e1 parecia ser uma furada, mas envelheceu como leite, claro, com exce\u00e7\u00e3o feita \u00e0 surreal vit\u00f3ria de <strong>Esteban Ocon<\/strong> no ca\u00f3tico <strong>GP da Hungria<\/strong>, em 2021. O 2023 do time franc\u00eas \u00e9 um fiasco por este prisma.<\/p>\n\n\n\n<figure class=\"wp-block-image size-large\"><img decoding=\"async\" src=\"https:\/\/www.grandepremio.com\/br\/wp-content\/uploads\/2023\/07\/f1-2023-belgica-alpine-otmarszafnauer-afp-02-1024x683.jpg\" alt=\"\" class=\"wp-image-712284\"\/><figcaption class=\"wp-element-caption\">Otmar Szafnauer foi demitido da Alpine e saiu durante fim de semana em Spa-Francorchamps (Foto: AFP)<\/figcaption><\/figure>\n\n\n\n<p class=\"wp-block-paragraph\">D\u00e1 para dizer que essas proje\u00e7\u00f5es furadas e exageradamente otimistas indicam muito bem os problemas na Alpine. No fim das contas, \u00e9 muita gente falando mais do que deve sem qualquer embasamento. E isso reflete diretamente no que acontece com a dire\u00e7\u00e3o da equipe. Sim, estamos falando das constantes trocas no comando e da leva de demiss\u00f5es recentes.<\/p>\n\n\n\n<p class=\"wp-block-paragraph\">Saindo um pouco do caos gerado por falastr\u00f5es e pela falta de comando, olhemos um pouco para a pista. Claro, \u00e9 imposs\u00edvel dissociar uma coisa da outra, mas vamos l\u00e1: a performance, falando s\u00f3 de velocidade, carro e tudo mais, n\u00e3o \u00e9 muito diferente das anteriores.<\/p>\n\n\n\n<p class=\"wp-block-paragraph\">A verdade \u00e9 que, desde que voltou \u00e0 F1, a faixa que a Renault\/Alpine ocupa \u00e9 essa a\u00ed mesmo. Mesmo em 2022, quando os azuis fecharam no quarto lugar, a performance n\u00e3o era muito diferente: \u00f3timos pilotos, um carro relativamente r\u00e1pido e nem tanto confi\u00e1vel, algumas chamadas estranhas na t\u00e1tica, alguns azares. Parecido com 2023, n\u00e3o? O que mudou foi o desempenho das rivais diretas.<\/p>\n\n\n\n<figure class=\"wp-block-image size-large\"><img decoding=\"async\" src=\"https:\/\/www.grandepremio.com\/br\/wp-content\/uploads\/2023\/07\/f1-2023-austria-classificacao-alpine-pierregasly-02-1024x682.jpg\" alt=\"\" class=\"wp-image-705681\"\/><figcaption class=\"wp-element-caption\">Pierre Gasly faz ano de estreia bem decente na Alpine (Foto: Alpine)<\/figcaption><\/figure>\n\n\n\n<p class=\"wp-block-paragraph\">A <strong>Aston Martin<\/strong> chutou a porta e escalou o pelot\u00e3o com um modelo muito parecido com a Red Bull do ano passado, enquanto a <strong>McLaren<\/strong>, que iniciou o ano bem estranha, achou a atualiza\u00e7\u00e3o dos sonhos e tamb\u00e9m atropelou a Alpine. Dificilmente os franceses v\u00e3o pegar alguma delas ainda em 2023. Assim como n\u00e3o devem ser alcan\u00e7ados, tamanha a ruindade de <strong>Williams, AlphaTauri, Alfa Romeo<\/strong> e <strong>Haas<\/strong>.<\/p>\n\n\n\n<p class=\"wp-block-paragraph\">Com direito a &#8216;t\u00e9cnico interino&#8217; e tudo, a Alpine, depois das sa\u00eddas do chefe <strong>Otmar Szafnauer<\/strong> e do CEO <strong>Laurent Rossi,<\/strong> al\u00e9m de outros dois importantes diretores, se arrasta em meio ao caos completo. E o pior de tudo \u00e9 que l\u00e1 est\u00e3o dois \u00f3timos pilotos, com potenciais grandes, mas sem um time ao redor.<\/p>\n\n\n\n<p class=\"wp-block-paragraph\">Ocon e<strong> Pierre Gasly<\/strong>, ali\u00e1s, fazem a parte deles em 2023. Ocon tem mais pontos, mas Gasly demonstra mais velocidade constantemente. \u00c9 uma briga boa entre dois antigos amigos, depois antigos desafetos e que, hoje, s\u00e3o apenas v\u00edtimas do ambiente que vivem. E <a href=\"https:\/\/www.grandepremio.com\/br\/f1\/noticias\/pierre-gasly-admite-decepcao-alpine-diz-precisa-processar-serie-demissoes\/\" class=\"ek-link\">que n\u00e3o escondem a decep\u00e7\u00e3o<\/a> com o que est\u00e1 rolando.<\/p>\n\n\n\n<p class=\"wp-block-paragraph\">\u201cN\u00e3o houve o progresso que todos gostar\u00edamos. Obviamente, acabei de entrar tem seis meses, n\u00e3o sei qual era a realidade do time. S\u00e3o muitas mudan\u00e7as para mim, chegar na equipe e contar com pessoas novas e tudo mais. Todo mundo precisa sentar e processar o que aconteceu, se atualizar, e come\u00e7ar do zero em Zandvoort\u201d, admitiu Pierre.<\/p>\n\n\n\n<figure class=\"wp-block-image size-large\"><img decoding=\"async\" src=\"https:\/\/www.grandepremio.com\/br\/wp-content\/uploads\/2023\/07\/f1-2023-hungria-treinoslivres-alpine-estebanocon-01-1024x683.jpg\" alt=\"\" class=\"wp-image-709119\"\/><figcaption class=\"wp-element-caption\">Esteban Ocon lidera a Alpine na F1 2023 (Foto: Alpine)<\/figcaption><\/figure>\n\n\n\n<p class=\"wp-block-paragraph\">\u201cPessoalmente, tenho de me concentrar no que fa\u00e7o na pista e tentar trazer o melhor que posso de cada sess\u00e3o. \u00c9 nisso que tenho focado. Obviamente todos est\u00e3o decepcionados com o in\u00edcio do ano, n\u00e3o estamos bem como dever\u00edamos\u201d, finalizou.<\/p>\n\n\n\n<p class=\"wp-block-paragraph\">Tamanha \u00e9 a baderna que vive a Alpine que os ex-chefes j\u00e1 est\u00e3o saindo por a\u00ed falando tudo que querem. Szafnauer e at\u00e9 <strong>Cyril Abiteboul<\/strong>, de trabalhos extremamente contest\u00e1veis, <a href=\"https:\/\/www.grandepremio.com\/br\/f1\/noticias\/ex-chefe-otmar-szafnauer-acusa-renault-controlar-alpine-marinha-dispara-temos-ser-piratas\/\" class=\"ek-link\">foram dur\u00edssimos nas palavras<\/a> que usaram para definir a situa\u00e7\u00e3o dos franceses.<\/p>\n\n\n\n<p class=\"wp-block-paragraph\">\u201cO <a href=\"https:\/\/www.grandepremio.com\/br\/f1\/noticias\/ex-chefe-cutuca-plano-vitoria-100-corridas-alpine-sabia-que-erraria\/\" class=\"ek-link\">plano de quantificar 100 GPs<\/a>\u2026 Por que n\u00e3o 120, ou 80? N\u00e3o entendo. Quando voc\u00ea come\u00e7a a apresentar um plano como esse, com certeza errar\u00e1 porque n\u00e3o sabe o que os outros est\u00e3o fazendo na F1. Os investimentos colossais da Aston Martin, o incr\u00edvel impulso da Red Bull, nada disso vai parar s\u00f3 porque o 99\u00ba GP de Laurent Rossi est\u00e1 chegando\u201d, disse Cyril, para dar um exemplo das declara\u00e7\u00f5es dos ex-membros da esquadra.<\/p>\n\n\n\n<p class=\"wp-block-paragraph\">Fato \u00e9 que todo mundo tem direito de falar o que quiser e a Alpine, ou quem ainda est\u00e1 l\u00e1 no comando, precisa ouvir. O time se perdeu totalmente, se enroscou em ambi\u00e7\u00f5es enormes e simplesmente implodiu. Agora \u00e9 trabalhar para 2024, mas, especialmente, arrumar a casa e tentar o m\u00ednimo de estabilidade e p\u00e9s no ch\u00e3o. <a href=\"https:\/\/www.grandepremio.com\/br\/f1\/noticias\/alpine-prepara-anuncio-mattia-binotto-substituto-otmar-szafnauer-f1\/\" class=\"ek-link\">Mesmo que seja com<\/a> <strong>Mattia Binotto<\/strong> na chefia. Do jeito que est\u00e1, vai ser meio de tabela para sempre.<\/p>\n\n\n\n<p class=\"wp-block-paragraph\">A&nbsp;<a href=\"https:\/\/www.grandepremio.com\/formula-1\/\" target=\"_blank\" rel=\"noreferrer noopener\"><\/a><a href=\"https:\/\/www.grandepremio.com\/formula-1\/\" target=\"_blank\" rel=\"noreferrer noopener\">F\u00f3rmula 1<\/a>&nbsp;entrou de f\u00e9rias e retorna somente no fim de agosto, entre os dias 25 e 27, com o&nbsp;<strong>GP da Holanda<\/strong>, em&nbsp;<strong><a href=\"https:\/\/www.grandepremio.com\/br\/circuito\/zandvoort\/\" target=\"_blank\" rel=\"noreferrer noopener\">Zandvoort<\/a><\/strong>, 12\u00aa etapa da temporada 2023. E o&nbsp;<strong>GRANDE PR\u00caMIO<\/strong>&nbsp;acompanha tudo.<\/p>\n\n\n\n<p class=\"wp-block-paragraph\"><strong>\u25b6\ufe0f&nbsp;Inscreva-se nos dois canais do GRANDE PR\u00caMIO no YouTube:&nbsp;<a href=\"https:\/\/www.youtube.com\/channel\/UC9OlHEgxoaY6QY6nWPoiqQg?sub_confirmation=1\" target=\"_blank\" rel=\"noreferrer noopener\">GP<\/a>&nbsp;|&nbsp;<a href=\"https:\/\/www.youtube.com\/channel\/UC9csiS6q_C3C0FYhyr1rnFA?sub_confirmation=1\" target=\"_blank\" rel=\"noreferrer noopener\">GP2<\/a><\/strong><br><strong>\u25b6\ufe0f&nbsp;<a href=\"https:\/\/www.twitch.tv\/grandepremio\" target=\"_blank\" rel=\"noreferrer noopener\">Conhe\u00e7a o canal do GRANDE PR\u00caMIO na Twitch clicando aqui!<\/a><\/strong><\/p>\n\n\n\n<figure class=\"wp-block-embed is-type-video is-provider-youtube wp-block-embed-youtube wp-embed-aspect-16-9 wp-has-aspect-ratio\"><div class=\"wp-block-embed__wrapper\">\n<iframe loading=\"lazy\" title=\"VERSTAPPEN venceria F\u00c1CIL de ALPHATAURI? + As melhores CORRIDAS da F1 2023 | Paddock GP #342\" width=\"500\" height=\"281\" src=\"https:\/\/www.youtube.com\/embed\/H-r0N61IuEA?feature=oembed\" frameborder=\"0\" allow=\"accelerometer; autoplay; clipboard-write; encrypted-media; gyroscope; picture-in-picture; web-share\" referrerpolicy=\"strict-origin-when-cross-origin\" allowfullscreen><\/iframe>\n<\/div><\/figure>\n","protected":false},"excerpt":{"rendered":"<p>A Alpine come\u00e7ou 2023 sonhando em buscar a &#8216;F1 A&#8217; e uma vaga no top-3 da categoria e vai para as f\u00e9rias com festival de demiss\u00f5es e \u00e0 deriva na sexta coloca\u00e7\u00e3o do mundial, sem qualquer perspectiva de melhora<\/p>\n","protected":false},"author":0,"featured_media":1000712712,"comment_status":"closed","ping_status":"closed","sticky":false,"template":"","format":"standard","meta":{"42wp_featured_image_caption":"","42wp_featured_image_credits":"","42wp_featured_video":"","42wp_featured_image_hidden":false,"42wp_authors_list":[],"footnotes":""},"categories":[2],"tags":[457,524,20491,309,302,147,6533,207,180,30722,1491,28285,119,27073,442,90,82,477,676,204,215],"42wp_author":[47117],"class_list":["post-100164","post","type-post","status-publish","format-standard","has-post-thumbnail","hentry","category-f1","tag-alfa-romeo","tag-alphatauri","tag-alpine","tag-aston-martin","tag-esteban-ocon","tag-f1","tag-f1-2023","tag-ferrari","tag-formula-1","tag-formula-1-2023","tag-grande-premio","tag-grandepremio","tag-haas","tag-laurent-rossi","tag-mattia-binotto","tag-mclaren","tag-mercedes","tag-otmar-szafnauer","tag-pierre-gasly","tag-red-bull","tag-williams","42wp_author-gabriel-curty"],"_links":{"self":[{"href":"https:\/\/grandepremio.com\/br\/wp-json\/wp\/v2\/posts\/100164","targetHints":{"allow":["GET"]}}],"collection":[{"href":"https:\/\/grandepremio.com\/br\/wp-json\/wp\/v2\/posts"}],"about":[{"href":"https:\/\/grandepremio.com\/br\/wp-json\/wp\/v2\/types\/post"}],"replies":[{"embeddable":true,"href":"https:\/\/grandepremio.com\/br\/wp-json\/wp\/v2\/comments?post=100164"}],"version-history":[{"count":0,"href":"https:\/\/grandepremio.com\/br\/wp-json\/wp\/v2\/posts\/100164\/revisions"}],"wp:featuredmedia":[{"embeddable":true,"href":"https:\/\/grandepremio.com\/br\/wp-json\/wp\/v2\/media\/1000712712"}],"wp:attachment":[{"href":"https:\/\/grandepremio.com\/br\/wp-json\/wp\/v2\/media?parent=100164"}],"wp:term":[{"taxonomy":"category","embeddable":true,"href":"https:\/\/grandepremio.com\/br\/wp-json\/wp\/v2\/categories?post=100164"},{"taxonomy":"post_tag","embeddable":true,"href":"https:\/\/grandepremio.com\/br\/wp-json\/wp\/v2\/tags?post=100164"},{"taxonomy":"42wp_author","embeddable":true,"href":"https:\/\/grandepremio.com\/br\/wp-json\/wp\/v2\/42wp_author?post=100164"}],"curies":[{"name":"wp","href":"https:\/\/api.w.org\/{rel}","templated":true}]}}