{"id":100203,"date":"2023-08-16T05:00:00","date_gmt":"2023-08-16T08:00:00","guid":{"rendered":"https:\/\/grandepremio.com\/br\/noticias\/tres-podios-2023-pouco-talento-charles-leclerc-diz-gabriel-carvalho\/"},"modified":"2023-08-15T13:39:17","modified_gmt":"2023-08-15T16:39:17","slug":"tres-podios-2023-pouco-talento-charles-leclerc-diz-gabriel-carvalho","status":"publish","type":"post","link":"https:\/\/grandepremio.com\/br\/f1\/tres-podios-2023-pouco-talento-charles-leclerc-diz-gabriel-carvalho\/","title":{"rendered":"&#8220;S\u00f3 tr\u00eas p\u00f3dios em 2023 \u00e9 pouco para talento de Leclerc&#8221;, diz Gabriel Carvalho"},"content":{"rendered":"\n<p class=\"wp-block-paragraph\">Charles Leclerc \u00e9 dono dos tr\u00eas p\u00f3dios da Ferrari em 2023. Mas, pensando no talento do monegasco e no potencial da equipe, na opini\u00e3o de Gabriel Carvalho, \u00e9 ainda muito pouco&#8230;<\/p>\n\n\n\n<p class=\"wp-block-paragraph\">Confira o trecho: <\/p>\n\n\n\n<figure class=\"wp-block-embed is-type-rich is-provider-incorporar-manipulador wp-block-embed-incorporar-manipulador wp-embed-aspect-16-9 wp-has-aspect-ratio\"><div class=\"wp-block-embed__wrapper\">\nhttps:\/\/www.youtube.com\/watch?v=H-r0N61IuEA?t=1660\n<\/div><\/figure>\n","protected":false},"excerpt":{"rendered":"<p>Pensando no talento do monegasco e no potencial da equipe, na opini\u00e3o de Gabriel Carvalho, \u00e9 ainda muito pouco&#8230;<\/p>\n","protected":false},"author":0,"featured_media":1000713695,"comment_status":"closed","ping_status":"closed","sticky":false,"template":"","format":"standard","meta":{"42wp_featured_image_caption":"","42wp_featured_image_credits":"","42wp_featured_video":"","42wp_featured_image_hidden":false,"42wp_authors_list":[],"footnotes":""},"categories":[2],"tags":[29576,2154,147,6533,207,180,30722,1492,230,1491,30103,28285,82,1537,27357,204,31447,486],"42wp_author":[47139],"class_list":["post-100203","post","type-post","status-publish","format-standard","has-post-thumbnail","hentry","category-f1","tag-analises","tag-evelyn-guimaraes","tag-f1","tag-f1-2023","tag-ferrari","tag-formula-1","tag-formula-1-2023","tag-gabriel-carvalho","tag-gabriel-curty","tag-grande-premio","tag-grande-premio-f1","tag-grandepremio","tag-mercedes","tag-paddock-gp","tag-programas-grande-premio","tag-red-bull","tag-temporada-2023-f1","tag-victor-martins","42wp_author-ana-cerveira"],"_links":{"self":[{"href":"https:\/\/grandepremio.com\/br\/wp-json\/wp\/v2\/posts\/100203","targetHints":{"allow":["GET"]}}],"collection":[{"href":"https:\/\/grandepremio.com\/br\/wp-json\/wp\/v2\/posts"}],"about":[{"href":"https:\/\/grandepremio.com\/br\/wp-json\/wp\/v2\/types\/post"}],"replies":[{"embeddable":true,"href":"https:\/\/grandepremio.com\/br\/wp-json\/wp\/v2\/comments?post=100203"}],"version-history":[{"count":0,"href":"https:\/\/grandepremio.com\/br\/wp-json\/wp\/v2\/posts\/100203\/revisions"}],"wp:featuredmedia":[{"embeddable":true,"href":"https:\/\/grandepremio.com\/br\/wp-json\/wp\/v2\/media\/1000713695"}],"wp:attachment":[{"href":"https:\/\/grandepremio.com\/br\/wp-json\/wp\/v2\/media?parent=100203"}],"wp:term":[{"taxonomy":"category","embeddable":true,"href":"https:\/\/grandepremio.com\/br\/wp-json\/wp\/v2\/categories?post=100203"},{"taxonomy":"post_tag","embeddable":true,"href":"https:\/\/grandepremio.com\/br\/wp-json\/wp\/v2\/tags?post=100203"},{"taxonomy":"42wp_author","embeddable":true,"href":"https:\/\/grandepremio.com\/br\/wp-json\/wp\/v2\/42wp_author?post=100203"}],"curies":[{"name":"wp","href":"https:\/\/api.w.org\/{rel}","templated":true}]}}