{"id":100241,"date":"2023-08-14T04:30:00","date_gmt":"2023-08-14T07:30:00","guid":{"rendered":"https:\/\/grandepremio.com\/br\/noticias\/mika-hakkinen-ve-dupla-ferrari-limite-usa-mclaren-como-exemplo-sem-apontar-dedo\/"},"modified":"2023-08-13T18:00:27","modified_gmt":"2023-08-13T21:00:27","slug":"mika-hakkinen-ve-dupla-ferrari-limite-usa-mclaren-como-exemplo-sem-apontar-dedo","status":"publish","type":"post","link":"https:\/\/grandepremio.com\/br\/f1\/mika-hakkinen-ve-dupla-ferrari-limite-usa-mclaren-como-exemplo-sem-apontar-dedo\/","title":{"rendered":"H\u00e4kkinen v\u00ea dupla da Ferrari &#8220;no limite&#8221; e usa McLaren como exemplo: &#8220;N\u00e3o aponta dedo&#8221;"},"content":{"rendered":"\n<p class=\"wp-block-paragraph\"><strong>Charles Leclerc<\/strong> e <strong>Carlos Sainz<\/strong> est\u00e3o com o futuro a longo prazo incerto na <strong>Ferrari<\/strong>, j\u00e1 que seus contratos acabam no final de 2024, e a equipe optou por n\u00e3o discutir isso at\u00e9 o final dessa temporada. Toda essa demora dos italianos \u00e9 um grande erro segundo <strong>Mika H\u00e4kkinen<\/strong>. O bicampe\u00e3o mundial de <strong>F\u00f3rmula 1<\/strong> saiu em defesa da dupla, dizendo que o time de <strong>Maranello<\/strong> deveria apoiar mais seus pilotos e que ambos v\u00e3o entregar resultados incr\u00edveis com um carro competitivo nas m\u00e3os.<\/p>\n\n\n\n<p class=\"wp-block-paragraph\">O monegasco foi capaz de encerrar a primeira metade da temporada 2023 em alta, ao conquistar um p\u00f3dio no <strong>GP da B\u00e9lgica<\/strong>. No entanto, o ano tem sido marcado pela inconsist\u00eancia da escuderia italiana, que ficou bem abaixo de sua meta de competir pelo t\u00edtulo, com a <strong>Red Bull<\/strong> dominando a competi\u00e7\u00e3o.<\/p>\n\n\n\n<p class=\"wp-block-paragraph\">&#8220;Quando seu carro \u00e9 dif\u00edcil de pilotar, a possibilidade de cometer erros \u00e9 maior&#8221;, afirmou H\u00e4kkinen ao La Gazzetta dello Sport. \u201cA dupla da Ferrari est\u00e1 sempre no limite, mas Leclerc e Sainz n\u00e3o s\u00e3o novatos que precisam aprender. Por\u00e9m, \u00e9 verdade que como nunca venceram um Mundial, t\u00eam mais press\u00e3o. S\u00e3o dois grandes pilotos que apenas precisam de apoio. Quando tiverem um carro certo, v\u00e3o entregar resultados incr\u00edveis&#8221;, completou.<\/p>\n\n\n\n<p class=\"wp-block-paragraph\"><strong>LEIA TAMB\u00c9M<br><a href=\"https:\/\/www.grandepremio.com\/br\/f1\/noticias\/ferrari-desconhece-proprio-carro-e-vive-de-tentativa-e-erro-e-nem-pilotos-se-salvam\/\" class=\"ek-link\">+Ferrari desconhece pr\u00f3prio carro e vive de tentativa e erro. E nem pilotos se salvam<\/a><br><a href=\"https:\/\/www.grandepremio.com\/br\/web-stories\/f1\/nova-chefia-bate-cabeca-primeira-parte-temporada-ferrari-f1-2023\/\" class=\"ek-link\">+Da nova chefia ao bate-cabe\u00e7a: 1\u00aa fase da temporada 2023 da Ferrari na F\u00f3rmula 1<\/a><\/strong><\/p>\n\n\n\n<figure class=\"wp-block-image size-large\"><img decoding=\"async\" src=\"https:\/\/www.grandepremio.com\/br\/wp-content\/uploads\/2023\/07\/f1-2023-hungria-corrida-ferrari-charlesleclerc-02-1024x683.jpg\" alt=\"\" class=\"wp-image-710374\"\/><figcaption class=\"wp-element-caption\">Leclerc e Sainz, al\u00e9m de conviver com erros da equipe, ainda tem de pensar em renova\u00e7\u00e3o de contrato (Foto: Ferrari)<\/figcaption><\/figure>\n\n\n\n<p class=\"wp-block-paragraph\"><strong>\u25b6\ufe0f&nbsp;Inscreva-se nos dois canais do GRANDE PR\u00caMIO no YouTube:&nbsp;<a href=\"https:\/\/www.youtube.com\/channel\/UC9OlHEgxoaY6QY6nWPoiqQg?sub_confirmation=1\" target=\"_blank\" rel=\"noreferrer noopener\">GP<\/a>&nbsp;|&nbsp;<a href=\"https:\/\/www.youtube.com\/channel\/UC9csiS6q_C3C0FYhyr1rnFA?sub_confirmation=1\" target=\"_blank\" rel=\"noreferrer noopener\">GP2<\/a><\/strong><br><strong>\u25b6\ufe0f&nbsp;<a href=\"https:\/\/www.twitch.tv\/grandepremio\" target=\"_blank\" rel=\"noreferrer noopener\">Conhe\u00e7a o canal do GRANDE PR\u00caMIO na Twitch clicando aqui!<\/a><\/strong><\/p>\n\n\n\n<p class=\"wp-block-paragraph\">O adiamento na renegocia\u00e7\u00e3o dos contratos tamb\u00e9m acelera a silly season da F1, com boatos que falam em um contato entre Leclerc e equipes como <strong>Mercedes<\/strong> e <strong>Aston Martin<\/strong>. Enquanto isso, Sainz tem consistentemente refutado rumores que o ligam \u00e0 <strong>Audi<\/strong>, que entrar\u00e1 na F\u00f3rmula 1 em parceria com a <strong>Sauber <\/strong>a partir de 2026.<\/p>\n\n\n\n<p class=\"wp-block-paragraph\">Depois da Ferrari disputar a posi\u00e7\u00e3o de melhor dos demais na maior parte do ano, com as mesmas equipes que est\u00e3o de olho em Leclerc, o trio ganhou um novo rival nas \u00faltimas etapas. A <strong>McLaren<\/strong>, que conseguiu muitos avan\u00e7os atrav\u00e9s das atualiza\u00e7\u00f5es do <strong>MCL60<\/strong> que come\u00e7aram no <strong>GP da \u00c1ustria<\/strong>.<\/p>\n\n\n\n<p class=\"wp-block-paragraph\">H\u00e4kkinen disse tamb\u00e9m que os grandes e r\u00e1pidos ganhos de sua ex-equipe devem servir de inspira\u00e7\u00e3o para a escuderia italiana. &#8220;Vendo a SF-23 em a\u00e7\u00e3o em certas curvas, disse a mim mesmo: &#8216;Esse carro est\u00e1 errado&#8217;. Os pilotos, depois da primeira sa\u00edda, relataram pequenos problemas, mas do meu ponto de vista, foi realmente uma grande quest\u00e3o, ainda mais porque o Red Bull estava voando.&#8221;<\/p>\n\n\n\n<p class=\"wp-block-paragraph\">&#8220;Mas a recupera\u00e7\u00e3o \u00e9 poss\u00edvel: o que a McLaren fez recentemente \u00e9 um \u00f3timo exemplo. Ningu\u00e9m em Woking apontou o dedo para ningu\u00e9m, eles trabalharam duro. O que faz a diferen\u00e7a s\u00e3o as pessoas&#8221;, finalizou.<\/p>\n\n\n\n<p class=\"wp-block-paragraph\">A Ferrari est\u00e1 em quarto lugar na classifica\u00e7\u00e3o do <strong>Mundial de Construtores<\/strong>, 88 pontos \u00e0 frente da McLaren e cinco atr\u00e1s da Aston Martin, terceira.<\/p>\n\n\n\n<p class=\"wp-block-paragraph\">Entre os dias 25 e 27 de agosto a&nbsp;<a href=\"https:\/\/www.grandepremio.com\/formula-1\/\" target=\"_blank\" rel=\"noreferrer noopener\">F\u00f3rmula 1<\/a>&nbsp;retoma suas atividades com o GP da Holanda, em Zandvoort, para a disputa da 13\u00aa etapa da temporada 2023. O&nbsp;<strong>GRANDE PR\u00caMIO<\/strong>&nbsp;acompanha todas as atividades&nbsp;<strong>AO VIVO<\/strong>&nbsp;e em&nbsp;<strong><a href=\"https:\/\/www.grandepremio.com\/br\/ao-vivo\/\" target=\"_blank\" rel=\"noreferrer noopener\">TEMPO REAL<\/a><\/strong>. Aos s\u00e1bados e domingos, h\u00e1 ainda a&nbsp;<a href=\"https:\/\/formula1aovivo.com\/\" target=\"_blank\" rel=\"noreferrer noopener\">transmiss\u00e3o<\/a>&nbsp;em segunda tela, no canal 1 do GP no&nbsp;<strong>YouTube<\/strong>, em parceria com a&nbsp;<strong>Voz do Esporte<\/strong>.<\/p>\n\n\n\n<figure class=\"wp-block-embed is-type-video is-provider-youtube wp-block-embed-youtube wp-embed-aspect-16-9 wp-has-aspect-ratio\"><div class=\"wp-block-embed__wrapper\">\n<iframe loading=\"lazy\" title=\"Problema da FERRARI: falta de LIDERAN\u00c7A que vai al\u00e9m da troca de Mekies | GP \u00e0s 10\" width=\"500\" height=\"281\" src=\"https:\/\/www.youtube.com\/embed\/JDqdLRra4oU?feature=oembed\" frameborder=\"0\" allow=\"accelerometer; autoplay; clipboard-write; encrypted-media; gyroscope; picture-in-picture; web-share\" referrerpolicy=\"strict-origin-when-cross-origin\" allowfullscreen><\/iframe>\n<\/div><\/figure>\n","protected":false},"excerpt":{"rendered":"<p>Mika H\u00e4kkinen, bicampe\u00e3o mundial de F1, afirmou que Ferrari precisa dar maior apoio a sua dupla de pilotos. O finland\u00eas entende que Charles Leclerc e Carlos Sainz vivem sob alta press\u00e3o em Maranello<\/p>\n","protected":false},"author":0,"featured_media":1000408138,"comment_status":"closed","ping_status":"closed","sticky":false,"template":"","format":"standard","meta":{"42wp_featured_image_caption":"","42wp_featured_image_credits":"","42wp_featured_video":"","42wp_featured_image_hidden":false,"42wp_authors_list":[],"footnotes":""},"categories":[2],"tags":[563,209,5273,147,6533,207,578,219,1491,30103,28285],"42wp_author":[47157],"class_list":["post-100241","post","type-post","status-publish","format-standard","has-post-thumbnail","hentry","category-f1","tag-carlos-sainz-jr","tag-charles-leclerc","tag-classificacao-f1","tag-f1","tag-f1-2023","tag-ferrari","tag-ferrari-f1","tag-grande-prmio","tag-grande-premio","tag-grande-premio-f1","tag-grandepremio","42wp_author-jonas-souza"],"_links":{"self":[{"href":"https:\/\/grandepremio.com\/br\/wp-json\/wp\/v2\/posts\/100241","targetHints":{"allow":["GET"]}}],"collection":[{"href":"https:\/\/grandepremio.com\/br\/wp-json\/wp\/v2\/posts"}],"about":[{"href":"https:\/\/grandepremio.com\/br\/wp-json\/wp\/v2\/types\/post"}],"replies":[{"embeddable":true,"href":"https:\/\/grandepremio.com\/br\/wp-json\/wp\/v2\/comments?post=100241"}],"version-history":[{"count":0,"href":"https:\/\/grandepremio.com\/br\/wp-json\/wp\/v2\/posts\/100241\/revisions"}],"wp:featuredmedia":[{"embeddable":true,"href":"https:\/\/grandepremio.com\/br\/wp-json\/wp\/v2\/media\/1000408138"}],"wp:attachment":[{"href":"https:\/\/grandepremio.com\/br\/wp-json\/wp\/v2\/media?parent=100241"}],"wp:term":[{"taxonomy":"category","embeddable":true,"href":"https:\/\/grandepremio.com\/br\/wp-json\/wp\/v2\/categories?post=100241"},{"taxonomy":"post_tag","embeddable":true,"href":"https:\/\/grandepremio.com\/br\/wp-json\/wp\/v2\/tags?post=100241"},{"taxonomy":"42wp_author","embeddable":true,"href":"https:\/\/grandepremio.com\/br\/wp-json\/wp\/v2\/42wp_author?post=100241"}],"curies":[{"name":"wp","href":"https:\/\/api.w.org\/{rel}","templated":true}]}}