{"id":100335,"date":"2023-08-10T04:45:00","date_gmt":"2023-08-10T07:45:00","guid":{"rendered":"https:\/\/grandepremio.com\/br\/noticias\/jake-dennis-anima-chance-bicampeonato-formula-e-2024-espera-briga-dura-entre-porsche-jaguar\/"},"modified":"2023-08-10T00:12:18","modified_gmt":"2023-08-10T03:12:18","slug":"jake-dennis-anima-chance-bicampeonato-formula-e-2024-espera-briga-dura-entre-porsche-jaguar","status":"publish","type":"post","link":"https:\/\/grandepremio.com\/br\/formula-e\/jake-dennis-anima-chance-bicampeonato-formula-e-2024-espera-briga-dura-entre-porsche-jaguar\/","title":{"rendered":"Dennis se anima com chance de bi em 2024 e espera &#8220;briga dura&#8221; entre Porsche e Jaguar"},"content":{"rendered":"\n<p class=\"wp-block-paragraph\"><strong>Jake Dennis<\/strong> \u00e9 o campe\u00e3o da temporada 2023 da <strong><a href=\"https:\/\/www.grandepremio.com\/br\/formula-e\/\" class=\"ek-link\">F\u00f3rmula E<\/a><\/strong> pela <strong>Andretti<\/strong> e j\u00e1 come\u00e7a 2024 na frente, entre os favoritos. Afinal, as regras t\u00e9cnicas est\u00e3o, na gigantesca maior parte, congeladas e v\u00e3o permanecer a mesma pelos pr\u00f3ximos dois anos. Em resposta ao <strong>GRANDE PR\u00caMIO<\/strong>, Dennis admitiu que isso anima as possibilidades de se tornar o segundo piloto a conquistar m\u00faltiplos t\u00edtulos da categoria.<\/p>\n\n\n\n<p class=\"wp-block-paragraph\"><strong>\u25b6\ufe0f\u00a0Inscreva-se nos dois canais do GRANDE PR\u00caMIO no YouTube:\u00a0<a href=\"https:\/\/www.youtube.com\/channel\/UC9OlHEgxoaY6QY6nWPoiqQg?sub_confirmation=1\" target=\"_blank\" rel=\"noreferrer noopener\">GP<\/a>\u00a0|\u00a0<a href=\"https:\/\/www.youtube.com\/channel\/UC9csiS6q_C3C0FYhyr1rnFA?sub_confirmation=1\" target=\"_blank\" rel=\"noreferrer noopener\">GP2<\/a><\/strong><br><strong>\u25b6\ufe0f\u00a0<a href=\"https:\/\/www.twitch.tv\/grandepremio\" target=\"_blank\" rel=\"noreferrer noopener\">Conhe\u00e7a o canal do GRANDE PR\u00caMIO na Twitch clicando aqui!<\/a><\/strong><\/p>\n\n\n\n<p class=\"wp-block-paragraph\">At\u00e9 o momento, apenas <strong>Jean-\u00c9ric Vergne<\/strong> conseguiu vencer dois t\u00edtulos. Mas Dennis admitiu que pensa na chance de ir pelo mesmo caminho e buscar mais um ou at\u00e9 dois t\u00edtulos durante a era Gen3.<\/p>\n\n\n\n<p class=\"wp-block-paragraph\">&#8220;100%!&#8221;, afirmou Jake quando confrontado pelo GP sobre se pensa na possibilidade.<\/p>\n\n\n\n<p class=\"wp-block-paragraph\">Mais do que isso, Dennis enxerga que as chances das equipes oficiais e clientes de <strong>Porsche<\/strong> e <strong>Jaguar<\/strong> seguirem dominando a categoria s\u00e3o grandes, como aconteceu neste 2023. Dennis, vale lembrar, \u00e9 piloto da Andretti, que utiliza os motores da Porsche.<\/p>\n\n\n\n<figure class=\"wp-block-image size-large\"><img decoding=\"async\" src=\"https:\/\/www.grandepremio.com\/br\/wp-content\/uploads\/2023\/08\/EPS916_190315SB2_2910-1-2048x2048-1-1024x683.jpg\" alt=\"\" class=\"wp-image-716555\"\/><figcaption class=\"wp-element-caption\">Andretti foi aos c\u00e9us com o primeiro t\u00edtulo mundial na F\u00f3rmula E, conquistado por Jake Dennis (Foto: F\u00f2rmula E)<\/figcaption><\/figure>\n\n\n\n<p class=\"wp-block-paragraph\">&#8220;As regras j\u00e1 falam para o ano que vem, o Gen3 sai de cena no fim de 2025. N\u00e3o vejo as equipes fazendo muita coisa em termos de desenvolvimento. Estamos limitados no quanto podemos fazer&#8221;, apontou.<\/p>\n\n\n\n<p class=\"wp-block-paragraph\">&#8220;As equipes v\u00e3o preencher as lacunas, as diferen\u00e7as v\u00e3o diminuir, mas os benef\u00edcios fundamentais do trem de for\u00e7a da Porsche v\u00e3o continuar a\u00ed. A Porsche definitivamente tem os melhores motores junto da Jaguar, esses est\u00e3o acima dos outros&#8221;, continuou.<\/p>\n\n\n\n<p class=\"wp-block-paragraph\">&#8220;Ser\u00e1 uma competi\u00e7\u00e3o dura entre n\u00f3s, mas acho que \u00e9 algo para qual todos estamos preparados&#8221;, finalizou.<\/p>\n\n\n\n<p class=\"wp-block-paragraph\">A temporada 2024 da F\u00f3rmula E est\u00e1 marcada para come\u00e7ar em 13 de janeiro, com o <strong>eP de Cidade do M\u00e9xico<\/strong>.<\/p>\n\n\n\n<figure class=\"wp-block-embed is-type-video is-provider-youtube wp-block-embed-youtube wp-embed-aspect-16-9 wp-has-aspect-ratio\"><div class=\"wp-block-embed__wrapper\">\n<iframe loading=\"lazy\" title=\"DRUGOVICH na F\u00d3RMULA E? DENNIS \u00e9 campe\u00e3o em final DRAM\u00c1TICO em LONDRES | Briefing\" width=\"500\" height=\"281\" src=\"https:\/\/www.youtube.com\/embed\/sUqnA2IZUfA?feature=oembed\" frameborder=\"0\" allow=\"accelerometer; autoplay; clipboard-write; encrypted-media; gyroscope; picture-in-picture; web-share\" referrerpolicy=\"strict-origin-when-cross-origin\" allowfullscreen><\/iframe>\n<\/div><figcaption class=\"wp-element-caption\">DRUGOVICH na F\u00d3RMULA E? DENNIS \u00e9 campe\u00e3o em final DRAM\u00c1TICO em LONDRES | Briefing<\/figcaption><\/figure>\n","protected":false},"excerpt":{"rendered":"<p>Jake Dennis falou ao GRANDE PR\u00caMIO sobre as possibilidades de continuar entre os favoritos pelo t\u00edtulo j\u00e1 que as regras da F\u00f3rmula E seguem iguais por mais dois anos<\/p>\n","protected":false},"author":0,"featured_media":1000713782,"comment_status":"closed","ping_status":"closed","sticky":false,"template":"","format":"standard","meta":{"42wp_featured_image_caption":"","42wp_featured_image_credits":"","42wp_featured_video":"","42wp_featured_image_hidden":false,"42wp_authors_list":[],"footnotes":""},"categories":[19],"tags":[417,24493,19052,31435,34647,34649,34648,35905,1505,35904,1491,33855,34646,28285,910,8928,34650],"42wp_author":[47120],"class_list":["post-100335","post","type-post","status-publish","format-standard","has-post-thumbnail","hentry","category-formula-e","tag-andretti","tag-ep-da-inglaterra","tag-ep-de-londres","tag-formula-e-2023","tag-formula-e-ao-vivo","tag-formula-e-ao-vivo-e-com-imagens","tag-formula-e-com-imagens","tag-formula-e-londres","tag-gp-da-inglaterra","tag-gp-de-londres","tag-grande-premio","tag-grande-premio-fe","tag-grande-premio-transmite-formula-e","tag-grandepremio","tag-jaguar","tag-jake-dennis","tag-transmissao-formula-e","42wp_author-pedro-henrique-marum"],"_links":{"self":[{"href":"https:\/\/grandepremio.com\/br\/wp-json\/wp\/v2\/posts\/100335","targetHints":{"allow":["GET"]}}],"collection":[{"href":"https:\/\/grandepremio.com\/br\/wp-json\/wp\/v2\/posts"}],"about":[{"href":"https:\/\/grandepremio.com\/br\/wp-json\/wp\/v2\/types\/post"}],"replies":[{"embeddable":true,"href":"https:\/\/grandepremio.com\/br\/wp-json\/wp\/v2\/comments?post=100335"}],"version-history":[{"count":0,"href":"https:\/\/grandepremio.com\/br\/wp-json\/wp\/v2\/posts\/100335\/revisions"}],"wp:featuredmedia":[{"embeddable":true,"href":"https:\/\/grandepremio.com\/br\/wp-json\/wp\/v2\/media\/1000713782"}],"wp:attachment":[{"href":"https:\/\/grandepremio.com\/br\/wp-json\/wp\/v2\/media?parent=100335"}],"wp:term":[{"taxonomy":"category","embeddable":true,"href":"https:\/\/grandepremio.com\/br\/wp-json\/wp\/v2\/categories?post=100335"},{"taxonomy":"post_tag","embeddable":true,"href":"https:\/\/grandepremio.com\/br\/wp-json\/wp\/v2\/tags?post=100335"},{"taxonomy":"42wp_author","embeddable":true,"href":"https:\/\/grandepremio.com\/br\/wp-json\/wp\/v2\/42wp_author?post=100335"}],"curies":[{"name":"wp","href":"https:\/\/api.w.org\/{rel}","templated":true}]}}