{"id":100376,"date":"2023-08-07T17:29:45","date_gmt":"2023-08-07T20:29:45","guid":{"rendered":"https:\/\/grandepremio.com\/br\/noticias\/kevin-magnussen-admite-frustracao-reforca-fe-volta-por-cima-haas-f1\/"},"modified":"2023-08-07T17:29:53","modified_gmt":"2023-08-07T20:29:53","slug":"kevin-magnussen-admite-frustracao-reforca-fe-volta-por-cima-haas-f1","status":"publish","type":"post","link":"https:\/\/grandepremio.com\/br\/f1\/kevin-magnussen-admite-frustracao-reforca-fe-volta-por-cima-haas-f1\/","title":{"rendered":"Magnussen admite frustra\u00e7\u00e3o, mas refor\u00e7a &#8220;f\u00e9 em volta por cima&#8221; da Haas na F1"},"content":{"rendered":"\n<p class=\"wp-block-paragraph\"><strong>Kevin Magnussen<\/strong> est\u00e1 frustrado com o desempenho apresentado pela <strong>Haas<\/strong> at\u00e9 agora na temporada 2023, mas negou estar desanimado com o projeto da equipe na <strong>F\u00f3rmula 1<\/strong>. Com apenas dois dos 11 pontos marcados pela escuderia at\u00e9 agora, o dinamarqu\u00eas se mostrou desapontado com o cen\u00e1rio atual. No entanto, reconheceu que o <strong>VF23<\/strong> est\u00e1 evoluindo, e, por isso, confia que a equipe vai dar a volta por cima at\u00e9 o fim do ano.<\/p>\n\n\n\n<p class=\"wp-block-paragraph\">Depois de fazer um bom retorno 2022, quando conseguiu somar 25 tentos e teve como ponto alto a <a href=\"https:\/\/www.grandepremio.com\/br\/f1\/noticias\/kevin-magnussen-aproveita-erro-george-russell-chuva-conquistar-pole-incrivel-gp-de-sao-paulo\/#:~:text=Magnussen%20fez%20a%20melhor%20volta,o%20que%20parecia%20uma%20recupera%C3%A7%C3%A3o.\" class=\"ek-link\">pole no <strong>GP de S\u00e3o Paulo<\/strong><\/a>, Magnussen n\u00e3o tem desempenhado t\u00e3o bem em 2023. Parte das atua\u00e7\u00f5es apagadas se devem ao carro problem\u00e1tico que n\u00e3o lhe permite brigar constantemente por pontos.<\/p>\n\n\n\n<p class=\"wp-block-paragraph\"><strong>\u25b6\ufe0f\u00a0Inscreva-se nos dois canais do GRANDE PR\u00caMIO no YouTube:\u00a0<a href=\"https:\/\/www.youtube.com\/channel\/UC9OlHEgxoaY6QY6nWPoiqQg?sub_confirmation=1\" target=\"_blank\" rel=\"noreferrer noopener\">GP<\/a>\u00a0|\u00a0<a href=\"https:\/\/www.youtube.com\/channel\/UC9csiS6q_C3C0FYhyr1rnFA?sub_confirmation=1\" target=\"_blank\" rel=\"noreferrer noopener\">GP2<\/a><\/strong><br><strong>\u25b6\ufe0f\u00a0<a href=\"https:\/\/www.twitch.tv\/grandepremio\" target=\"_blank\" rel=\"noreferrer noopener\">Conhe\u00e7a o canal do GRANDE PR\u00caMIO na Twitch clicando aqui!<\/a><\/strong><\/p>\n\n\n\n<figure class=\"wp-block-image size-large\"><img decoding=\"async\" src=\"https:\/\/www.grandepremio.com\/br\/wp-content\/uploads\/2023\/07\/f1-2023-belgica-classificacao-sprint-haas-kevinmagnussen-02-1024x683.jpg\" alt=\"\" class=\"wp-image-712661\"\/><figcaption class=\"wp-element-caption\">A Haas \u00e9 a oitava colocada entre os construtores em 2023 (Foto: Haas F1 Team)<\/figcaption><\/figure>\n\n\n\n<p class=\"wp-block-paragraph\">Contudo, Magnussen acredita que a Haas est\u00e1 se esfor\u00e7ando para reverter o quadro atual e acredita que em breve estar\u00e1 de volta aos pontos.<\/p>\n\n\n\n<p class=\"wp-block-paragraph\">\u201cAcho que \u00e9 frustra\u00e7\u00e3o. \u00c9 claro que est\u00e1 crescendo quando voc\u00ea v\u00ea outras equipes se desenvolvendo e obtendo grandes ganhos e parece que ainda n\u00e3o demos esse grande passo. Mas ainda tenho toda a f\u00e9 na equipe de que podemos dar a volta por cima. N\u00e3o vai ser imediato, mas acho que estamos fazendo o trabalho de base para poder dar esse passo no final do ano\u201d, disse Magnussen.<\/p>\n\n\n\n<p class=\"wp-block-paragraph\">\u201cFizemos alguns progressos. No geral, nossas performances ca\u00edram em compara\u00e7\u00e3o com nossos principais concorrentes. Infelizmente, alguns dos carros que costum\u00e1vamos correr no in\u00edcio do ano se tornaram muito mais r\u00e1pidos e \u00e9 por isso que n\u00e3o vemos tanto ganho. Toda a equipe est\u00e1 realmente trabalhando duro e acho que ainda h\u00e1 motivos para estar otimista para o restante do ano\u201d, finalizou.<\/p>\n\n\n\n<p class=\"wp-block-paragraph\">Conclu\u00edda 12 etapas da temporada 2023 da F\u00f3rmula 1, a Haas est\u00e1 empatada em pontos com a <strong>Williams<\/strong> (11) e ocupa a oitava coloca\u00e7\u00e3o. A <strong>Alfa Romeo<\/strong> tamb\u00e9m est\u00e1 na briga pelo s\u00e9timo posto e vem logo atr\u00e1s do time americano com 9 tentos.<\/p>\n\n\n\n<p class=\"wp-block-paragraph\">A\u00a0<strong><a href=\"https:\/\/www.grandepremio.com\/formula-1\/\" target=\"_blank\" rel=\"noreferrer noopener\">F\u00f3rmula 1<\/a><\/strong>\u00a0entra nas tradicionais f\u00e9rias de ver\u00e3o na Europa e retorna de 25 a 27 de agosto em\u00a0<strong><a href=\"https:\/\/www.grandepremio.com\/br\/circuito\/zandvoort\/\" target=\"_blank\" rel=\"noreferrer noopener\">Zandvoort<\/a><\/strong>, na\u00a0<strong>Holanda<\/strong>, para a disputa da 13\u00aa etapa da temporada 2023. O\u00a0<strong>GRANDE PR\u00caMIO<\/strong>\u00a0acompanha todas as atividades\u00a0<strong>AO VIVO<\/strong>\u00a0e em\u00a0<strong><a href=\"https:\/\/www.grandepremio.com\/br\/ao-vivo\/\" target=\"_blank\" rel=\"noreferrer noopener\">TEMPO REAL<\/a><\/strong>. Aos s\u00e1bados e domingos, h\u00e1 ainda a\u00a0<a href=\"https:\/\/formula1aovivo.com\/\" target=\"_blank\" rel=\"noreferrer noopener\">transmiss\u00e3o<\/a>\u00a0em segunda tela, no canal 1 do GP no\u00a0<strong>YouTube<\/strong>, em parceria com a\u00a0<strong>Voz do Esporte<\/strong>.<\/p>\n","protected":false},"excerpt":{"rendered":"<p>Embora a Haas esteja enfrentando um momento dif\u00edcil na F\u00f3rmula 1, Kevin Magnussen acredita que os esfor\u00e7os da equipe ser\u00e3o recompensados em breve<\/p>\n","protected":false},"author":0,"featured_media":1000709797,"comment_status":"closed","ping_status":"closed","sticky":false,"template":"","format":"standard","meta":{"42wp_featured_image_caption":"","42wp_featured_image_credits":"","42wp_featured_video":"","42wp_featured_image_hidden":false,"42wp_authors_list":[],"footnotes":""},"categories":[2],"tags":[85,147,219,28285,119,10908,117,15373],"42wp_author":[47149],"class_list":["post-100376","post","type-post","status-publish","format-standard","has-post-thumbnail","hentry","category-f1","tag-frmula-1","tag-f1","tag-grande-prmio","tag-grandepremio","tag-haas","tag-haas-f1-team","tag-kevin-magnussen","tag-magnussen","42wp_author-bernardo-castro"],"_links":{"self":[{"href":"https:\/\/grandepremio.com\/br\/wp-json\/wp\/v2\/posts\/100376","targetHints":{"allow":["GET"]}}],"collection":[{"href":"https:\/\/grandepremio.com\/br\/wp-json\/wp\/v2\/posts"}],"about":[{"href":"https:\/\/grandepremio.com\/br\/wp-json\/wp\/v2\/types\/post"}],"replies":[{"embeddable":true,"href":"https:\/\/grandepremio.com\/br\/wp-json\/wp\/v2\/comments?post=100376"}],"version-history":[{"count":0,"href":"https:\/\/grandepremio.com\/br\/wp-json\/wp\/v2\/posts\/100376\/revisions"}],"wp:featuredmedia":[{"embeddable":true,"href":"https:\/\/grandepremio.com\/br\/wp-json\/wp\/v2\/media\/1000709797"}],"wp:attachment":[{"href":"https:\/\/grandepremio.com\/br\/wp-json\/wp\/v2\/media?parent=100376"}],"wp:term":[{"taxonomy":"category","embeddable":true,"href":"https:\/\/grandepremio.com\/br\/wp-json\/wp\/v2\/categories?post=100376"},{"taxonomy":"post_tag","embeddable":true,"href":"https:\/\/grandepremio.com\/br\/wp-json\/wp\/v2\/tags?post=100376"},{"taxonomy":"42wp_author","embeddable":true,"href":"https:\/\/grandepremio.com\/br\/wp-json\/wp\/v2\/42wp_author?post=100376"}],"curies":[{"name":"wp","href":"https:\/\/api.w.org\/{rel}","templated":true}]}}