{"id":100391,"date":"2023-08-07T09:09:00","date_gmt":"2023-08-07T12:09:00","guid":{"rendered":"https:\/\/grandepremio.com\/br\/noticias\/mercedes-avanco-admite-novo-sidepod-nao-trouxe-desempenho-extra\/"},"modified":"2023-08-07T11:01:26","modified_gmt":"2023-08-07T14:01:26","slug":"mercedes-avanco-admite-novo-sidepod-nao-trouxe-desempenho-extra","status":"publish","type":"post","link":"https:\/\/grandepremio.com\/br\/f1\/mercedes-avanco-admite-novo-sidepod-nao-trouxe-desempenho-extra\/","title":{"rendered":"Mercedes v\u00ea certo avan\u00e7o, mas admite que novo sidepod &#8220;n\u00e3o trouxe desempenho extra&#8221;"},"content":{"rendered":"\n<p class=\"wp-block-paragraph\">Ainda tentando se encontrar na linha de desenvolvimento do <strong>W14<\/strong>, a <strong>Mercedes <\/strong>explicou por que decidiu manter o conceito &#8216;zeropod&#8217; \u2014 a lateral do carro mais estreia, com as entradas de ar verticais \u2014 tamb\u00e9m no in\u00edcio da <strong>temporada 2023 da F\u00f3rmula 1<\/strong>. O executivo-t\u00e9cnico, <strong>Mike Elliott<\/strong>, contou que v\u00e1rios conceitos foram analisados e nenhuma solu\u00e7\u00e3o mostrou ser melhor que atual. <\/p>\n\n\n\n<p class=\"wp-block-paragraph\">\u00c9 por isso, ali\u00e1s, que a equipe tamb\u00e9m n\u00e3o demonstrou um grande salto de performance desde que trouxe uma carroceria mais convencional para os carros de <strong>Lewis Hamilton<\/strong> e <strong>George Russell<\/strong>. A principal mudan\u00e7a no carro foi introduzida em <strong>M\u00f4naco<\/strong>, e embora o heptacampe\u00e3o tenha conquistado tr\u00eas p\u00f3dios nas sete corridas realizadas com o novo sidepod, a dist\u00e2ncia para a <strong>Red Bull <\/strong>parece cada vez mais inalcan\u00e7\u00e1vel este ano.<\/p>\n\n\n\n<p class=\"wp-block-paragraph\"><strong>\u25b6\ufe0f&nbsp;Inscreva-se nos dois canais do GRANDE PR\u00caMIO no YouTube:&nbsp;<a href=\"https:\/\/www.youtube.com\/channel\/UC9OlHEgxoaY6QY6nWPoiqQg?sub_confirmation=1\" target=\"_blank\" rel=\"noreferrer noopener\">GP<\/a>&nbsp;|&nbsp;<a href=\"https:\/\/www.youtube.com\/channel\/UC9csiS6q_C3C0FYhyr1rnFA?sub_confirmation=1\" target=\"_blank\" rel=\"noreferrer noopener\">GP2<\/a><\/strong><br><strong>\u25b6\ufe0f&nbsp;<a href=\"https:\/\/www.twitch.tv\/grandepremio\" target=\"_blank\" rel=\"noreferrer noopener\">Conhe\u00e7a o canal do GRANDE PR\u00caMIO na Twitch clicando aqui!<\/a><\/strong><\/p>\n\n\n\n<figure class=\"wp-block-image size-large\"><img decoding=\"async\" src=\"https:\/\/www.grandepremio.com\/br\/wp-content\/uploads\/2023\/07\/f1-2023-belgica-corrida-mercedes-lewishamilton-afp-03-1024x683.jpg\" alt=\"\" class=\"wp-image-713550\"\/><figcaption class=\"wp-element-caption\">Lewis Hamilton ficou com a quarta coloca\u00e7\u00e3o no GP da Belgica (Foto: AFP) <\/figcaption><\/figure>\n\n\n\n<p class=\"wp-block-paragraph\">Elliott explicou, no entanto, que a expectativa \u00e9 continuar evoluindo o conceito. &#8220;Acho que quando trouxemos a primeira vers\u00e3o, foi muito mais uma mudan\u00e7a de n\u00edvel&#8221;, come\u00e7ou o diretor-t\u00e9cnico. &#8220;N\u00e3o foi uma coisa que trouxe tanto desempenho extra, mas houve a chance de olhar para algo diferente. N\u00f3s meio que avan\u00e7amos&#8221;, avaliou.<\/p>\n\n\n\n<p class=\"wp-block-paragraph\">&#8220;Estamos sempre evoluindo, buscando constantemente trazer mais performance. Ent\u00e3o, isso \u00e9 um pouco mais. A pr\u00f3xima vers\u00e3o nos trar\u00e1 ainda mais e esperamos continuar o desenvolvimento durante o inverno&#8221;, completou Elliott, que assumiu a decis\u00e3o de manter o antigo &#8216;zeropod&#8217; para o come\u00e7o do Mundial quando ainda exercia a fun\u00e7\u00e3o de diretor-t\u00e9cnico na base em Brackley \u2014 <a href=\"https:\/\/www.grandepremio.com\/br\/f1\/noticias\/mercedes-reestrutura-departamento-devolve-james-allison-diretor-tecnico\/\" class=\"ek-link\">cargo hoje ocupado por<strong> James Allison<\/strong><\/a>.<\/p>\n\n\n\n<p class=\"wp-block-paragraph\">Mike relatou que &#8220;durante o inverno, analisamos v\u00e1rios conceitos diferentes de carroceria e n\u00e3o encontramos uma solu\u00e7\u00e3o melhor do que a que t\u00ednhamos&#8221;. Com o novo, por\u00e9m, ele admitiu que o time &#8220;claramente n\u00e3o avan\u00e7ou por completo para onde qualquer outro est\u00e1&#8221;.<\/p>\n\n\n\n<p class=\"wp-block-paragraph\">&#8220;O que tentamos foi pegar o que t\u00ednhamos e adaptar. Portanto, voc\u00ea n\u00e3o leva o mesmo golpe. Espero que evolua com o tempo para acabarmos em um lugar melhor&#8221;, salientou.<\/p>\n\n\n\n<p class=\"wp-block-paragraph\">Al\u00e9m da atualiza\u00e7\u00e3o n\u00e3o ter encurtado a dist\u00e2ncia para a arquirrival taurina, o time alem\u00e3o ainda precisa lidar com o avan\u00e7o das hoje advers\u00e1rias diretas <strong>Aston Martin<\/strong>, <strong>Ferrari <\/strong>e <strong>McLaren<\/strong>, sendo que esta \u00faltima deu um salto significativo de <strong>Silverstone <\/strong>em diante, colocando-se como segunda for\u00e7a em algumas etapas.<\/p>\n\n\n\n<p class=\"wp-block-paragraph\">Elliott explicou que o processo de desenvolvimento fez a Mercedes questionar &#8220;tudo&#8221;. &#8220;Questiona se possui as filosofias fundamentais corretas, questiona se possui os processos corretos na forma como est\u00e1 analisando os dados. Gostar\u00edamos de imaginar que h\u00e1 uma solu\u00e7\u00e3o imediata para se encontrar ou algo errado para ser solucionado. Mas acho que, no geral, \u00e9 tudo uma quest\u00e3o de muito trabalho.&#8221;<\/p>\n\n\n\n<p class=\"wp-block-paragraph\">&#8220;Se olharmos para onde est\u00e1vamos no ano passado, com um carro e os problemas que enfrentamos, retrocedemos bastante para sair de algumas posi\u00e7\u00f5es em que est\u00e1vamos. Acho que se olharmos para onde estamos em termos de desempenho, a Aston deu um bom passo durante o inverno, mas nos colocamos em uma posi\u00e7\u00e3o decente. Infelizmente, vimos a McLaren tamb\u00e9m dar um grande passo&#8221;, seguiu.<\/p>\n\n\n\n<p class=\"wp-block-paragraph\">&#8220;Acho que temos de olhar para isso e dizer que, por um lado, \u00e9 decepcionante, mas, por outro, mostra que h\u00e1 oportunidades para avan\u00e7os&#8221;, concluiu Elliott.<\/p>\n\n\n\n<figure class=\"wp-block-embed is-type-video is-provider-youtube wp-block-embed-youtube wp-embed-aspect-16-9 wp-has-aspect-ratio\"><div class=\"wp-block-embed__wrapper\">\n<iframe loading=\"lazy\" title=\"Qual equipe venceu GUERRA para ser SEGUNDONA da primeira parte da F1 2023? | GP \u00e0s 10\" width=\"500\" height=\"281\" src=\"https:\/\/www.youtube.com\/embed\/ojH4XR0Gk1g?feature=oembed\" frameborder=\"0\" allow=\"accelerometer; autoplay; clipboard-write; encrypted-media; gyroscope; picture-in-picture; web-share\" referrerpolicy=\"strict-origin-when-cross-origin\" allowfullscreen><\/iframe>\n<\/div><\/figure>\n","protected":false},"excerpt":{"rendered":"<p>Mike Elliott, executivo-t\u00e9cnico da Mercedes, reconheceu que a mudan\u00e7a para o sidepod mais convencional n\u00e3o trouxe nenhum ganho significativo de performance, por\u00e9m acredita que o progresso das rivais mostra que h\u00e1 ainda espa\u00e7o para evoluir na temporada 2023 da F\u00f3rmula 1<\/p>\n","protected":false},"author":0,"featured_media":1000713486,"comment_status":"closed","ping_status":"closed","sticky":false,"template":"","format":"standard","meta":{"42wp_featured_image_caption":"","42wp_featured_image_credits":"","42wp_featured_video":"","42wp_featured_image_hidden":false,"42wp_authors_list":[],"footnotes":""},"categories":[2],"tags":[26271,5273,147,6533,180,30722,1491,28285,30840,82,31447,34052],"42wp_author":[47147],"class_list":["post-100391","post","type-post","status-publish","format-standard","has-post-thumbnail","hentry","category-f1","tag-calendario-f1","tag-classificacao-f1","tag-f1","tag-f1-2023","tag-formula-1","tag-formula-1-2023","tag-grande-premio","tag-grandepremio","tag-horarios-f1","tag-mercedes","tag-temporada-2023-f1","tag-zeropod","42wp_author-luana-marino"],"_links":{"self":[{"href":"https:\/\/grandepremio.com\/br\/wp-json\/wp\/v2\/posts\/100391","targetHints":{"allow":["GET"]}}],"collection":[{"href":"https:\/\/grandepremio.com\/br\/wp-json\/wp\/v2\/posts"}],"about":[{"href":"https:\/\/grandepremio.com\/br\/wp-json\/wp\/v2\/types\/post"}],"replies":[{"embeddable":true,"href":"https:\/\/grandepremio.com\/br\/wp-json\/wp\/v2\/comments?post=100391"}],"version-history":[{"count":0,"href":"https:\/\/grandepremio.com\/br\/wp-json\/wp\/v2\/posts\/100391\/revisions"}],"wp:featuredmedia":[{"embeddable":true,"href":"https:\/\/grandepremio.com\/br\/wp-json\/wp\/v2\/media\/1000713486"}],"wp:attachment":[{"href":"https:\/\/grandepremio.com\/br\/wp-json\/wp\/v2\/media?parent=100391"}],"wp:term":[{"taxonomy":"category","embeddable":true,"href":"https:\/\/grandepremio.com\/br\/wp-json\/wp\/v2\/categories?post=100391"},{"taxonomy":"post_tag","embeddable":true,"href":"https:\/\/grandepremio.com\/br\/wp-json\/wp\/v2\/tags?post=100391"},{"taxonomy":"42wp_author","embeddable":true,"href":"https:\/\/grandepremio.com\/br\/wp-json\/wp\/v2\/42wp_author?post=100391"}],"curies":[{"name":"wp","href":"https:\/\/api.w.org\/{rel}","templated":true}]}}