{"id":100446,"date":"2023-08-05T11:56:50","date_gmt":"2023-08-05T14:56:50","guid":{"rendered":"https:\/\/grandepremio.com\/br\/noticias\/matheus-comparatto-dispara-largada-vence-corrida-1-f4-brasil-velocitta\/"},"modified":"2023-08-05T15:03:27","modified_gmt":"2023-08-05T18:03:27","slug":"matheus-comparatto-dispara-largada-vence-corrida-1-f4-brasil-velocitta","status":"publish","type":"post","link":"https:\/\/grandepremio.com\/br\/f4\/matheus-comparatto-dispara-largada-vence-corrida-1-f4-brasil-velocitta\/","title":{"rendered":"Comparatto dispara na largada e vence corrida 1 da F\u00f3rmula 4 Brasil no Velocitta"},"content":{"rendered":"\n<p class=\"wp-block-paragraph\"><strong>Matheus Comparatto<\/strong> n\u00e3o encontrou obst\u00e1culos para garantir a primeira vit\u00f3ria do fim de semana no <strong>Velocitta<\/strong>. Neste s\u00e1bado (5), o piloto da <strong>Bassani <\/strong>faturou de ponta a ponta a prova, com <strong>Luan Lopes<\/strong> e <strong>Lucca Zucchini<\/strong> completando o p\u00f3dio da F4 Brasil. <\/p>\n\n\n\n<p class=\"wp-block-paragraph\">A\u00a0<strong>F4 Brasil<\/strong>\u00a0ter\u00e1 a ordem da corrida 2 foi definida com grid invertido entre os oito primeiros e vai largar logo mais, \u00e0s 16h. No domingo (6), a prova ser\u00e1 \u00e0s 8h40 (todas no hor\u00e1rio de Bras\u00edlia). O\u00a0<strong>GRANDE PR\u00caMIO<\/strong>\u00a0traz cobertura completa de todas as atividades no Velocitta. A\u00a0<a href=\"https:\/\/formula1aovivo.com\/\" target=\"_blank\" rel=\"noreferrer noopener\">transmiss\u00e3o<\/a>\u00a0ser\u00e1 do\u00a0<strong><a href=\"https:\/\/teleguiado.com\/\" target=\"_blank\" rel=\"noreferrer noopener\">Band<\/a>sports<\/strong>\u00a0e do canal oficial da categoria no\u00a0<strong>Youtube<\/strong>.<\/p>\n\n\n\n<figure class=\"wp-block-image size-large\"><img decoding=\"async\" src=\"https:\/\/www.grandepremio.com\/br\/wp-content\/uploads\/2023\/08\/OAKBERRY-Bassani-Velocitta-2023-Sabado-14-lucabassani-1024x683.jpg\" alt=\"\" class=\"wp-image-715481\"\/><figcaption class=\"wp-element-caption\">Comparatto beija o trofeu no Velocitta (Foto: Luca Bassani)<\/figcaption><\/figure>\n\n\n\n<p class=\"wp-block-paragraph\"><strong>\u25b6\ufe0f&nbsp;Inscreva-se nos dois canais do GRANDE PR\u00caMIO no YouTube:&nbsp;<a href=\"https:\/\/www.youtube.com\/channel\/UC9OlHEgxoaY6QY6nWPoiqQg?sub_confirmation=1\" target=\"_blank\" rel=\"noreferrer noopener\">GP<\/a>&nbsp;|&nbsp;<a href=\"https:\/\/www.youtube.com\/channel\/UC9csiS6q_C3C0FYhyr1rnFA?sub_confirmation=1\" target=\"_blank\" rel=\"noreferrer noopener\">GP2<\/a><\/strong><br><strong>\u25b6\ufe0f&nbsp;<a href=\"https:\/\/www.twitch.tv\/grandepremio\" target=\"_blank\" rel=\"noreferrer noopener\">Conhe\u00e7a o canal do GRANDE PR\u00caMIO na Twitch clicando aqui!<\/a><\/strong><\/p>\n\n\n\n<p class=\"wp-block-paragraph\"><strong><em>Saiba como foi a corrida 1 no Velocitta:<\/em><\/strong><\/p>\n\n\n\n<p class=\"wp-block-paragraph\"><strong>Rafaela Ferreira <\/strong>teve o carro apagado antes da forma\u00e7\u00e3o do grid de largada. Na bandeira verde, Comparatto manteve a lideran\u00e7a. Lopes ganhou a posi\u00e7\u00e3o de Zucchini e assumiu a segunda posi\u00e7\u00e3o. <strong>Fefo Barrichello <\/strong>partiu com tudo para cima de <strong>Alvaro Cho<\/strong>, na briga pelo quarto lugar.<\/p>\n\n\n\n<figure class=\"wp-block-image size-large\"><img decoding=\"async\" src=\"https:\/\/www.grandepremio.com\/br\/wp-content\/uploads\/2023\/08\/image-7-1024x576.png\" alt=\"\" class=\"wp-image-715237\"\/><figcaption class=\"wp-element-caption\">Toque entre Luan Lopes e Lucca Zucchini (Foto: Reprodu\u00e7\u00e3o\/F4 Brasil)<\/figcaption><\/figure>\n\n\n\n<p class=\"wp-block-paragraph\">L\u00edder do campeonato, <strong>Vin\u00edcius Tessaro<\/strong> n\u00e3o ganhou nenhuma posi\u00e7\u00e3o e se mantinha na \u00faltima posi\u00e7\u00e3o. Na volta 3, Zucchini foi tocado por Lopes e caiu para as \u00faltimas posi\u00e7\u00f5es. Mais atr\u00e1s, <strong>Arthur Pavie<\/strong> perdeu o controle do carro e deu um rol\u00ea na grama do Velocitta.<\/p>\n\n\n\n<p class=\"wp-block-paragraph\">L\u00e1 na frente, Comparatto disparava na ponta e abria 2s904 de vantagem para Luan. Cho seguia resistindo \u00e0 press\u00e3o de Barrichello, enquanto este n\u00e3o conseguiu segurar Zucchini e perdeu a quarta coloca\u00e7\u00e3o. <strong>Carl Bennet<\/strong> perdeu a nona posi\u00e7\u00e3o para Tessaro.<\/p>\n\n\n\n<p class=\"wp-block-paragraph\">Luan Lopes escorregou e pisou na grama, permitindo a aproxima\u00e7\u00e3o de \u00c1lvaro na disputa pelo segundo lugar. Mas quem vacilou foi o carro #21, que abriu a porta na curva 1 em <strong>Mogi Gua\u00e7u<\/strong> e viu Lucca assumir a terceira posi\u00e7\u00e3o, faltando cinco minutos para o fim,<\/p>\n\n\n\n<figure class=\"wp-block-image size-large\"><img decoding=\"async\" src=\"https:\/\/www.grandepremio.com\/br\/wp-content\/uploads\/2023\/08\/image-8-1024x576.png\" alt=\"\" class=\"wp-image-715246\"\/><figcaption class=\"wp-element-caption\">Ultrapassagem de Zucchini em cima de Cho no Velocitta (Foto: Reprodu\u00e7\u00e3o\/F4 Brasil)<\/figcaption><\/figure>\n\n\n\n<p class=\"wp-block-paragraph\">Na sa\u00edda da curva 2, <strong>Jo\u00e3o Tesser<\/strong> perdeu o controle do seu TMG Racing e escorregou na grama. Tessaro seguia escalando o pelot\u00e3o e j\u00e1 era o s\u00e9timo colocado. Na volta 17, Nelson Neto conseguiu uma bela manobra em cima de Fefo e ganhou a quarta posi\u00e7\u00e3o.<\/p>\n\n\n\n<p class=\"wp-block-paragraph\">A disputa pelo segundo lugar era intensa, com Lopes e Zucchini brigando pelo posto. L\u00e1 na frente, Matheus Comparatto caminhou tranquilo para garantir a primeira vit\u00f3ria na temporada 2023. Com o oitavo lugar, <strong>Mateus Callejas<\/strong> ser\u00e1 o pole-position na corrida 2.<\/p>\n\n\n\n<h2 class=\"wp-block-heading\" id=\"h-f4-brasil-2023-velocitta-corrida-1-resultado-final\"><strong><em>F4 Brasil 2023, Velocitta, Corrida 1, Resultado Final:<\/em><\/strong><\/h2>\n\n\n\n<figure class=\"wp-block-table\"><table><tbody><tr><td>Pos<\/td><td>Carro<\/td><td>Piloto<\/td><td>Equipe<\/td><td>Diff<\/td><\/tr><tr><td>1<\/td><td>118<\/td><td>MATHEUS COMPARATO<\/td><td>BASSANI RACING<\/td><td>19 voltas<\/td><\/tr><tr><td>2<\/td><td>9<\/td><td>LUAN LOPES<\/td><td>TMG RACING<\/td><td>+4.726<\/td><\/tr><tr><td>3<\/td><td>99<\/td><td>LUCCA ZUCCHINI<\/td><td>CAVALEIRO SPORTS<\/td><td>+5.051<\/td><\/tr><tr><td>4<\/td><td>21<\/td><td>\u00c1LVARO CHO<\/td><td>TMG RACING<\/td><td>+6.742<\/td><\/tr><tr><td>5<\/td><td>33<\/td><td>NELSON NETO<\/td><td>BASSANI RACING<\/td><td>+9.451<\/td><\/tr><tr><td>6<\/td><td>41<\/td><td>FEFO BARRICHELLO<\/td><td>CAVALEIRO SPORTS<\/td><td>+11.727<\/td><\/tr><tr><td>7<\/td><td>30<\/td><td>VIN\u00cdCIUS TESSARO<\/td><td>CAVALEIRO SPORTS<\/td><td>+12.055<\/td><\/tr><tr><td>8<\/td><td>16<\/td><td>MATEUS CALLEJAS<\/td><td>TMG RACING<\/td><td>+16.131<\/td><\/tr><tr><td>9<\/td><td>11<\/td><td>CARL BENNET<\/td><td>BASSANI RACING<\/td><td>+21.034<\/td><\/tr><tr><td>10<\/td><td>88<\/td><td>ARTHUR PAVIE<\/td><td>BASSANI RACING<\/td><td>+21.535<\/td><\/tr><tr><td>11<\/td><td>26<\/td><td>ALEXANDRE MACHADO<\/td><td>BASSANI RACING<\/td><td>+26.315<\/td><\/tr><tr><td>12<\/td><td>29<\/td><td>JO\u00c3O TESSER<\/td><td>TMG RACING<\/td><td>+ 1 volta<\/td><\/tr><tr><td>13<\/td><td>18<\/td><td>RAFAELA FERREIRA<\/td><td>TMG RACING<\/td><td>Abandonou<\/td><\/tr><\/tbody><\/table><\/figure>\n","protected":false},"excerpt":{"rendered":"<p>Vit\u00f3ria tranquila, de ponta a ponta, do piloto da Bassani na primeira das tr\u00eas provas do fim de semana da F4 Brasil no Velocitta. Luan Lopes e Lucca Zucchini completam o p\u00f3dio e Mateus Callejas \u00e9 o pole na corrida 2<\/p>\n","protected":false},"author":0,"featured_media":1000715482,"comment_status":"closed","ping_status":"closed","sticky":false,"template":"","format":"standard","meta":{"42wp_featured_image_caption":"","42wp_featured_image_credits":"","42wp_featured_video":"","42wp_featured_image_hidden":false,"42wp_authors_list":[],"footnotes":""},"categories":[47],"tags":[34475,32165,34474,34478,19543,31557,29764,1491,28285,32928,32363,34476,34477,34473,34472,34456,7513,26158,32119],"42wp_author":[47128],"class_list":["post-100446","post","type-post","status-publish","format-standard","has-post-thumbnail","hentry","category-f4","tag-alexandre-machado","tag-alvaro-cho","tag-arthur-pavie","tag-bassani-racing","tag-cavaleiro-sports","tag-fefo-barrichello","tag-formula-4-brasil","tag-grande-premio","tag-grandepremio","tag-joao-tesser","tag-luan-lopes","tag-lucca-zucchini","tag-mateus-callejas","tag-matheus-comparato","tag-nelson-neto","tag-rafaela-ferreira","tag-tmg-racing","tag-velocitta","tag-vinicius-tessaro","42wp_author-guilherme-bloisi"],"_links":{"self":[{"href":"https:\/\/grandepremio.com\/br\/wp-json\/wp\/v2\/posts\/100446","targetHints":{"allow":["GET"]}}],"collection":[{"href":"https:\/\/grandepremio.com\/br\/wp-json\/wp\/v2\/posts"}],"about":[{"href":"https:\/\/grandepremio.com\/br\/wp-json\/wp\/v2\/types\/post"}],"replies":[{"embeddable":true,"href":"https:\/\/grandepremio.com\/br\/wp-json\/wp\/v2\/comments?post=100446"}],"version-history":[{"count":0,"href":"https:\/\/grandepremio.com\/br\/wp-json\/wp\/v2\/posts\/100446\/revisions"}],"wp:featuredmedia":[{"embeddable":true,"href":"https:\/\/grandepremio.com\/br\/wp-json\/wp\/v2\/media\/1000715482"}],"wp:attachment":[{"href":"https:\/\/grandepremio.com\/br\/wp-json\/wp\/v2\/media?parent=100446"}],"wp:term":[{"taxonomy":"category","embeddable":true,"href":"https:\/\/grandepremio.com\/br\/wp-json\/wp\/v2\/categories?post=100446"},{"taxonomy":"post_tag","embeddable":true,"href":"https:\/\/grandepremio.com\/br\/wp-json\/wp\/v2\/tags?post=100446"},{"taxonomy":"42wp_author","embeddable":true,"href":"https:\/\/grandepremio.com\/br\/wp-json\/wp\/v2\/42wp_author?post=100446"}],"curies":[{"name":"wp","href":"https:\/\/api.w.org\/{rel}","templated":true}]}}