{"id":100466,"date":"2023-08-04T16:40:42","date_gmt":"2023-08-04T19:40:42","guid":{"rendered":"https:\/\/grandepremio.com\/br\/noticias\/vinicius-tessaro-supera-matheus-comparatto-crava-poles-formula-4-brasil-velocitta\/"},"modified":"2023-08-04T16:42:47","modified_gmt":"2023-08-04T19:42:47","slug":"vinicius-tessaro-supera-matheus-comparatto-crava-poles-formula-4-brasil-velocitta","status":"publish","type":"post","link":"https:\/\/grandepremio.com\/br\/f4\/vinicius-tessaro-supera-matheus-comparatto-crava-poles-formula-4-brasil-velocitta\/","title":{"rendered":"Tessaro supera Comparatto e crava poles da F\u00f3rmula 4 Brasil no Velocitta"},"content":{"rendered":"\n<p class=\"wp-block-paragraph\"><strong>Vin\u00edcius Tessaro<\/strong> vai sair na pole-position nas corridas 1 e 3 da <strong>F\u00f3rmula 4 Brasil<\/strong>. Na classifica\u00e7\u00e3o disputada nesta sexta-feira (4) no <strong>Velocitta<\/strong>, o l\u00edder do campeonato bateu <strong>Matheus Comparatto<\/strong>, da <strong>Bassani<\/strong>, e v\u00e3o dividir a primeira fila.<\/p>\n\n\n\n<p class=\"wp-block-paragraph\">Os tempos das duas voltas mais r\u00e1pidas definiram a mesma ordem no grid de ambas as provas. Na segunda fila, o vice-l\u00edder <strong>Luan Lopes<\/strong> vai batalhar com <strong>Lucca Zucchini<\/strong>. Terceiro colocado no campeonato, <strong>Alvaro Cho<\/strong> larga em quinto, enquanto <strong>Fefo Barrichello<\/strong> sai na sexta posi\u00e7\u00e3o.<\/p>\n\n\n\n<p class=\"wp-block-paragraph\"><strong>Nelson Neto<\/strong> parte da s\u00e9tima posi\u00e7\u00e3o, enquanto <strong>Jo\u00e3o Tesser<\/strong> ser\u00e1 o oitavo. Fecham os dez primeiros <strong>Arthur Pavie<\/strong> e <strong>Carl Bennet<\/strong>, da Bassani. A ordem da corrida 2 vai ser definida com grid invertido entre os oito primeiros.<\/p>\n\n\n\n<figure class=\"wp-block-image size-large\"><img decoding=\"async\" src=\"https:\/\/www.grandepremio.com\/br\/wp-content\/uploads\/2023\/08\/BTX10617-1024x683.jpg\" alt=\"\" class=\"wp-image-715068\"\/><figcaption class=\"wp-element-caption\">Fefo Barrichello sai na sexta posi\u00e7\u00e3o no Velocitta (Foto: Bruno Terena)<\/figcaption><\/figure>\n\n\n\n<p class=\"wp-block-paragraph\"><strong>\u25b6\ufe0f\u00a0Inscreva-se nos dois canais do GRANDE PR\u00caMIO no YouTube:\u00a0<a href=\"https:\/\/www.youtube.com\/channel\/UC9OlHEgxoaY6QY6nWPoiqQg?sub_confirmation=1\" target=\"_blank\" rel=\"noreferrer noopener\">GP<\/a>\u00a0|\u00a0<a href=\"https:\/\/www.youtube.com\/channel\/UC9csiS6q_C3C0FYhyr1rnFA?sub_confirmation=1\" target=\"_blank\" rel=\"noreferrer noopener\">GP2<\/a><\/strong><br><strong>\u25b6\ufe0f\u00a0<a href=\"https:\/\/www.twitch.tv\/grandepremio\" target=\"_blank\" rel=\"noreferrer noopener\" class=\"ek-link\">Conhe\u00e7a o canal do GRANDE PR\u00caMIO na Twitch clicando aqui!<\/a><\/strong><\/p>\n\n\n\n<p class=\"wp-block-paragraph\">A <strong>F4 Brasil<\/strong> abre a rodada tripla neste s\u00e1bado (5) com duas corridas: a primeira, \u00e0s 11h20; e a segunda largada marcada para \u00e0s 16h (hor\u00e1rio de Bras\u00edlia). No domingo (6), a prova ser\u00e1 \u00e0s 8h40. O\u00a0<strong>GRANDE PR\u00caMIO<\/strong>\u00a0traz cobertura completa de todas as atividades no Velocitta. A transmiss\u00e3o ser\u00e1 do <strong>Bandsports<\/strong> e do canal oficial da categoria no <strong>Youtube<\/strong>.<\/p>\n\n\n\n<h2 class=\"wp-block-heading\" id=\"h-confira-os-grids-de-largada\"><strong><em>Confira os grids de largada:<\/em><\/strong><\/h2>\n\n\n\n<p class=\"wp-block-paragraph\"><strong>Corrida 1<\/strong><\/p>\n\n\n\n<figure class=\"wp-block-table\"><table><tbody><tr><td>Pos<\/td><td>Carro<\/td><td>Piloto<\/td><td>Equipe<\/td><td>Tempo<\/td><td>Diff<\/td><\/tr><tr><td>1<\/td><td>30<\/td><td>VIN\u00cdCIUS TESSARO<\/td><td>CAVALEIRO SPORTS<\/td><td>1:25.828<\/td><td>&nbsp;<\/td><\/tr><tr><td>2<\/td><td>118<\/td><td>MATHEUS COMPARATO<\/td><td>BASSANI RACING<\/td><td>1:26.059<\/td><td>+0.231<\/td><\/tr><tr><td>3<\/td><td>9<\/td><td>LUCCA ZUCCHINI<\/td><td>CAVALEIRO SPORTS<\/td><td>1:26.462<\/td><td>+0.634<\/td><\/tr><tr><td>4<\/td><td>99<\/td><td>LUAN LOPES<\/td><td>TMG RACING<\/td><td>1:26.470<\/td><td>+0.642<\/td><\/tr><tr><td>5<\/td><td>21<\/td><td>\u00c1LVARO CHO<\/td><td>TMG RACING<\/td><td>1:26.502<\/td><td>+0.674<\/td><\/tr><tr><td>6<\/td><td>41<\/td><td>FEFO BARRICHELLO<\/td><td>CAVALEIRO SPORTS<\/td><td>1:26.503<\/td><td>+0.675<\/td><\/tr><tr><td>7<\/td><td>33<\/td><td>NELSON NETO<\/td><td>BASSANI RACING<\/td><td>1:26.687<\/td><td>+0.859<\/td><\/tr><tr><td>8<\/td><td>29<\/td><td>JO\u00c3O TESSER<\/td><td>TMG RACING<\/td><td>1:26.820<\/td><td>+0.992<\/td><\/tr><tr><td>9<\/td><td>88<\/td><td>ARTHUR PAVIE<\/td><td>BASSANI RACING<\/td><td>1:26.877<\/td><td>+1.049<\/td><\/tr><tr><td>10<\/td><td>11<\/td><td>CARL BENNET<\/td><td>BASSANI RACING<\/td><td>1:26.941<\/td><td>+1.113<\/td><\/tr><tr><td>11<\/td><td>16<\/td><td>MATEUS CALLEJAS<\/td><td>CAVALEIRO SPORTS<\/td><td>1:26.958<\/td><td>+1.130<\/td><\/tr><tr><td>12<\/td><td>26<\/td><td>ALEXANDRE MACHADO<\/td><td>BASSANI RACING<\/td><td>1:27.556<\/td><td>+1.728<\/td><\/tr><tr><td>13<\/td><td>18<\/td><td>RAFAELA FERREIRA<\/td><td>TMG RACING<\/td><td>1:27.591<\/td><td>+1.763<\/td><\/tr><\/tbody><\/table><\/figure>\n\n\n\n<p class=\"wp-block-paragraph\"><strong>Corrida 3<\/strong><\/p>\n\n\n\n<figure class=\"wp-block-table\"><table><tbody><tr><td>Pos<\/td><td>Carro<\/td><td>Piloto<\/td><td>Equipe<\/td><td>Tempo<\/td><td>Diff<\/td><\/tr><tr><td>1<\/td><td>30<\/td><td>VIN\u00cdCIUS TESSARO<\/td><td>CAVALEIRO SPORTS<\/td><td>1:25.660<\/td><td>&nbsp;<\/td><\/tr><tr><td>2<\/td><td>118<\/td><td>MATHEUS COMPARATO<\/td><td>BASSANI RACING<\/td><td>1:25.968<\/td><td>+0.308<\/td><\/tr><tr><td>3<\/td><td>99<\/td><td>LUAN LOPES<\/td><td>TMG RACING<\/td><td>1:26.360<\/td><td>+0.700<\/td><\/tr><tr><td>4<\/td><td>9<\/td><td>LUCCA ZUCCHINI<\/td><td>CAVALEIRO SPORTS<\/td><td>1:26.408<\/td><td>+0.748<\/td><\/tr><tr><td>5<\/td><td>21<\/td><td>\u00c1LVARO CHO<\/td><td>TMG RACING<\/td><td>1:26.474<\/td><td>+0.814<\/td><\/tr><tr><td>6<\/td><td>41<\/td><td>FEFO BARRICHELLO<\/td><td>CAVALEIRO SPORTS<\/td><td>1:26.480<\/td><td>+0.820<\/td><\/tr><tr><td>7<\/td><td>33<\/td><td>NELSON NETO<\/td><td>BASSANI RACING<\/td><td>1:26.579<\/td><td>+0.919<\/td><\/tr><tr><td>8<\/td><td>29<\/td><td>JO\u00c3O TESSER<\/td><td>TMG RACING<\/td><td>1:26.726<\/td><td>+1.066<\/td><\/tr><tr><td>9<\/td><td>88<\/td><td>ARTHUR PAVIE<\/td><td>BASSANI RACING<\/td><td>1:26.745<\/td><td>+1.085<\/td><\/tr><tr><td>10<\/td><td>11<\/td><td>CARL BENNET<\/td><td>BASSANI RACING<\/td><td>1:26.853<\/td><td>+1.193<\/td><\/tr><tr><td>11<\/td><td>16<\/td><td>MATEUS CALLEJAS<\/td><td>CAVALEIRO SPORTS<\/td><td>1:26.951<\/td><td>+1.291<\/td><\/tr><tr><td>12<\/td><td>26<\/td><td>ALEXANDRE MACHADO<\/td><td>BASSANI RACING<\/td><td>1:27.352<\/td><td>+1.692<\/td><\/tr><tr><td>13<\/td><td>18<\/td><td>RAFAELA FERREIRA<\/td><td>TMG RACING<\/td><td>1:27.412<\/td><td>+1.752<\/td><\/tr><\/tbody><\/table><\/figure>\n","protected":false},"excerpt":{"rendered":"<p>O l\u00edder do campeonato bateu o rival da Bassani e vai sair na frente nas corridas 1 e 3 que ser\u00e3o disputadas na rodada tripla da categoria no Velocitta<\/p>\n","protected":false},"author":0,"featured_media":1000715063,"comment_status":"closed","ping_status":"closed","sticky":false,"template":"","format":"standard","meta":{"42wp_featured_image_caption":"","42wp_featured_image_credits":"","42wp_featured_video":"","42wp_featured_image_hidden":false,"42wp_authors_list":[],"footnotes":""},"categories":[47],"tags":[34475,32165,34474,34478,19543,31557,29764,1491,28285,32928,32363,34476,34477,34473,34472,34456,7513,26158,32119],"42wp_author":[47128],"class_list":["post-100466","post","type-post","status-publish","format-standard","has-post-thumbnail","hentry","category-f4","tag-alexandre-machado","tag-alvaro-cho","tag-arthur-pavie","tag-bassani-racing","tag-cavaleiro-sports","tag-fefo-barrichello","tag-formula-4-brasil","tag-grande-premio","tag-grandepremio","tag-joao-tesser","tag-luan-lopes","tag-lucca-zucchini","tag-mateus-callejas","tag-matheus-comparato","tag-nelson-neto","tag-rafaela-ferreira","tag-tmg-racing","tag-velocitta","tag-vinicius-tessaro","42wp_author-guilherme-bloisi"],"_links":{"self":[{"href":"https:\/\/grandepremio.com\/br\/wp-json\/wp\/v2\/posts\/100466","targetHints":{"allow":["GET"]}}],"collection":[{"href":"https:\/\/grandepremio.com\/br\/wp-json\/wp\/v2\/posts"}],"about":[{"href":"https:\/\/grandepremio.com\/br\/wp-json\/wp\/v2\/types\/post"}],"replies":[{"embeddable":true,"href":"https:\/\/grandepremio.com\/br\/wp-json\/wp\/v2\/comments?post=100466"}],"version-history":[{"count":0,"href":"https:\/\/grandepremio.com\/br\/wp-json\/wp\/v2\/posts\/100466\/revisions"}],"wp:featuredmedia":[{"embeddable":true,"href":"https:\/\/grandepremio.com\/br\/wp-json\/wp\/v2\/media\/1000715063"}],"wp:attachment":[{"href":"https:\/\/grandepremio.com\/br\/wp-json\/wp\/v2\/media?parent=100466"}],"wp:term":[{"taxonomy":"category","embeddable":true,"href":"https:\/\/grandepremio.com\/br\/wp-json\/wp\/v2\/categories?post=100466"},{"taxonomy":"post_tag","embeddable":true,"href":"https:\/\/grandepremio.com\/br\/wp-json\/wp\/v2\/tags?post=100466"},{"taxonomy":"42wp_author","embeddable":true,"href":"https:\/\/grandepremio.com\/br\/wp-json\/wp\/v2\/42wp_author?post=100466"}],"curies":[{"name":"wp","href":"https:\/\/api.w.org\/{rel}","templated":true}]}}