{"id":100514,"date":"2023-08-03T09:14:43","date_gmt":"2023-08-03T12:14:43","guid":{"rendered":"https:\/\/grandepremio.com\/br\/noticias\/ducati-alta-procura-pacote-completo-vaga-gresini-muito-cobicada\/"},"modified":"2023-08-03T09:15:30","modified_gmt":"2023-08-03T12:15:30","slug":"ducati-alta-procura-pacote-completo-vaga-gresini-muito-cobicada","status":"publish","type":"post","link":"https:\/\/grandepremio.com\/br\/motogp\/ducati-alta-procura-pacote-completo-vaga-gresini-muito-cobicada\/","title":{"rendered":"Ducati v\u00ea alta procura por \u201cpacote completo\u201d e diz que vaga na Gresini \u00e9 \u201cmuito cobi\u00e7ada\u201d"},"content":{"rendered":"\n<p class=\"wp-block-paragraph\">Diretor-esportivo da <strong>Ducati<\/strong>, <strong>Paolo Ciabatti <\/strong>afirmou que a vaga aberta na <strong>Gresini <\/strong>\u00e9 \u201cmuito cobi\u00e7ada\u201d. O dirigente revelou que \u201cnomes que buscaram esse assento v\u00e3o al\u00e9m da imagina\u00e7\u00e3o\u201d.<\/p>\n\n\n\n<p class=\"wp-block-paragraph\">Hoje, a Gresini conta com <strong>\u00c1lex M\u00e1rquez<\/strong> e <strong>Fabio Di Giannantonio<\/strong>, mas apenas o espanhol j\u00e1 foi confirmado pela casa de <strong>Borgo Panigale<\/strong>. O italiano, por outro lado, n\u00e3o deve seguir com a equipe, j\u00e1 que n\u00e3o bem conseguindo se destacar com a <strong>Desmosedici<\/strong>.<\/p>\n\n\n\n<figure class=\"wp-block-image size-large\"><img decoding=\"async\" src=\"https:\/\/www.grandepremio.com\/br\/wp-content\/uploads\/2023\/04\/MotoGP-2023-Estados-Unidos-Austin-Sexta-Gresini-Fabio-Di-Giannantonio-1024x681.jpg\" alt=\"\" class=\"wp-image-672036\"\/><figcaption class=\"wp-element-caption\">Fabio Di Giannantonio deve perder a vaga na Gresini em 2024 (Foto: Gresini)<\/figcaption><\/figure>\n\n\n\n<p class=\"wp-block-paragraph\"><strong>\u25b6\ufe0f\u00a0Inscreva-se nos dois canais do GRANDE PR\u00caMIO no YouTube:\u00a0<a href=\"https:\/\/www.youtube.com\/channel\/UC9OlHEgxoaY6QY6nWPoiqQg?sub_confirmation=1\" target=\"_blank\" rel=\"noreferrer noopener\">GP<\/a>\u00a0|\u00a0<a href=\"https:\/\/www.youtube.com\/channel\/UC9csiS6q_C3C0FYhyr1rnFA?sub_confirmation=1\" target=\"_blank\" rel=\"noreferrer noopener\">GP2<\/a><\/strong><br><strong>\u25b6\ufe0f\u00a0<a href=\"https:\/\/www.twitch.tv\/grandepremio\" target=\"_blank\" rel=\"noreferrer noopener\">Conhe\u00e7a o canal do GRANDE PR\u00caMIO na Twitch clicando aqui!<\/a><\/strong><\/p>\n\n\n\n<p class=\"wp-block-paragraph\">De acordo com Ciabatti, a vaga da Gresini \u00e9 \u201cmuito cobi\u00e7ada\u201d e tem sido buscada por diversos pilotos.<\/p>\n\n\n\n<p class=\"wp-block-paragraph\">\u201cOs nomes que buscaram esse assento v\u00e3o al\u00e9m da imagina\u00e7\u00e3o\u201d, revelou o dirigente \u00e0 revista italiana Motosprint. \u201cConsegue imaginar muitos? Tem mais\u201d, indicou.<\/p>\n\n\n\n<p class=\"wp-block-paragraph\">Nas \u00faltimas semanas, <strong>Tony Arbolino<\/strong>, que lidera a <strong>Moto2<\/strong>, foi especulado na equipe italiana, assim como <strong>Franco Morbidelli<\/strong>, que n\u00e3o teve o contrato renovado com a Yamaha e ser\u00e1 substitu\u00eddo por <strong>\u00c1lex Rins<\/strong>.<\/p>\n\n\n\n<p class=\"wp-block-paragraph\">\u201cAinda temos de decidir quem ir\u00e1 para a Ducati gerida pelo time de Nadia Padovani: uma \u00e9 para \u00c1lex M\u00e1rquez. A outra, quem sabe\u2026\u201d, comentou. \u201cS\u00f3 posso dizer que \u00e9 uma moto capaz de p\u00f3dios e, por isso, \u00e9 atrativa\u201d, reconheceu.<\/p>\n\n\n\n<p class=\"wp-block-paragraph\">A Ducati \u00e9 a f\u00e1brica que mais motos t\u00eam no grid da MotoGP. No total, s\u00e3o oito Desmosedici: duas na equipe de f\u00e1brica, duas na <strong>Pramac<\/strong>, duas na <strong>VR46 <\/strong>e duas na <strong>Gresini<\/strong>. <strong>Aprilia<\/strong>, <strong>KTM <\/strong>e <strong>Honda <\/strong>t\u00eam quatro motos, enquanto a <strong>Yamaha <\/strong>tem s\u00f3 as duas do time oficial.<\/p>\n\n\n\n<p class=\"wp-block-paragraph\">\u201cN\u00f3s oferecemos um pacote completo, em termos razo\u00e1veis e acess\u00edveis. No livre mercado, eles nos escolhem: tem de haver uma raz\u00e3o\u201d, comentou. \u201cQuem nos acusa de ter muitas motos, est\u00e1 errado. Fazemos nosso trabalho no melhor da nossa capacidade. S\u00e3o as equipes e pilotos que v\u00eam at\u00e9 n\u00f3s. \u00c9 por isso que, ainda que minimamente, n\u00f3s ganhamos\u201d, defendeu.<\/p>\n\n\n\n<p class=\"wp-block-paragraph\">Questionado sobre por quanto tempo a Ducati pode sustentar uma estrutura com oito pilotos no grid da MotoGP, Ciabatti respondeu: \u201cEnquanto houver chance. Definitivamente, at\u00e9 o fim de 2024. Depois, vamos ver. No fim da pr\u00f3xima temporada, os acordos com muitos pilotos, equipes e patrocinadores terminam. Provavelmente, veremos algum tipo de revolu\u00e7\u00e3o, talvez n\u00e3o do nosso lado\u201d.<\/p>\n\n\n\n<p class=\"wp-block-paragraph\">\u201cContamos com uma linha de continuidade adotada h\u00e1 anos. Vamos continuar assim\u201d, avisou. \u201cClaro, a pista \u00e9 o elemento que condiciona as decis\u00f5es. No entanto, cruzamos os dedos, nos sentimos satisfeitos com o sistema estabelecido. A inten\u00e7\u00e3o de continuar a se destacar \u00e9 a meta da Ducati: hoje, em 2025 e al\u00e9m\u201d, concluiu.<\/p>\n\n\n\n<p class=\"wp-block-paragraph\">A\u00a0<strong><a href=\"https:\/\/grandepremio.com\/motovelocidade\/\" target=\"_blank\" rel=\"noreferrer noopener\">MotoGP<\/a><\/strong>\u00a0volta \u00e0 ativa entre os dias 4 e 6 de agosto para o GP da\u00a0<strong>Gr\u00e3-Bretanha<\/strong>, em\u00a0<strong><a href=\"https:\/\/www.grandepremio.com\/br\/circuito\/silverstone\/\" target=\"_blank\" rel=\"noreferrer noopener\">Silverstone<\/a><\/strong>. O\u00a0<strong>GRANDE PR\u00caMIO<\/strong>\u00a0acompanha todas as atividades do\u00a0<strong>Mundial de\u00a0<a href=\"https:\/\/www.grandepremio.com\/motovelocidade\/\" target=\"_blank\" rel=\"noreferrer noopener\">Motovelocidade<\/a>\u00a02023<\/strong>.<\/p>\n\n\n\n<figure class=\"wp-block-embed is-type-video is-provider-youtube wp-block-embed-youtube wp-embed-aspect-16-9 wp-has-aspect-ratio\"><div class=\"wp-block-embed__wrapper\">\n<iframe loading=\"lazy\" title=\"Todos contra Ducati: MotoGP volta das f\u00e9rias em busca de algu\u00e9m que barre f\u00faria vermelha | GP \u00e0s 10\" width=\"500\" height=\"281\" src=\"https:\/\/www.youtube.com\/embed\/1QO6FXn23NI?feature=oembed\" frameborder=\"0\" allow=\"accelerometer; autoplay; clipboard-write; encrypted-media; gyroscope; picture-in-picture; web-share\" referrerpolicy=\"strict-origin-when-cross-origin\" allowfullscreen><\/iframe>\n<\/div><figcaption class=\"wp-element-caption\">Todos contra Ducati: MotoGP volta das f\u00e9rias em busca de desafiante<\/figcaption><\/figure>\n","protected":false},"excerpt":{"rendered":"<p>Diretor-esportivo da Ducati, Paolo Ciabatti reafirmou que \u00c1lex M\u00e1rquez ser\u00e1 mantido na Gresini, mas admitiu que a procura pela segunda vaga \u00e9 alta. Lugar hoje \u00e9 ocupado por Fabio Di Giannantonio, que n\u00e3o deve ser mantido<\/p>\n","protected":false},"author":0,"featured_media":1000682455,"comment_status":"closed","ping_status":"closed","sticky":false,"template":"","format":"standard","meta":{"42wp_featured_image_caption":"","42wp_featured_image_credits":"","42wp_featured_video":"","42wp_featured_image_hidden":false,"42wp_authors_list":[],"footnotes":""},"categories":[8],"tags":[5214,131,2276,25690,28285,3504,79,78,27538,33202,33200,33201,25819,29345,28766,33203,1688,26690,3632],"42wp_author":[47113],"class_list":["post-100514","post","type-post","status-publish","format-standard","has-post-thumbnail","hentry","category-motogp","tag-classificacao-motogp","tag-ducati","tag-fabio-di-giannantonio","tag-gra-bretanha","tag-grandepremio","tag-gresini","tag-moto-gp","tag-motogp","tag-motogp-2023","tag-motogp-2023-calendario","tag-motogp-calendario-2023","tag-motogp-classificacao-2023","tag-motogp-hoje","tag-motogp-horario","tag-motogp-standings","tag-onde-assistir-motogp-2023","tag-paolo-ciabatti","tag-pilotos-motogp","tag-silverstone","42wp_author-juliana-tesser"],"_links":{"self":[{"href":"https:\/\/grandepremio.com\/br\/wp-json\/wp\/v2\/posts\/100514","targetHints":{"allow":["GET"]}}],"collection":[{"href":"https:\/\/grandepremio.com\/br\/wp-json\/wp\/v2\/posts"}],"about":[{"href":"https:\/\/grandepremio.com\/br\/wp-json\/wp\/v2\/types\/post"}],"replies":[{"embeddable":true,"href":"https:\/\/grandepremio.com\/br\/wp-json\/wp\/v2\/comments?post=100514"}],"version-history":[{"count":0,"href":"https:\/\/grandepremio.com\/br\/wp-json\/wp\/v2\/posts\/100514\/revisions"}],"wp:featuredmedia":[{"embeddable":true,"href":"https:\/\/grandepremio.com\/br\/wp-json\/wp\/v2\/media\/1000682455"}],"wp:attachment":[{"href":"https:\/\/grandepremio.com\/br\/wp-json\/wp\/v2\/media?parent=100514"}],"wp:term":[{"taxonomy":"category","embeddable":true,"href":"https:\/\/grandepremio.com\/br\/wp-json\/wp\/v2\/categories?post=100514"},{"taxonomy":"post_tag","embeddable":true,"href":"https:\/\/grandepremio.com\/br\/wp-json\/wp\/v2\/tags?post=100514"},{"taxonomy":"42wp_author","embeddable":true,"href":"https:\/\/grandepremio.com\/br\/wp-json\/wp\/v2\/42wp_author?post=100514"}],"curies":[{"name":"wp","href":"https:\/\/api.w.org\/{rel}","templated":true}]}}