{"id":100518,"date":"2023-08-03T05:00:00","date_gmt":"2023-08-03T08:00:00","guid":{"rendered":"https:\/\/grandepremio.com\/br\/noticias\/como-esta-classificacao-campeonato-retomada-temporada-2023-motoe\/"},"modified":"2023-07-30T10:32:07","modified_gmt":"2023-07-30T13:32:07","slug":"como-esta-classificacao-campeonato-retomada-temporada-2023-motoe","status":"publish","type":"post","link":"https:\/\/grandepremio.com\/br\/motogp\/como-esta-classificacao-campeonato-retomada-temporada-2023-motoe\/","title":{"rendered":"Como est\u00e1 a classifica\u00e7\u00e3o do campeonato na retomada da temporada 2023 da MotoE"},"content":{"rendered":"\n<p class=\"wp-block-paragraph\">Assim como <strong>MotoGP<\/strong>, <strong>Moto2<\/strong> e <strong>Moto3<\/strong>, a <strong>MotoE <\/strong>volta das f\u00e9rias neste fim de semana, no GP da <strong>Gr\u00e3-Bretanha.<\/strong> Restando quatro etapas pela frente, <strong>Jordi Torres <\/strong>\u00e9 quem lidera o <strong>Mundial de Pilotos<\/strong>, com 144 pontos, oito a mais do que <strong>Matteo Ferrari<\/strong>, o segundo colocado.<\/p>\n\n\n\n<p class=\"wp-block-paragraph\"><strong>H\u00e9ctor Garz\u00f3 <\/strong>aparece na terceira posi\u00e7\u00e3o, diante de <strong>Randy Krummenacher <\/strong>e <strong>Mattia Casadei<\/strong>. <strong>Eric Granado<\/strong>, que perdeu a etapa de abertura da temporada por causa de um edema cerebral sofrido em um acidente no <strong>Mundial de Superbike<\/strong>, \u00e9 o sexto na tabela, 73 pontos atr\u00e1s do l\u00edder.<\/p>\n\n\n\n<figure class=\"wp-block-image size-large\"><img decoding=\"async\" src=\"https:\/\/www.grandepremio.com\/br\/wp-content\/uploads\/2023\/06\/Moto3-2023-Holanda-Assen-Sexta-Aspar-Jordi-Torres-1024x682.jpg\" alt=\"\" class=\"wp-image-699482\"\/><figcaption class=\"wp-element-caption\">Jordi Torres lidera a MotoE em meados da temporada (Foto: Divulga\u00e7\u00e3o\/MotoGP)<\/figcaption><\/figure>\n\n\n\n<p class=\"wp-block-paragraph\"><strong>\u25b6\ufe0f\u00a0Inscreva-se nos dois canais do GRANDE PR\u00caMIO no YouTube:\u00a0<a href=\"https:\/\/www.youtube.com\/channel\/UC9OlHEgxoaY6QY6nWPoiqQg?sub_confirmation=1\" target=\"_blank\" rel=\"noreferrer noopener\">GP<\/a>\u00a0|\u00a0<a href=\"https:\/\/www.youtube.com\/channel\/UC9csiS6q_C3C0FYhyr1rnFA?sub_confirmation=1\" target=\"_blank\" rel=\"noreferrer noopener\">GP2<\/a><\/strong><br><strong>\u25b6\ufe0f\u00a0<a href=\"https:\/\/www.twitch.tv\/grandepremio\" target=\"_blank\" rel=\"noreferrer noopener\">Conhe\u00e7a o canal do GRANDE PR\u00caMIO na Twitch clicando aqui!<\/a><\/strong><\/p>\n\n\n\n<p class=\"wp-block-paragraph\"><strong>Nicolas Spinelli<\/strong> surge em s\u00e9timo, \u00e0 frente de <strong>Kevin Zannoni<\/strong>, <strong>Alessandro Zaccone<\/strong>, <strong>Andrea Mantonavi<\/strong>, <strong>Kevin Mandredi<\/strong>, <strong>Hikari Okubo<\/strong>, <strong>Miquel Pons<\/strong>, <strong>Tito Rabat<\/strong>, <strong>Mika P\u00e9rez<\/strong>, <strong>Alessio Finello <\/strong>e <strong>Luca Salvadori<\/strong>. Com nove pontos, <strong>Mar\u00eda Herrera <\/strong>\u00e9 a \u00faltima colocada.<\/p>\n\n\n\n<figure class=\"wp-block-table\"><table><tbody><tr><td>&nbsp;<\/td><td>&nbsp;<\/td><td>&nbsp;<\/td><td>Poles<\/td><td>Vit\u00f3rias<\/td><td>Pontos<\/td><\/tr><tr><td>1<\/td><td>J TORRES<\/td><td>Aspar<\/td><td>&#8211;<\/td><td>&#8211;<\/td><td>144<\/td><\/tr><tr><td>2<\/td><td>M FERRARI<\/td><td>Gresini<\/td><td>&#8211;<\/td><td>&#8211;<\/td><td>136<\/td><\/tr><tr><td>3<\/td><td>H GARZ\u00d3<\/td><td>IntactGP<\/td><td>&#8211;<\/td><td>&#8211;<\/td><td>98<\/td><\/tr><tr><td>4<\/td><td>R KRUMMENACHER<\/td><td>IntactGP<\/td><td>&#8211;<\/td><td>&#8211;<\/td><td>98<\/td><\/tr><tr><td>5<\/td><td>M CASADEI<\/td><td>Pons<\/td><td>&#8211;<\/td><td>&nbsp;<\/td><td>89<\/td><\/tr><tr><td>6<\/td><td>E GRANADO<\/td><td>LCR<\/td><td>&#8211;<\/td><td>&#8211;<\/td><td>71<\/td><\/tr><tr><td>7<\/td><td>N SPINELLI<\/td><td>Pons<\/td><td>&#8211;<\/td><td>&#8211;<\/td><td>60<\/td><\/tr><tr><td>8<\/td><td>K ZANNONI<\/td><td>Sic58<\/td><td>&#8211;<\/td><td>&#8211;<\/td><td>60<\/td><\/tr><tr><td>9<\/td><td>A ZACCONE<\/td><td>Tech3<\/td><td>&#8211;<\/td><td>&#8211;<\/td><td>60<\/td><\/tr><tr><td>10<\/td><td>A MANTOVANI<\/td><td>RNF<\/td><td>&#8211;<\/td><td>&#8211;<\/td><td>59<\/td><\/tr><tr><td>11<\/td><td>K MANFREDI<\/td><td>Sic58<\/td><td>&#8211;<\/td><td>&#8211;<\/td><td>54<\/td><\/tr><tr><td>12<\/td><td>H OKUBO<\/td><td>Tech3<\/td><td>&#8211;<\/td><td>&#8211;<\/td><td>42<\/td><\/tr><tr><td>13<\/td><td>M PONS<\/td><td>LCR<\/td><td>&#8211;<\/td><td>&#8211;<\/td><td>40<\/td><\/tr><tr><td>14<\/td><td>T RABAT<\/td><td>Pramac<\/td><td>&#8211;<\/td><td>&#8211;<\/td><td>36<\/td><\/tr><tr><td>15<\/td><td>M P\u00c9REZ<\/td><td>RNF<\/td><td>&#8211;<\/td><td>&#8211;<\/td><td>21<\/td><\/tr><tr><td>16<\/td><td>A FINELLO<\/td><td>Gresini<\/td><td>&#8211;<\/td><td>&#8211;<\/td><td>20<\/td><\/tr><tr><td>17<\/td><td>L SALVADORI<\/td><td>Pramac<\/td><td>&#8211;<\/td><td>&#8211;<\/td><td>17<\/td><\/tr><tr><td>18<\/td><td>M HERRERA<\/td><td>Aspar<\/td><td>&#8211;<\/td><td>&#8211;<\/td><td>9<\/td><\/tr><\/tbody><\/table><\/figure>\n\n\n\n<p class=\"wp-block-paragraph\">A MotoE\u00a0volta \u00e0 ativa entre os dias 4 e 5 de agosto para o GP da\u00a0<strong>Gr\u00e3-Bretanha<\/strong>, em\u00a0<strong><a href=\"https:\/\/www.grandepremio.com\/br\/circuito\/silverstone\/\" target=\"_blank\" rel=\"noreferrer noopener\">Silverstone<\/a><\/strong>. O\u00a0<strong>GRANDE PR\u00caMIO<\/strong>\u00a0acompanha todas as atividades do\u00a0<strong>Mundial de\u00a0<a href=\"https:\/\/www.grandepremio.com\/motovelocidade\/\" target=\"_blank\" rel=\"noreferrer noopener\">Motovelocidade<\/a>\u00a02023<\/strong>.<\/p>\n\n\n\n<figure class=\"wp-block-embed is-type-video is-provider-youtube wp-block-embed-youtube wp-embed-aspect-16-9 wp-has-aspect-ratio\"><div class=\"wp-block-embed__wrapper\">\n<iframe loading=\"lazy\" title=\"Em crise, Honda pode perder Rins para Yamaha j\u00e1 em 2024 | GP \u00e0s 10\" width=\"500\" height=\"281\" src=\"https:\/\/www.youtube.com\/embed\/X8wHz9HM9Jo?feature=oembed\" frameborder=\"0\" allow=\"accelerometer; autoplay; clipboard-write; encrypted-media; gyroscope; picture-in-picture; web-share\" referrerpolicy=\"strict-origin-when-cross-origin\" allowfullscreen><\/iframe>\n<\/div><figcaption class=\"wp-element-caption\">Em crise, Honda pode perder Rins para Yamaha j\u00e1 em 2024<\/figcaption><\/figure>\n","protected":false},"excerpt":{"rendered":"<p>A MotoE volta \u00e0 ativa no GP da Gr\u00e3-Bretanha deste fim de semana com Jordi Torres na lideran\u00e7a do Mundial de Pilotos. Matteo Ferrari \u00e9 o segundo, com oito pontos de atraso. Eric Granado tem a sexta coloca\u00e7\u00e3o<\/p>\n","protected":false},"author":0,"featured_media":1000695920,"comment_status":"closed","ping_status":"closed","sticky":false,"template":"","format":"standard","meta":{"42wp_featured_image_caption":"","42wp_featured_image_credits":"","42wp_featured_video":"","42wp_featured_image_hidden":false,"42wp_authors_list":[],"footnotes":""},"categories":[8],"tags":[5214,286,25690,28285,1624,79,280,78,27538,33202,33200,33201,25819,29345,28766,33203,26690,3632],"42wp_author":[47113],"class_list":["post-100518","post","type-post","status-publish","format-standard","has-post-thumbnail","hentry","category-motogp","tag-classificacao-motogp","tag-eric-granado","tag-gra-bretanha","tag-grandepremio","tag-jordi-torres","tag-moto-gp","tag-motoe","tag-motogp","tag-motogp-2023","tag-motogp-2023-calendario","tag-motogp-calendario-2023","tag-motogp-classificacao-2023","tag-motogp-hoje","tag-motogp-horario","tag-motogp-standings","tag-onde-assistir-motogp-2023","tag-pilotos-motogp","tag-silverstone","42wp_author-juliana-tesser"],"_links":{"self":[{"href":"https:\/\/grandepremio.com\/br\/wp-json\/wp\/v2\/posts\/100518","targetHints":{"allow":["GET"]}}],"collection":[{"href":"https:\/\/grandepremio.com\/br\/wp-json\/wp\/v2\/posts"}],"about":[{"href":"https:\/\/grandepremio.com\/br\/wp-json\/wp\/v2\/types\/post"}],"replies":[{"embeddable":true,"href":"https:\/\/grandepremio.com\/br\/wp-json\/wp\/v2\/comments?post=100518"}],"version-history":[{"count":0,"href":"https:\/\/grandepremio.com\/br\/wp-json\/wp\/v2\/posts\/100518\/revisions"}],"wp:featuredmedia":[{"embeddable":true,"href":"https:\/\/grandepremio.com\/br\/wp-json\/wp\/v2\/media\/1000695920"}],"wp:attachment":[{"href":"https:\/\/grandepremio.com\/br\/wp-json\/wp\/v2\/media?parent=100518"}],"wp:term":[{"taxonomy":"category","embeddable":true,"href":"https:\/\/grandepremio.com\/br\/wp-json\/wp\/v2\/categories?post=100518"},{"taxonomy":"post_tag","embeddable":true,"href":"https:\/\/grandepremio.com\/br\/wp-json\/wp\/v2\/tags?post=100518"},{"taxonomy":"42wp_author","embeddable":true,"href":"https:\/\/grandepremio.com\/br\/wp-json\/wp\/v2\/42wp_author?post=100518"}],"curies":[{"name":"wp","href":"https:\/\/api.w.org\/{rel}","templated":true}]}}