{"id":100548,"date":"2023-08-01T12:33:50","date_gmt":"2023-08-01T15:33:50","guid":{"rendered":"https:\/\/grandepremio.com\/br\/noticias\/sophia-florsch-chega-7o-corrida-2-belgica-torna-1a-mulher-pontuar-f3\/"},"modified":"2023-08-01T13:22:06","modified_gmt":"2023-08-01T16:22:06","slug":"sophia-florsch-chega-7o-corrida-2-belgica-torna-1a-mulher-pontuar-f3","status":"publish","type":"post","link":"https:\/\/grandepremio.com\/br\/f3\/sophia-florsch-chega-7o-corrida-2-belgica-torna-1a-mulher-pontuar-f3\/","title":{"rendered":"Fl\u00f6rsch chega em 7\u00ba na corrida 2 na B\u00e9lgica e se torna 1\u00aa mulher a pontuar na F3"},"content":{"rendered":"\n<p class=\"wp-block-paragraph\"><a href=\"https:\/\/www.grandepremio.com\/br\/f3\/noticias\/florsch-celebra-primeiros-pontos-apos-boa-estrategia-f3-tomei-decisao-certa\/\" class=\"ek-link\">O s\u00e9timo lugar de <strong>Sophia Fl\u00f6rsch<\/strong> na corrida principal da rodada da <strong>B\u00e9lgica <\/strong>da <strong>F\u00f3rmula 3<\/strong><\/a>, realizada no \u00faltimo domingo (30), representou um marco para a pilota alem\u00e3. Pela primeira vez na hist\u00f3ria da categoria, uma mulher concluiu uma corrida na zona de pontua\u00e7\u00e3o.<\/p>\n\n\n\n<p class=\"wp-block-paragraph\">A prova belga teve um tempero a mais: a chuva, que caiu instantes antes o suficiente para deixar o asfalto \u00famido e criar um verdadeiro jogo de estrat\u00e9gias. Estaria suficientemente seco para apostar nos slicks ou o melhor seria partir para o stint inicial com os compostos para pista molhada?<\/p>\n\n\n\n<p class=\"wp-block-paragraph\"><strong>\u25b6\ufe0f\u00a0Inscreva-se nos dois canais do GRANDE PR\u00caMIO no YouTube:\u00a0<a href=\"https:\/\/www.youtube.com\/channel\/UC9OlHEgxoaY6QY6nWPoiqQg?sub_confirmation=1\" target=\"_blank\" rel=\"noreferrer noopener\">GP<\/a>\u00a0|\u00a0<a href=\"https:\/\/www.youtube.com\/channel\/UC9csiS6q_C3C0FYhyr1rnFA?sub_confirmation=1\" target=\"_blank\" rel=\"noreferrer noopener\">GP2<\/a><\/strong><br><strong>\u25b6\ufe0f\u00a0<a href=\"https:\/\/www.twitch.tv\/grandepremio\" target=\"_blank\" rel=\"noreferrer noopener\">Conhe\u00e7a o canal do GRANDE PR\u00caMIO na Twitch clicando aqui!<\/a><\/strong><\/p>\n\n\n\n<figure class=\"wp-block-image size-large\"><img decoding=\"async\" src=\"https:\/\/www.grandepremio.com\/br\/wp-content\/uploads\/2023\/07\/PHM-somou-os-primeiros-pontos-na-F3-apos-o-resultado-de-Florsch-Foto-F3-1024x576.jpg\" alt=\"\" class=\"wp-image-713973\"\/><figcaption class=\"wp-element-caption\">PHM somou os primeiros pontos na F3 ap\u00f3s o resultado de Fl\u00f6rsch (Foto: F3)<\/figcaption><\/figure>\n\n\n\n<p class=\"wp-block-paragraph\">Sophia, em 24\u00ba no grid, foi do grupo que optou pela bola de seguran\u00e7a, t\u00e1tica que se mostrou acertada, uma vez que todos os pilotos que largaram com pneus de faixa azul escalaram in\u00fameras posi\u00e7\u00f5es. J\u00e1 os que escolheram os de pista seca se seguravam para ao menos completar as 15 voltas previstas da prova.<\/p>\n\n\n\n<p class=\"wp-block-paragraph\">Ao fim, Sophia brigava pelo quinto posto com Seb\u00e1stian Montoya quando ambos foram superados por <strong>Caio Collet<\/strong>, que estava com slicks e viu o rendimento do carro melhorar absurdamente nas voltas finais, conforme o asfalto ia secando. Mesmo assim, a s\u00e9tima posi\u00e7\u00e3o foi hist\u00f3rica para a jovem de 22 anos.<\/p>\n\n\n\n<p class=\"wp-block-paragraph\">Ap\u00f3s a corrida, Fl\u00f6rsch aproveitou para agradecer o suporte da <strong>Alpine <\/strong>em v\u00eddeo divulgado nas redes sociais da equipe francesa da F1. &#8220;Estou muito feliz por conquistar meus primeiros pontos, agrade\u00e7o imensamente minha equipe, <strong>PHM<\/strong>, mas, obviamente, a Alpine e todo o programa pelo apoio&#8221;, ressaltou, dizendo, por fim, para todos aproveitarem as f\u00e9rias de ver\u00e3o.<\/p>\n\n\n\n<p class=\"wp-block-paragraph\">Em 2028, Sophia disputou a <strong>F3 Europeia<\/strong> \u2014 que n\u00e3o tem a ver com a F3 atual, que era chamada de GP3 antes da nomenclatura vigente \u2014 com a <strong>Van Amersfoort<\/strong> da quarta etapa em diante e tamb\u00e9m pontuou: foi na segunda corrida da rodada tripla da <strong>\u00c1ustria<\/strong>, ao terminar em d\u00e9cimo.<\/p>\n\n\n\n<figure class=\"wp-block-embed is-type-video is-provider-youtube wp-block-embed-youtube wp-embed-aspect-16-9 wp-has-aspect-ratio\"><div class=\"wp-block-embed__wrapper\">\n<iframe loading=\"lazy\" title=\"Algu\u00e9m pode vencer VERSTAPPEN na F1 de hoje em CONDI\u00c7\u00d5ES IGUAIS? | Paddock GP #340\" width=\"500\" height=\"281\" src=\"https:\/\/www.youtube.com\/embed\/RA_cOlnBO1s?feature=oembed\" frameborder=\"0\" allow=\"accelerometer; autoplay; clipboard-write; encrypted-media; gyroscope; picture-in-picture; web-share\" referrerpolicy=\"strict-origin-when-cross-origin\" allowfullscreen><\/iframe>\n<\/div><\/figure>\n","protected":false},"excerpt":{"rendered":"<p>Sophia Fl\u00f6rsch pontuou na corrida 2 da F3 na B\u00e9lgica, um feito para o automobilismo feminino. A jovem pilota agradeceu \u00e0 equipe PHM e tamb\u00e9m \u00e0 academia da Alpine pelo suporte<\/p>\n","protected":false},"author":0,"featured_media":1000714236,"comment_status":"closed","ping_status":"closed","sticky":false,"template":"","format":"standard","meta":{"42wp_featured_image_caption":"","42wp_featured_image_credits":"","42wp_featured_video":"","42wp_featured_image_hidden":false,"42wp_authors_list":[],"footnotes":""},"categories":[10],"tags":[20491,25062,29655,31948,1008,32564,8057,32563,1491,28285,35181,32749,35908,27138,108,35906,33331],"42wp_author":[47147],"class_list":["post-100548","post","type-post","status-publish","format-standard","has-post-thumbnail","hentry","category-f3","tag-alpine","tag-belgica","tag-calendario-f3","tag-classificacao-f3","tag-f3","tag-f3-2023","tag-formula-3","tag-formula-3-2023","tag-grande-premio","tag-grandepremio","tag-horarios-f3","tag-phm","tag-rodada-da-belgica","tag-sophia-florsch","tag-spa-francorchamps","tag-spa-francorchamps-2023","tag-temporada-2023-f3","42wp_author-luana-marino"],"_links":{"self":[{"href":"https:\/\/grandepremio.com\/br\/wp-json\/wp\/v2\/posts\/100548","targetHints":{"allow":["GET"]}}],"collection":[{"href":"https:\/\/grandepremio.com\/br\/wp-json\/wp\/v2\/posts"}],"about":[{"href":"https:\/\/grandepremio.com\/br\/wp-json\/wp\/v2\/types\/post"}],"replies":[{"embeddable":true,"href":"https:\/\/grandepremio.com\/br\/wp-json\/wp\/v2\/comments?post=100548"}],"version-history":[{"count":0,"href":"https:\/\/grandepremio.com\/br\/wp-json\/wp\/v2\/posts\/100548\/revisions"}],"wp:featuredmedia":[{"embeddable":true,"href":"https:\/\/grandepremio.com\/br\/wp-json\/wp\/v2\/media\/1000714236"}],"wp:attachment":[{"href":"https:\/\/grandepremio.com\/br\/wp-json\/wp\/v2\/media?parent=100548"}],"wp:term":[{"taxonomy":"category","embeddable":true,"href":"https:\/\/grandepremio.com\/br\/wp-json\/wp\/v2\/categories?post=100548"},{"taxonomy":"post_tag","embeddable":true,"href":"https:\/\/grandepremio.com\/br\/wp-json\/wp\/v2\/tags?post=100548"},{"taxonomy":"42wp_author","embeddable":true,"href":"https:\/\/grandepremio.com\/br\/wp-json\/wp\/v2\/42wp_author?post=100548"}],"curies":[{"name":"wp","href":"https:\/\/api.w.org\/{rel}","templated":true}]}}