{"id":100561,"date":"2023-08-01T04:30:00","date_gmt":"2023-08-01T07:30:00","guid":{"rendered":"https:\/\/grandepremio.com\/br\/noticias\/como-esta-classificacao-campeonato-retomada-temporada-2023-moto2\/"},"modified":"2023-07-31T17:15:50","modified_gmt":"2023-07-31T20:15:50","slug":"como-esta-classificacao-campeonato-retomada-temporada-2023-moto2","status":"publish","type":"post","link":"https:\/\/grandepremio.com\/br\/motogp\/como-esta-classificacao-campeonato-retomada-temporada-2023-moto2\/","title":{"rendered":"Como est\u00e1 a classifica\u00e7\u00e3o do campeonato na retomada da temporada 2023 da Moto2"},"content":{"rendered":"\n<p class=\"wp-block-paragraph\">A temporada <strong>2023 <\/strong>da <strong>Moto2 <\/strong>recome\u00e7a neste fim de semana com o GP da <strong>Gr\u00e3-Bretanha<\/strong>. No desembarque em <strong>Silverstone<\/strong>, a lideran\u00e7a do <strong>Mundial de Pilotos<\/strong> \u00e9 de <strong>Tony Arbolino<\/strong>, que somou 148 pontos na primeira fase do campeonato.<\/p>\n\n\n\n<p class=\"wp-block-paragraph\">Com oito pontos a menos do que Arbolino, <strong>Pedro Acosta <\/strong>surge com a segunda coloca\u00e7\u00e3o, diante de <strong>Jake Dixon<\/strong>, <strong>Alonso L\u00f3pez<\/strong>, <strong>Ar\u00f3n Canet<\/strong>, <strong>Filip Salac<\/strong>, <strong>Somkiat Chantra<\/strong>, <strong>Sam Lowes <\/strong>e <strong>Manuel Gonz\u00e1lez<\/strong>. <strong>Celestino Vietti<\/strong> fecha o o top-10 da classifica\u00e7\u00e3o.<\/p>\n\n\n\n<figure class=\"wp-block-image size-large\"><img decoding=\"async\" src=\"https:\/\/www.grandepremio.com\/br\/wp-content\/uploads\/2023\/04\/Moto2-2023-Argentina-Termas-de-Rio-Hondo-Domingo-Tony-Arbolino-1024x682.jpg\" alt=\"\" class=\"wp-image-669415\"\/><figcaption class=\"wp-element-caption\">Tony Arbolino tem a lideran\u00e7a da Moto2 em 2023 (Foto: Divulga\u00e7\u00e3o\/MotoGP)<\/figcaption><\/figure>\n\n\n\n<p class=\"wp-block-paragraph\"><strong>\u25b6\ufe0f\u00a0Inscreva-se nos dois canais do GRANDE PR\u00caMIO no YouTube:\u00a0<a href=\"https:\/\/www.youtube.com\/channel\/UC9OlHEgxoaY6QY6nWPoiqQg?sub_confirmation=1\" target=\"_blank\" rel=\"noreferrer noopener\">GP<\/a>\u00a0|\u00a0<a href=\"https:\/\/www.youtube.com\/channel\/UC9csiS6q_C3C0FYhyr1rnFA?sub_confirmation=1\" target=\"_blank\" rel=\"noreferrer noopener\">GP2<\/a><\/strong><br><strong>\u25b6\ufe0f\u00a0<a href=\"https:\/\/www.twitch.tv\/grandepremio\" target=\"_blank\" rel=\"noreferrer noopener\">Conhe\u00e7a o canal do GRANDE PR\u00caMIO na Twitch clicando aqui!<\/a><\/strong><\/p>\n\n\n\n<p class=\"wp-block-paragraph\">J\u00e1 99 pontos atr\u00e1s do ponteiro, <strong>Ferm\u00edn Aldeguer <\/strong>tem o 11\u00ba posto, seguido por <strong>Albert Arenas<\/strong>, <strong>Sergio Garcia<\/strong>, <strong>Ai Ogura<\/strong>, <strong>Barry Baltus<\/strong>, <strong>Jeremy Alcoba<\/strong>, <strong>Bo Bendsneyder<\/strong>, <strong>Joe Roberts<\/strong>, <strong>Darryn Binder<\/strong>, <strong>Dennis Foggia <\/strong>e <strong>Lukas Tulovic<\/strong>. 22\u00ba, <strong>Mattia Pasini <\/strong>\u00e9 o \u00faltimo piloto com pontos em 2023.<\/p>\n\n\n\n<figure class=\"wp-block-table\"><table><tbody><tr><td><strong>&nbsp;<\/strong><\/td><td><strong>&nbsp;<\/strong><\/td><td><strong>&nbsp;<\/strong><\/td><td>Poles<\/td><td>Vit\u00f3rias<\/td><td>Pontos<\/td><\/tr><tr><td><strong>1<\/strong><\/td><td>T ARBOLINO<\/td><td>Marc VDS Kalex<\/td><td>&#8211;<\/td><td>2<\/td><td>148<\/td><\/tr><tr><td><strong>2<\/strong><\/td><td>P ACOSTA<\/td><td>Red Bull KTM Ajo Kalex<\/td><td>1<\/td><td>4<\/td><td>140<\/td><\/tr><tr><td><strong>3<\/strong><\/td><td>J DIXON<\/td><td>Aspar Kalex<\/td><td>&#8211;<\/td><td>1<\/td><td>104<\/td><\/tr><tr><td><strong>4<\/strong><\/td><td>A L\u00d3PEZ<\/td><td>Speed UP Boscoscuro<\/td><td>2<\/td><td>&#8211;<\/td><td>92<\/td><\/tr><tr><td><strong>5<\/strong><\/td><td>A CANET<\/td><td>PONS Kalex<\/td><td>1<\/td><td>&#8211;<\/td><td>76<\/td><\/tr><tr><td><strong>6<\/strong><\/td><td>F SALAC<\/td><td>Gresini Kalex<\/td><td>1<\/td><td>&#8211;<\/td><td>72<\/td><\/tr><tr><td><strong>7<\/strong><\/td><td>S CHANTRA<\/td><td>Team Asia Kalex<\/td><td>&#8211;<\/td><td>&#8211;<\/td><td>59<\/td><\/tr><tr><td><strong>8<\/strong><\/td><td>S LOWES<\/td><td>Marc VDS Kalex<\/td><td>2<\/td><td>1<\/td><td>58<\/td><\/tr><tr><td><strong>9<\/strong><\/td><td>M GONZ\u00c1LEZ<\/td><td>VR46 Master Camp Kalex<\/td><td>&#8211;<\/td><td>&#8211;<\/td><td>52<\/td><\/tr><tr><td><strong>10<\/strong><\/td><td>C VIETTI<\/td><td>Fantic Kalex<\/td><td>1<\/td><td>&#8211;<\/td><td>51<\/td><\/tr><tr><td><strong>11<\/strong><\/td><td>F ALDEGUER<\/td><td>Speed UP Boscoscuro<\/td><td>&#8211;<\/td><td>&#8211;<\/td><td>49<\/td><\/tr><tr><td><strong>12<\/strong><\/td><td>A ARENAS<\/td><td>Red Bull KTM Ajo Kalex<\/td><td>&#8211;<\/td><td>&#8211;<\/td><td>41<\/td><\/tr><tr><td><strong>13<\/strong><\/td><td>S GARCIA<\/td><td>PONS Kalex<\/td><td>&#8211;<\/td><td>&#8211;<\/td><td>37<\/td><\/tr><tr><td><strong>14<\/strong><\/td><td>A OGURA<\/td><td>Team Asia Kalex<\/td><td>&#8211;<\/td><td>&#8211;<\/td><td>31<\/td><\/tr><tr><td><strong>15<\/strong><\/td><td>B BALTUS<\/td><td>RW Kalex<\/td><td>&#8211;<\/td><td>&#8211;<\/td><td>24<\/td><\/tr><tr><td><strong>16<\/strong><\/td><td>J ALCOBA<\/td><td>Gresini Kalex<\/td><td>&#8211;<\/td><td>&#8211;<\/td><td>23<\/td><\/tr><tr><td><strong>17<\/strong><\/td><td>B BENDSNEYDER<\/td><td>SAG Kalex<\/td><td>&#8211;<\/td><td>&#8211;<\/td><td>18<\/td><\/tr><tr><td><strong>18<\/strong><\/td><td>J ROBERTS<\/td><td>Italtrans Kalex<\/td><td>&#8211;<\/td><td>&#8211;<\/td><td>14<\/td><\/tr><tr><td><strong>19<\/strong><\/td><td>D BINDER<\/td><td>IntactGP Kalex<\/td><td>&#8211;<\/td><td>&#8211;<\/td><td>12<\/td><\/tr><tr><td><strong>20<\/strong><\/td><td>D FOGGIA<\/td><td>Italtrans Kalex<\/td><td>&#8211;<\/td><td>&#8211;<\/td><td>8<\/td><\/tr><tr><td><strong>21<\/strong><\/td><td>L TULOVIC<\/td><td>IntactGP Kalex<\/td><td>&#8211;<\/td><td>&#8211;<\/td><td>6<\/td><\/tr><tr><td><strong>22<\/strong><\/td><td>M PASINI<\/td><td>RW Kalex<\/td><td>&#8211;<\/td><td>&#8211;<\/td><td>5<\/td><\/tr><\/tbody><\/table><\/figure>\n\n\n\n<h3 class=\"wp-block-heading\">Mundial de Construtores<\/h3>\n\n\n\n<p class=\"wp-block-paragraph\">Na disputa entre as f\u00e1bricas, a <strong>Kalex <\/strong>nada tranquila. A construtora alem\u00e3 soma 200 pontos, contra 99 da <strong>Boscoscuro<\/strong>.<\/p>\n\n\n\n<figure class=\"wp-block-table\"><table><tbody><tr><td><strong>&nbsp;<\/strong><\/td><td><strong>&nbsp;<\/strong><\/td><td>Poles<\/td><td>Vit\u00f3rias<\/td><td>Pontos<\/td><\/tr><tr><td><strong>1<\/strong><\/td><td>Kalex<\/td><td>6<\/td><td>8<\/td><td>200<\/td><\/tr><tr><td><strong>2<\/strong><\/td><td>Boscoscuro<\/td><td>2<\/td><td>&#8211;<\/td><td>99<\/td><\/tr><\/tbody><\/table><\/figure>\n\n\n\n<h3 class=\"wp-block-heading\" id=\"h-mundial-de-equipes\">Mundial de Equipes<\/h3>\n\n\n\n<p class=\"wp-block-paragraph\">No duelo das equipes, a <strong>Marc VDS <\/strong>lidera com 206 pontos, 25 a mais do que a <strong>Red Bull KTM Ajo<\/strong>. <strong>Speed Up <\/strong>tem a terceira coloca\u00e7\u00e3o, diante de <strong>Pons<\/strong>, <strong>Aspar<\/strong>, <strong>Gresini<\/strong>, <strong>Team Asia<\/strong>, VR46 <strong>Mastercamp<\/strong>, <strong>Fantic<\/strong>, <strong>RW<\/strong>, <strong>Italtrans<\/strong>, <strong>SAG <\/strong>e <strong>IntactGP<\/strong>.<\/p>\n\n\n\n<figure class=\"wp-block-table\"><table><tbody><tr><td><strong>&nbsp;<\/strong><\/td><td><strong>&nbsp;<\/strong><\/td><td>Poles<\/td><td>Vit\u00f3rias<\/td><td>Pontos<\/td><\/tr><tr><td>1<\/td><td>MARC VDS Kalex<\/td><td>2<\/td><td>3<\/td><td>206<\/td><\/tr><tr><td>2<\/td><td>RED BULL KTM AJO Kalex<\/td><td>1<\/td><td>4<\/td><td>181<\/td><\/tr><tr><td>3<\/td><td>SPEED UP<\/td><td>2<\/td><td>&#8211;<\/td><td>141<\/td><\/tr><tr><td>4<\/td><td>PONS Kalex<\/td><td>1<\/td><td>&#8211;<\/td><td>113<\/td><\/tr><tr><td>5<\/td><td>ASPAR Kalex<\/td><td>&#8211;<\/td><td>1<\/td><td>104<\/td><\/tr><tr><td>6<\/td><td>GRESINI Kalex<\/td><td>1<\/td><td>&#8211;<\/td><td>95<\/td><\/tr><tr><td>7<\/td><td>TEAM ASIA Kalex<\/td><td>&#8211;<\/td><td>&#8211;<\/td><td>90<\/td><\/tr><tr><td>8<\/td><td>VR46 Master Camp Kalex<\/td><td>&#8211;<\/td><td>&#8211;<\/td><td>52<\/td><\/tr><tr><td>9<\/td><td>FANTIC Kalex<\/td><td>1<\/td><td>&#8211;<\/td><td>51<\/td><\/tr><tr><td>10<\/td><td>RW Kalex<\/td><td>&#8211;<\/td><td>&#8211;<\/td><td>24<\/td><\/tr><tr><td>11<\/td><td>ITALTRANS Kalex<\/td><td>&#8211;<\/td><td>&#8211;<\/td><td>22<\/td><\/tr><tr><td>12<\/td><td>SAG Kalex<\/td><td>&#8211;<\/td><td>&#8211;<\/td><td>18<\/td><\/tr><tr><td>13<\/td><td>INTACTGP Kalex<\/td><td>&#8211;<\/td><td>&#8211;<\/td><td>18<\/td><\/tr><\/tbody><\/table><\/figure>\n\n\n\n<p class=\"wp-block-paragraph\">A\u00a0<strong><a href=\"https:\/\/grandepremio.com\/motovelocidade\/\" target=\"_blank\" rel=\"noreferrer noopener\">MotoGP<\/a><\/strong>\u00a0volta \u00e0 ativa entre os dias 4 e 6 de agosto para o GP da\u00a0<strong>Gr\u00e3-Bretanha<\/strong>, em\u00a0<strong><a href=\"https:\/\/www.grandepremio.com\/br\/circuito\/silverstone\/\" target=\"_blank\" rel=\"noreferrer noopener\">Silverstone<\/a><\/strong>. O\u00a0<strong>GRANDE PR\u00caMIO<\/strong>\u00a0acompanha todas as atividades do\u00a0<strong>Mundial de\u00a0<a href=\"https:\/\/www.grandepremio.com\/motovelocidade\/\" target=\"_blank\" rel=\"noreferrer noopener\">Motovelocidade<\/a>\u00a02023<\/strong>.<\/p>\n\n\n\n<figure class=\"wp-block-embed is-type-video is-provider-youtube wp-block-embed-youtube wp-embed-aspect-16-9 wp-has-aspect-ratio\"><div class=\"wp-block-embed__wrapper\">\n<iframe loading=\"lazy\" title=\"Em crise, Honda pode perder Rins para Yamaha j\u00e1 em 2024 | GP \u00e0s 10\" width=\"500\" height=\"281\" src=\"https:\/\/www.youtube.com\/embed\/X8wHz9HM9Jo?feature=oembed\" frameborder=\"0\" allow=\"accelerometer; autoplay; clipboard-write; encrypted-media; gyroscope; picture-in-picture; web-share\" referrerpolicy=\"strict-origin-when-cross-origin\" allowfullscreen><\/iframe>\n<\/div><figcaption class=\"wp-element-caption\">Em crise, Honda pode perder Rins para Yamaha j\u00e1 em 2024<\/figcaption><\/figure>\n","protected":false},"excerpt":{"rendered":"<p>A Moto2 retoma a temporada 2023 com Tony Arbolino na lideran\u00e7a do Mundial de Pilotos, oito pontos \u00e0 frente de Pedro Acosta. Kalex domina o Mundial de Construtores, com  Marc VDS no comando da disputa de Equipes<\/p>\n","protected":false},"author":0,"featured_media":1000699570,"comment_status":"closed","ping_status":"closed","sticky":false,"template":"","format":"standard","meta":{"42wp_featured_image_caption":"","42wp_featured_image_credits":"","42wp_featured_video":"","42wp_featured_image_hidden":false,"42wp_authors_list":[],"footnotes":""},"categories":[8],"tags":[5214,28285,2267,2629,79,1930,78,27538,33202,33200,33201,25819,29345,28766,33203,27587,26690,2279],"42wp_author":[47113],"class_list":["post-100561","post","type-post","status-publish","format-standard","has-post-thumbnail","hentry","category-motogp","tag-classificacao-motogp","tag-grandepremio","tag-kalex","tag-marc-vds","tag-moto-gp","tag-moto2","tag-motogp","tag-motogp-2023","tag-motogp-2023-calendario","tag-motogp-calendario-2023","tag-motogp-classificacao-2023","tag-motogp-hoje","tag-motogp-horario","tag-motogp-standings","tag-onde-assistir-motogp-2023","tag-pedro-acosta","tag-pilotos-motogp","tag-tony-arbolino","42wp_author-juliana-tesser"],"_links":{"self":[{"href":"https:\/\/grandepremio.com\/br\/wp-json\/wp\/v2\/posts\/100561","targetHints":{"allow":["GET"]}}],"collection":[{"href":"https:\/\/grandepremio.com\/br\/wp-json\/wp\/v2\/posts"}],"about":[{"href":"https:\/\/grandepremio.com\/br\/wp-json\/wp\/v2\/types\/post"}],"replies":[{"embeddable":true,"href":"https:\/\/grandepremio.com\/br\/wp-json\/wp\/v2\/comments?post=100561"}],"version-history":[{"count":0,"href":"https:\/\/grandepremio.com\/br\/wp-json\/wp\/v2\/posts\/100561\/revisions"}],"wp:featuredmedia":[{"embeddable":true,"href":"https:\/\/grandepremio.com\/br\/wp-json\/wp\/v2\/media\/1000699570"}],"wp:attachment":[{"href":"https:\/\/grandepremio.com\/br\/wp-json\/wp\/v2\/media?parent=100561"}],"wp:term":[{"taxonomy":"category","embeddable":true,"href":"https:\/\/grandepremio.com\/br\/wp-json\/wp\/v2\/categories?post=100561"},{"taxonomy":"post_tag","embeddable":true,"href":"https:\/\/grandepremio.com\/br\/wp-json\/wp\/v2\/tags?post=100561"},{"taxonomy":"42wp_author","embeddable":true,"href":"https:\/\/grandepremio.com\/br\/wp-json\/wp\/v2\/42wp_author?post=100561"}],"curies":[{"name":"wp","href":"https:\/\/api.w.org\/{rel}","templated":true}]}}